{"id":16240,"date":"2019-02-09T16:48:50","date_gmt":"2019-02-09T13:48:50","guid":{"rendered":"http:\/\/www.tvturk.com\/index.php\/turkiyenin-ilk-kadin-sehit-pilotu-sehitlikte-anildi\/"},"modified":"2019-02-09T16:48:52","modified_gmt":"2019-02-09T13:48:52","slug":"turkiyenin-ilk-kadin-sehit-pilotu-sehitlikte-anildi","status":"publish","type":"post","link":"http:\/\/www.tvturk.com\/index.php\/turkiyenin-ilk-kadin-sehit-pilotu-sehitlikte-anildi\/","title":{"rendered":"T\u00fcrkiye\u2019nin ilk kad\u0131n \u015fehit pilotu \u015fehitlikte an\u0131ld\u0131"},"content":{"rendered":"<p>T\u00fcrkiye\u2019nin ilk \u015fehit kad\u0131n pilotu Ayfer G\u00f6k, \u015fehit olu\u015funun 18\u2019inci y\u0131l\u0131nda Burdur\u2019un Bucak il\u00e7esindeki mezar\u0131 ba\u015f\u0131nda an\u0131ld\u0131.<\/p>\n<p>T\u00fcrkiye\u2019nin ilk kad\u0131n \u015fehit pilotu olan Ayfer G\u00f6k \u015fehit olu\u015funun 18\u2019inci y\u0131l\u0131nda Bucak \u015eehitli\u011finde mezar\u0131 ba\u015f\u0131nda an\u0131ld\u0131. Anma t\u00f6reninde Kaymakam Yal\u00e7\u0131n Sezgin, \u015fehit pilot Ayfer G\u00f6k\u2019\u00fcn mezar\u0131na ve di\u011fer \u015fehitlerin mezarlar\u0131na karanfil koyarak dua okudu. Anma t\u00f6renine baz\u0131 resmi kurumlar\u0131n amir ve m\u00fcd\u00fcrleri ve \u015fehit pilot Ayfer G\u00f6k\u2019\u00fcn yak\u0131nlar\u0131 kat\u0131ld\u0131.<\/p>\n<p>Konya 3\u2019\u00fcnc\u00fc Ana Jet \u00dcss\u00fcnde g\u00f6rev yapan Ayfer G\u00f6k, 9 \u015eubat 2001 tarihinde F-5 u\u00e7a\u011f\u0131 ile e\u011fitim u\u00e7u\u015fu yaparken u\u00e7a\u011f\u0131n\u0131n irtifa kaybetmesi sonucu Konya\u2019n\u0131n Ermenek il\u00e7esinin Yunt Da\u011f\u0131 eteklerinde d\u00fc\u015fmesi sonucu \u015fehit olmu\u015ftu.<div class=\"tiled-gallery type-rectangular tiled-gallery-unresized\" data-original-width=\"500\" data-carousel-extra='null' itemscope itemtype=\"http:\/\/schema.org\/ImageGallery\" > <div class=\"gallery-row\" style=\"width: 500px; height: 334px;\" data-original-width=\"500\" data-original-height=\"334\" > <div class=\"gallery-group images-1\" style=\"width: 500px; height: 334px;\" data-original-width=\"500\" data-original-height=\"334\" > <div class=\"tiled-gallery-item tiled-gallery-item-large\" itemprop=\"associatedMedia\" itemscope itemtype=\"http:\/\/schema.org\/ImageObject\"> <a href=\"http:\/\/www.tvturk.com\/index.php\/turkiyenin-ilk-kadin-sehit-pilotu-sehitlikte-anildi\/turkiyenin-ilk-kadin-sehit-pilotu-sehitlikte-anildi-3\/\" border=\"0\" itemprop=\"url\"> <meta itemprop=\"width\" content=\"496\"> <meta itemprop=\"height\" content=\"330\"> <img decoding=\"async\" class=\"\" data-attachment-id=\"16242\" data-orig-file=\"http:\/\/www.tvturk.com\/wp-content\/uploads\/2019\/02\/turkiyenin-ilk-kadin-sehit-pilotu-sehitlikte-anildi_ca3559e.jpg\" data-orig-size=\"1000,666\" data-comments-opened=\"\" data-image-meta=\"{&quot;aperture&quot;:&quot;0&quot;,&quot;credit&quot;:&quot;IHA&quot;,&quot;camera&quot;:&quot;&quot;,&quot;caption&quot;:&quot;\\u015eEH\\u0130T TE\\u011eMEN 18 YILIINDA ANILDI (\\u0130HA\\\/BURDUR-\\u0130HA)&quot;,&quot;created_timestamp&quot;:&quot;0&quot;,&quot;copyright&quot;:&quot;\\u0130HLAS HABER AJANSI, www.iha.com.tr&quot;,&quot;focal_length&quot;:&quot;0&quot;,&quot;iso&quot;:&quot;0&quot;,&quot;shutter_speed&quot;:&quot;0&quot;,&quot;title&quot;:&quot;T\\u00dcRK\\u0130YE\\u2019N\\u0130N \\u0130LK KADIN \\u015eEH\\u0130T P\\u0130LOTU \\u015eEH\\u0130TL\\u0130KTE ANILDI&quot;,&quot;orientation&quot;:&quot;0&quot;}\" data-image-title=\"T\u00fcrkiye\u2019nin ilk kad\u0131n \u015fehit pilotu \u015fehitlikte an\u0131ld\u0131\" data-image-description=\"&lt;p&gt;T\u00fcrkiye\u2019nin ilk kad\u0131n \u015fehit pilotu \u015fehitlikte an\u0131ld\u0131&lt;\/p&gt; \" data-medium-file=\"https:\/\/i0.wp.com\/www.tvturk.com\/wp-content\/uploads\/2019\/02\/turkiyenin-ilk-kadin-sehit-pilotu-sehitlikte-anildi_ca3559e.jpg?fit=300%2C200\" data-large-file=\"https:\/\/i0.wp.com\/www.tvturk.com\/wp-content\/uploads\/2019\/02\/turkiyenin-ilk-kadin-sehit-pilotu-sehitlikte-anildi_ca3559e.jpg?fit=1000%2C666\" src=\"https:\/\/i0.wp.com\/www.tvturk.com\/wp-content\/uploads\/2019\/02\/turkiyenin-ilk-kadin-sehit-pilotu-sehitlikte-anildi_ca3559e.jpg?w=496&#038;h=330\" srcset=\"https:\/\/i0.wp.com\/www.tvturk.com\/wp-content\/uploads\/2019\/02\/turkiyenin-ilk-kadin-sehit-pilotu-sehitlikte-anildi_ca3559e.jpg?w=1000 1000w, https:\/\/i0.wp.com\/www.tvturk.com\/wp-content\/uploads\/2019\/02\/turkiyenin-ilk-kadin-sehit-pilotu-sehitlikte-anildi_ca3559e.jpg?resize=150%2C100 150w, https:\/\/i0.wp.com\/www.tvturk.com\/wp-content\/uploads\/2019\/02\/turkiyenin-ilk-kadin-sehit-pilotu-sehitlikte-anildi_ca3559e.jpg?resize=300%2C200 300w, https:\/\/i0.wp.com\/www.tvturk.com\/wp-content\/uploads\/2019\/02\/turkiyenin-ilk-kadin-sehit-pilotu-sehitlikte-anildi_ca3559e.jpg?resize=768%2C511 768w, https:\/\/i0.wp.com\/www.tvturk.com\/wp-content\/uploads\/2019\/02\/turkiyenin-ilk-kadin-sehit-pilotu-sehitlikte-anildi_ca3559e.jpg?resize=170%2C113 170w, https:\/\/i0.wp.com\/www.tvturk.com\/wp-content\/uploads\/2019\/02\/turkiyenin-ilk-kadin-sehit-pilotu-sehitlikte-anildi_ca3559e.jpg?resize=120%2C80 120w\" width=\"496\" height=\"330\" loading=\"lazy\" data-original-width=\"496\" data-original-height=\"330\" itemprop=\"http:\/\/schema.org\/image\" title=\"T\u00fcrkiye\u2019nin ilk kad\u0131n \u015fehit pilotu \u015fehitlikte an\u0131ld\u0131\" alt=\"T\u00fcrkiye\u2019nin ilk kad\u0131n \u015fehit pilotu \u015fehitlikte an\u0131ld\u0131\" style=\"width: 496px; height: 330px;\" \/> <\/a> <\/div> <\/div> <!-- close group --> <\/div> <!-- close row --> <\/div><\/p>\n","protected":false},"excerpt":{"rendered":"<p>BUCAK KAYMAKAMI VE BELED\u0130YE BA\u015eKAN VEK\u0130L\u0130 YAL\u00c7IN SEZG\u0130N \u015eEH\u0130T TE\u011eMENEN MEZARANI KARANF\u0130L KOYDU<\/p>\n","protected":false},"author":1,"featured_media":16241,"comment_status":"closed","ping_status":"open","sticky":false,"template":"","format":"standard","meta":{"jetpack_post_was_ever_published":false,"_jetpack_newsletter_access":"","_jetpack_dont_email_post_to_subs":false,"_jetpack_newsletter_tier_id":0,"_jetpack_memberships_contains_paywalled_content":false,"_jetpack_memberships_contains_paid_content":false,"footnotes":"","jetpack_publicize_message":"","jetpack_publicize_feature_enabled":true,"jetpack_social_post_already_shared":false,"jetpack_social_options":{"image_generator_settings":{"template":"highway","default_image_id":0,"font":"","enabled":false},"version":2}},"categories":[655],"tags":[241,37,108,7751,237,7752,177],"class_list":["post-16240","post","type-post","status-publish","format-standard","has-post-thumbnail","hentry","category-son-dakika","tag-anildi","tag-ilk","tag-kadin","tag-pilotu","tag-sehit","tag-sehitlikte","tag-turkiyenin"],"jetpack_publicize_connections":[],"jetpack_featured_media_url":"https:\/\/i0.wp.com\/www.tvturk.com\/wp-content\/uploads\/2019\/02\/turkiyenin-ilk-kadin-sehit-pilotu-sehitlikte-anildi_707d419.jpg?fit=1000%2C666","jetpack_sharing_enabled":true,"jetpack_shortlink":"https:\/\/wp.me\/paKIfm-4dW","_links":{"self":[{"href":"http:\/\/www.tvturk.com\/index.php\/wp-json\/wp\/v2\/posts\/16240","targetHints":{"allow":["GET"]}}],"collection":[{"href":"http:\/\/www.tvturk.com\/index.php\/wp-json\/wp\/v2\/posts"}],"about":[{"href":"http:\/\/www.tvturk.com\/index.php\/wp-json\/wp\/v2\/types\/post"}],"author":[{"embeddable":true,"href":"http:\/\/www.tvturk.com\/index.php\/wp-json\/wp\/v2\/users\/1"}],"replies":[{"embeddable":true,"href":"http:\/\/www.tvturk.com\/index.php\/wp-json\/wp\/v2\/comments?post=16240"}],"version-history":[{"count":1,"href":"http:\/\/www.tvturk.com\/index.php\/wp-json\/wp\/v2\/posts\/16240\/revisions"}],"predecessor-version":[{"id":16243,"href":"http:\/\/www.tvturk.com\/index.php\/wp-json\/wp\/v2\/posts\/16240\/revisions\/16243"}],"wp:featuredmedia":[{"embeddable":true,"href":"http:\/\/www.tvturk.com\/index.php\/wp-json\/wp\/v2\/media\/16241"}],"wp:attachment":[{"href":"http:\/\/www.tvturk.com\/index.php\/wp-json\/wp\/v2\/media?parent=16240"}],"wp:term":[{"taxonomy":"category","embeddable":true,"href":"http:\/\/www.tvturk.com\/index.php\/wp-json\/wp\/v2\/categories?post=16240"},{"taxonomy":"post_tag","embeddable":true,"href":"http:\/\/www.tvturk.com\/index.php\/wp-json\/wp\/v2\/tags?post=16240"}],"curies":[{"name":"wp","href":"https:\/\/api.w.org\/{rel}","templated":true}]}}