{"id":162468,"date":"2019-05-27T11:04:18","date_gmt":"2019-05-27T08:04:18","guid":{"rendered":"http:\/\/www.tvturk.com\/index.php\/ozel-dunyanin-8inci-harikasina-yogun-ilgi\/"},"modified":"2019-05-27T11:04:18","modified_gmt":"2019-05-27T08:04:18","slug":"ozel-dunyanin-8inci-harikasina-yogun-ilgi","status":"publish","type":"post","link":"http:\/\/www.tvturk.com\/index.php\/ozel-dunyanin-8inci-harikasina-yogun-ilgi\/","title":{"rendered":"(\u00d6zel) D\u00fcnyan\u0131n 8\u2019inci harikas\u0131na yo\u011fun ilgi"},"content":{"rendered":"<p>UNESCO\u2019nun D\u00fcnya K\u00fclt\u00fcr Miras\u0131 Listesi\u2019nde yer alan ve d\u00fcnyan\u0131n 8\u2019inci harikas\u0131 olarak bilinen Nemrut Da\u011f\u0131\u2019na yerli ve yabanc\u0131 turistler b\u00fcy\u00fck ilgi g\u00f6steriyor.<\/p>\n<p>2 bin 206 metre y\u00fckseklikte devasa heykellerin bulundu\u011fu Nemrut Da\u011f\u0131\u2019na, d\u00fcnyan\u0131n her k\u00f6\u015fesinden turistler gelmeye devam ediyor. Devasa heykelleri ile kendisine hayran b\u0131rakan Nemrut Da\u011f\u0131\u2019na ilgi her ge\u00e7en g\u00fcn daha da art\u0131yor. Bir\u00e7ok \u00fcnl\u00fc oyuncu ve sanat\u00e7\u0131n\u0131n da gelip gezdi\u011fi Nemrut Da\u011f\u0131\u2019nda metrelerce y\u00fckseklikte bulunan heykellerin yan\u0131 s\u0131ra g\u00fcn do\u011fumu ve bat\u0131m\u0131 da hayranl\u0131k uyand\u0131r\u0131yor.<\/p>\n<p>Nemrut Da\u011f\u0131\u2019na gelen K\u00fclt\u00fcr ve Turizm \u0130l M\u00fcd\u00fcr\u00fc Mustafa Ekici, &#8220;2018 y\u0131l\u0131n\u0131n Nisan ay\u0131nda 12 bin 800 turist Nemrut Da\u011f\u0131\u2019n\u0131 ziyaret ederken 2019 y\u0131l\u0131n\u0131n Nisan ay\u0131nda ise 20 bin turist ziyaret etti. 2018 y\u0131l\u0131n\u0131n turizm sezonunda 112 bin 800 turist Nemrut Da\u011f\u0131\u2019na \u00e7\u0131karak buray\u0131 gezerken 2019 y\u0131l\u0131n\u0131n turizm sezonunda ise 150 bin yerli ve yabanc\u0131 turistin gelmesi hedefleniyor&#8221; diye konu\u015ftu.<\/p>\n<p>Almanya\u2019n\u0131n M\u00fcnih \u015fehrinden gelen ve Nemrut Da\u011f\u0131\u2019n\u0131n muhte\u015fem bir yer oldu\u011funu s\u00f6yleyen Helmut Polt, \u201cYani hem gezimiz \u00e7ok g\u00fczel, hem bu da\u011f hem de hava \u00e7ok g\u00fczel. Keyifli ge\u00e7ti. Almanya M\u00fcnih\u2019ten geliyorum. Asl\u0131nda T\u00fcrkiye\u2019nin k\u00fclt\u00fcr\u00fc, tarihi ve Orta Do\u011fu\u2019nun k\u00fclt\u00fcr ile tarihi her zaman ilgimi \u00e7ekmi\u015ftir. Nemrut Da\u011f\u0131, \u00e7ok ilgin\u00e7 ve \u00e7ok eski bir tarih\u201d dedi.<\/p>\n<p>Nemrut Da\u011f\u0131\u2019na bundan sonra da gelmeyi d\u00fc\u015f\u00fcnd\u00fcklerini s\u00f6yleyen Serpil Erayd\u0131n ise \u201cUmar\u0131m bir daha geliriz \u00e7ok \u00e7ok be\u011fendim. K\u0131z\u0131mla birlikte \u0130stanbul\u2019dan geliyoruz. \u00c7ok be\u011fendim muhte\u015fem bir yer. Tabii ki buradaki heykeller dikkatimi \u00e7ekti. Ula\u015f\u0131m\u0131 muhte\u015fem, \u00e7ok do\u011fal \u015fartlarda \u00e7\u0131kt\u0131k \u00e7ok g\u00fczel\u201d diye konu\u015ftu.<\/p>\n","protected":false},"excerpt":{"rendered":"<p>UNESCO\u2019NUN D\u00dcNYA K\u00dcLT\u00dcR M\u0130RASI L\u0130STES\u0130NDE YER ALAN VE D\u00dcNYANIN 8. HAR\u0130KASI OLARAK B\u0130L\u0130NEN NEMRUT DA\u011eI\u2019NA, YERL\u0130 VE YABANCI TUR\u0130STLER B\u00dcY\u00dcK \u0130LG\u0130 G\u00d6STER\u0130YOR.<\/p>\n","protected":false},"author":1,"featured_media":162469,"comment_status":"closed","ping_status":"open","sticky":false,"template":"","format":"standard","meta":{"jetpack_post_was_ever_published":false,"_jetpack_newsletter_access":"","_jetpack_dont_email_post_to_subs":false,"_jetpack_newsletter_tier_id":0,"_jetpack_memberships_contains_paywalled_content":false,"_jetpack_memberships_contains_paid_content":false,"footnotes":"","jetpack_publicize_message":"","jetpack_publicize_feature_enabled":true,"jetpack_social_post_already_shared":true,"jetpack_social_options":{"image_generator_settings":{"template":"highway","default_image_id":0,"font":"","enabled":false},"version":2}},"categories":[1],"tags":[22641,1073,1197,38318,1726,2640],"class_list":["post-162468","post","type-post","status-publish","format-standard","has-post-thumbnail","hentry","category-genel","tag-8inci","tag-ozel","tag-dunyanin","tag-harikasina","tag-ilgi","tag-yogun"],"jetpack_publicize_connections":[],"jetpack_featured_media_url":"https:\/\/i0.wp.com\/www.tvturk.com\/wp-content\/uploads\/2019\/05\/ozel-dunyanin-8inci-harikasina-yogun-ilgi_ea18f00.jpg?fit=1000%2C666","jetpack_sharing_enabled":true,"jetpack_shortlink":"https:\/\/wp.me\/paKIfm-Ggs","_links":{"self":[{"href":"http:\/\/www.tvturk.com\/index.php\/wp-json\/wp\/v2\/posts\/162468","targetHints":{"allow":["GET"]}}],"collection":[{"href":"http:\/\/www.tvturk.com\/index.php\/wp-json\/wp\/v2\/posts"}],"about":[{"href":"http:\/\/www.tvturk.com\/index.php\/wp-json\/wp\/v2\/types\/post"}],"author":[{"embeddable":true,"href":"http:\/\/www.tvturk.com\/index.php\/wp-json\/wp\/v2\/users\/1"}],"replies":[{"embeddable":true,"href":"http:\/\/www.tvturk.com\/index.php\/wp-json\/wp\/v2\/comments?post=162468"}],"version-history":[{"count":0,"href":"http:\/\/www.tvturk.com\/index.php\/wp-json\/wp\/v2\/posts\/162468\/revisions"}],"wp:featuredmedia":[{"embeddable":true,"href":"http:\/\/www.tvturk.com\/index.php\/wp-json\/wp\/v2\/media\/162469"}],"wp:attachment":[{"href":"http:\/\/www.tvturk.com\/index.php\/wp-json\/wp\/v2\/media?parent=162468"}],"wp:term":[{"taxonomy":"category","embeddable":true,"href":"http:\/\/www.tvturk.com\/index.php\/wp-json\/wp\/v2\/categories?post=162468"},{"taxonomy":"post_tag","embeddable":true,"href":"http:\/\/www.tvturk.com\/index.php\/wp-json\/wp\/v2\/tags?post=162468"}],"curies":[{"name":"wp","href":"https:\/\/api.w.org\/{rel}","templated":true}]}}