{"id":16253,"date":"2019-02-09T16:50:54","date_gmt":"2019-02-09T13:50:54","guid":{"rendered":"http:\/\/www.tvturk.com\/index.php\/destici-afyonda\/"},"modified":"2019-02-09T16:50:56","modified_gmt":"2019-02-09T13:50:56","slug":"destici-afyonda","status":"publish","type":"post","link":"http:\/\/www.tvturk.com\/index.php\/destici-afyonda\/","title":{"rendered":"Destici, Afyon\u2019da"},"content":{"rendered":"<p>Afyonkarahisar\u2019da kat\u0131ld\u0131\u011f\u0131 de\u011ferlendirme toplant\u0131s\u0131nda konu\u015fan BBP Genel Ba\u015fkan\u0131 Mustafa Destici, hi\u00e7bir beklenti i\u00e7erisinde olmad\u0131klar\u0131n\u0131 belirterek, &#8220;Bizim ittifaka bir mecburiyetimiz yok. Biz sadece devletin bekas\u0131, milletin istiklali ve istikbali noktas\u0131nda hassasiyetimizi ortaya koyduk\u201d dedi.<\/p>\n<p>B\u00fcy\u00fck Birlik Partisi (BBP) Genel Ba\u015fkan\u0131 Mustafa Destici, Ege B\u00f6lgesi il ve il\u00e7e ba\u015fkanlar\u0131yla yerel se\u00e7im \u00e7al\u0131\u015fmalar\u0131n\u0131n de\u011ferlendirilece\u011fi toplant\u0131ya kat\u0131lmak i\u00e7in Afyonkarahisar\u2019a geldi. Bir termal otelde ger\u00e7ekle\u015ftirilen toplant\u0131ya il y\u00f6netim kurulu \u00fcyeleri, il\u00e7e y\u00f6netim kurulu \u00fcyeleri ve partililer kat\u0131ld\u0131. B\u00fcy\u00fck Birlik Partisi Genel Ba\u015fkan\u0131 Destici, toplant\u0131 ba\u015flamadan \u00f6nce gazetecilere a\u00e7\u0131klamalarda bulundu. Destici, toplant\u0131 sonunda kendisine y\u00f6neltilen sorular\u0131 da cevapland\u0131rd\u0131.<\/p>\n<p>Gazetecilerin, Cumhurba\u015fkan\u0131 Recep Tayyip Erdo\u011fan\u2019\u0131n Sivas\u2019ta B\u00fcy\u00fck Birlik Partisi\u2019ne kar\u015f\u0131 yapt\u0131\u011f\u0131 ele\u015ftiriler hakk\u0131ndaki d\u00fc\u015f\u00fcncelerinin sorulmas\u0131 \u00fczerine, Erdo\u011fan\u2019\u0131n rahats\u0131z oldu\u011fu baz\u0131 hususlar\u0131n oldu\u011funu s\u00f6yledi. Kendisinin de rahats\u0131z oldu\u011fu baz\u0131 durumlar\u0131n oldu\u011funu belirten Destici \u015f\u00f6yle devam etti:<\/p>\n<p>&#8220;Biliyorsunuz arkada\u015flar yapmak zordur bozmak \u00e7ok kolayd\u0131r. K\u0131rmak \u00e7ok kolayd\u0131r, tamir etmek \u00e7ok zordur. Onun i\u00e7in k\u0131rmamaya bozmamaya hassasiyet g\u00f6stermemiz gerekiyor. \u00d6zen g\u00f6stermemiz gerekiyor. Onun i\u00e7in biz k\u0131r\u0131lan bir \u015fey varsa da bozulan bir \u015fey varsa da bunun tamir ve tedavi noktas\u0131nda elimizden gelen b\u00fct\u00fcn hassasiyeti B\u00fcy\u00fck Birlik Partisi\u2019nin duru\u015funa yak\u0131\u015f\u0131r Alperen tavr\u0131yla biz bunu s\u00fcrd\u00fcr\u00fcr\u00fcz. D\u00fcn de say\u0131n \u00d6zhaseki ve say\u0131n Numan Kurtulmu\u015f ile g\u00f6r\u00fc\u015ft\u00fcm. Bug\u00fcn de arkada\u015flar\u0131m\u0131z say\u0131n \u00d6zhaseki ile bir araya geldi. Biz bir beklenti i\u00e7erisinde de\u011filiz. Bizim ittifaka bir mecburiyetimizde yok. Biz sadece devletin bekas\u0131, milletin istiklali ve istikbali noktas\u0131nda inan\u00e7lar\u0131m\u0131z noktas\u0131nda duru\u015fumuz noktas\u0131nda bir hassasiyet ortaya koyduk. Dolay\u0131s\u0131yla bu hassasiyetin bozulmamas\u0131 noktas\u0131nda da sonuna kadar elimizden gelen t\u00fcm gayreti g\u00f6sterece\u011fiz. Yeter ki yanl\u0131\u015f anla\u015f\u0131lmalar varsa, yanl\u0131\u015f bilgilendirmeler varsa bu yanl\u0131\u015f anla\u015f\u0131lmalar\u0131n yanl\u0131\u015f bilgilendirmelerin ortadan kald\u0131r\u0131lmas\u0131 noktas\u0131nda da elimizden gelen t\u00fcm gayreti g\u00f6steririz.\u201d<\/p>\n<p>&#8220;Biz 26 y\u0131ll\u0131k bir siyasi partiyiz&#8221;<\/p>\n<p>Kendilerinin hi\u00e7bir ittifaka mecburiyetlerinin olmad\u0131\u011f\u0131na dikkat \u00e7eken Destici, &#8220;Biz 26 y\u0131ll\u0131k bir siyasi partiyiz. Tecr\u00fcbeli bir siyasi partiyiz. Bizim hassasiyetimiz neydi. Biz devletimizin bekas\u0131, \u00fclkemizin b\u00fct\u00fcnl\u00fc\u011f\u00fc, milletimizin istiklalini ve istikbalini \u00f6nceleyerek bu hassasiyeti koyduk. Bu hassasiyetimizi koyarken de kimseyle bir pazarl\u0131k yapmad\u0131k. Bug\u00fcn de bizim tavr\u0131m\u0131z d\u00fc\u015f\u00fcncemiz ayn\u0131 \u015fekildedir. Biz do\u011fru bildi\u011fimiz yolda y\u00fcr\u00fcmeye ve ilerlemeye devam edece\u011fiz. Rahmetli Muhsin Ba\u015fkan\u0131m\u0131z\u0131n bir s\u00f6z\u00fc var. Biz haks\u0131z davalarda milyonlarla y\u00fcr\u00fcyece\u011fimize hakl\u0131 davalarda tek ba\u015f\u0131m\u0131z\u0131 da kalsak y\u00fcr\u00fcr\u00fcz\u201d dedi.<\/p>\n<p>Sivas\u2019\u0131n kendileri i\u00e7in \u00e7ok \u00f6zel ve \u00f6ncelikli bir il oldu\u011funu kaydeden Destici, &#8220;\u015eu anda gayet g\u00fczel bir \u015fekilde arkada\u015flar\u0131m\u0131z orada \u00e7al\u0131\u015fmalar\u0131n\u0131 y\u00fcr\u00fct\u00fcyorlar. \u00c7ok de\u011ferli tecr\u00fcbeli bir belediye ba\u015fkan aday\u0131m\u0131z var. \u0130n\u015fallah biz Sivas\u2019ta se\u00e7imi kazanaca\u011f\u0131z. Hizmete kald\u0131\u011f\u0131m\u0131z yerden devam edece\u011fiz. Zaten bizim Sivas\u2019ta 2009 ve 2014 aras\u0131 belediye ba\u015fkanl\u0131\u011f\u0131 bizde oldu\u011fu d\u00f6nemde orada konu\u015fan AK Parti\u2019sinden, Milliyet\u00e7i Hareket Partisi\u2019ne, Cumhuriyet Halk Partisi\u2019nden, Saadet Partisi\u2019ne, Alevi\u2019sinden S\u00fcnni\u2019sine hatta orada ya\u015fayan ermeni vatanda\u015flar\u0131na kadar. Orada ya\u015fayan herkes BBP d\u00f6neminde belediye y\u00f6netimi nas\u0131l \u015feffaf m\u0131yd\u0131, d\u00fcr\u00fcst m\u00fcyd\u00fc, do\u011fru muydu, insan haklar\u0131na sayg\u0131l\u0131 m\u0131yd\u0131. Herkesten alaca\u011f\u0131n\u0131z cevap a\u015fa\u011f\u0131 yukar\u0131 y\u00fczde 100 olumlu olacakt\u0131r. Biz Sivas\u2019ta \u015funu g\u00f6rd\u00fck. Sivas halk\u0131m\u0131z\u0131n vatanda\u015flar\u0131m\u0131z\u0131n karde\u015flerimizin o 2009-2014 aras\u0131 belediyecili\u011fe bir \u00f6zlemleri var. \u0130n\u015fallah bu se\u00e7imde onlar bu \u00f6zlemi giderecek. Biz in\u015fallah kald\u0131\u011f\u0131m\u0131z yerden hizmete devam edece\u011fiz\u201d diye konu\u015ftu.<div class=\"tiled-gallery type-rectangular tiled-gallery-unresized\" data-original-width=\"500\" data-carousel-extra='null' itemscope itemtype=\"http:\/\/schema.org\/ImageGallery\" > <div class=\"gallery-row\" style=\"width: 500px; height: 231px;\" data-original-width=\"500\" data-original-height=\"231\" > <div class=\"gallery-group images-1\" style=\"width: 345px; height: 231px;\" data-original-width=\"345\" data-original-height=\"231\" > <div class=\"tiled-gallery-item tiled-gallery-item-large\" itemprop=\"associatedMedia\" itemscope itemtype=\"http:\/\/schema.org\/ImageObject\"> <a href=\"http:\/\/www.tvturk.com\/index.php\/destici-afyonda\/destici-afyonda-3\/\" border=\"0\" itemprop=\"url\"> <meta itemprop=\"width\" content=\"341\"> <meta itemprop=\"height\" content=\"227\"> <img decoding=\"async\" class=\"\" data-attachment-id=\"16255\" data-orig-file=\"http:\/\/www.tvturk.com\/wp-content\/uploads\/2019\/02\/destici-afyonda_0dbc6e3.jpg\" data-orig-size=\"1000,664\" data-comments-opened=\"\" data-image-meta=\"{&quot;aperture&quot;:&quot;0&quot;,&quot;credit&quot;:&quot;IHA&quot;,&quot;camera&quot;:&quot;&quot;,&quot;caption&quot;:&quot;AFYONKARAH\\u0130SAR\\u2019DA KATILDI\\u011eI DE\\u011eERLEND\\u0130RME TOPLANTISINDA KONU\\u015eAN BBP GENEL BA\\u015eKANI MUSTAFA DEST\\u0130C\\u0130, H\\u0130\\u00c7B\\u0130R BEKLENT\\u0130 \\u0130\\u00c7ER\\u0130S\\u0130NDE OLMADIKLARINI BEL\\u0130RTEREK; \\u201cB\\u0130Z\\u0130M \\u0130TT\\u0130FAKA B\\u0130R MECBUR\\u0130YET\\u0130M\\u0130Z YOK. B\\u0130Z SADECE DEVLET\\u0130N BEKASI, M\\u0130LLET\\u0130N \\u0130ST\\u0130KLAL\\u0130 VE \\u0130ST\\u0130KBAL\\u0130 NOKTASINDA HASSAS\\u0130YET\\u0130M\\u0130Z\\u0130 ORTAYA KOYDUK\\u201d DED\\u0130. (\\u0130HA\\\/AFYONKARAH\\u0130SAR-\\u0130HA)&quot;,&quot;created_timestamp&quot;:&quot;0&quot;,&quot;copyright&quot;:&quot;\\u0130HLAS HABER AJANSI, www.iha.com.tr&quot;,&quot;focal_length&quot;:&quot;0&quot;,&quot;iso&quot;:&quot;0&quot;,&quot;shutter_speed&quot;:&quot;0&quot;,&quot;title&quot;:&quot;DEST\\u0130C\\u0130, AFYON\\u0027DA B\\u00dcY\\u00dcK B\\u0130RL\\u0130K PART\\u0130S\\u0130 GENEL BA\\u015eKANI MUSTAFA DEST\\u0130C\\u0130; \\u201cB\\u0130Z\\u0130M \\u0130TT\\u0130FAKA B\\u0130R MECBUR\\u0130YET\\u0130M\\u0130Z YOK, SADECE DEVLET\\u0130N BEKASI, M\\u0130LLET\\u0130N \\u0130ST\\u0130KLAL\\u0130 VE \\u0130ST\\u0130KBAL\\u0130 NOKTASINDA HASSAS\\u0130YET\\u0130M\\u0130Z\\u0130 ORTAYA KOYDUK\\u201d&quot;,&quot;orientation&quot;:&quot;0&quot;}\" data-image-title=\"Destici, Afyon\u2019da\" data-image-description=\"&lt;p&gt;Destici, Afyon\u2019da&lt;\/p&gt; \" data-medium-file=\"https:\/\/i0.wp.com\/www.tvturk.com\/wp-content\/uploads\/2019\/02\/destici-afyonda_0dbc6e3.jpg?fit=300%2C199\" data-large-file=\"https:\/\/i0.wp.com\/www.tvturk.com\/wp-content\/uploads\/2019\/02\/destici-afyonda_0dbc6e3.jpg?fit=1000%2C664\" src=\"https:\/\/i0.wp.com\/www.tvturk.com\/wp-content\/uploads\/2019\/02\/destici-afyonda_0dbc6e3.jpg?w=341&#038;h=227\" srcset=\"https:\/\/i0.wp.com\/www.tvturk.com\/wp-content\/uploads\/2019\/02\/destici-afyonda_0dbc6e3.jpg?w=1000 1000w, https:\/\/i0.wp.com\/www.tvturk.com\/wp-content\/uploads\/2019\/02\/destici-afyonda_0dbc6e3.jpg?resize=150%2C100 150w, https:\/\/i0.wp.com\/www.tvturk.com\/wp-content\/uploads\/2019\/02\/destici-afyonda_0dbc6e3.jpg?resize=300%2C200 300w, https:\/\/i0.wp.com\/www.tvturk.com\/wp-content\/uploads\/2019\/02\/destici-afyonda_0dbc6e3.jpg?resize=768%2C510 768w, https:\/\/i0.wp.com\/www.tvturk.com\/wp-content\/uploads\/2019\/02\/destici-afyonda_0dbc6e3.jpg?resize=170%2C113 170w, https:\/\/i0.wp.com\/www.tvturk.com\/wp-content\/uploads\/2019\/02\/destici-afyonda_0dbc6e3.jpg?resize=120%2C80 120w\" width=\"341\" height=\"227\" loading=\"lazy\" data-original-width=\"341\" data-original-height=\"227\" itemprop=\"http:\/\/schema.org\/image\" title=\"Destici, Afyon\u2019da\" alt=\"Destici, Afyon\u2019da\" style=\"width: 341px; height: 227px;\" \/> <\/a> <\/div> <\/div> <!-- close group --> <div class=\"gallery-group images-1\" style=\"width: 155px; height: 231px;\" data-original-width=\"155\" data-original-height=\"231\" > <div class=\"tiled-gallery-item tiled-gallery-item-small\" itemprop=\"associatedMedia\" itemscope itemtype=\"http:\/\/schema.org\/ImageObject\"> <a href=\"http:\/\/www.tvturk.com\/index.php\/destici-afyonda\/destici-afyonda-4\/\" border=\"0\" itemprop=\"url\"> <meta itemprop=\"width\" content=\"151\"> <meta itemprop=\"height\" content=\"227\"> <img decoding=\"async\" class=\"\" data-attachment-id=\"16256\" data-orig-file=\"http:\/\/www.tvturk.com\/wp-content\/uploads\/2019\/02\/destici-afyonda_db276f6.jpg\" data-orig-size=\"664,1000\" data-comments-opened=\"\" data-image-meta=\"{&quot;aperture&quot;:&quot;0&quot;,&quot;credit&quot;:&quot;IHA&quot;,&quot;camera&quot;:&quot;&quot;,&quot;caption&quot;:&quot;GENEL BA\\u015eKAN DEST\\u0130C\\u0130. (\\u0130HA\\\/AFYONKARAH\\u0130SAR-\\u0130HA)&quot;,&quot;created_timestamp&quot;:&quot;0&quot;,&quot;copyright&quot;:&quot;\\u0130HLAS HABER AJANSI, www.iha.com.tr&quot;,&quot;focal_length&quot;:&quot;0&quot;,&quot;iso&quot;:&quot;0&quot;,&quot;shutter_speed&quot;:&quot;0&quot;,&quot;title&quot;:&quot;DEST\\u0130C\\u0130, AFYON\\u0027DA B\\u00dcY\\u00dcK B\\u0130RL\\u0130K PART\\u0130S\\u0130 GENEL BA\\u015eKANI MUSTAFA DEST\\u0130C\\u0130; \\u201cB\\u0130Z\\u0130M \\u0130TT\\u0130FAKA B\\u0130R MECBUR\\u0130YET\\u0130M\\u0130Z YOK, SADECE DEVLET\\u0130N BEKASI, M\\u0130LLET\\u0130N \\u0130ST\\u0130KLAL\\u0130 VE \\u0130ST\\u0130KBAL\\u0130 NOKTASINDA HASSAS\\u0130YET\\u0130M\\u0130Z\\u0130 ORTAYA KOYDUK\\u201d&quot;,&quot;orientation&quot;:&quot;0&quot;}\" data-image-title=\"Destici, Afyon\u2019da\" data-image-description=\"&lt;p&gt;Destici, Afyon\u2019da&lt;\/p&gt; \" data-medium-file=\"https:\/\/i0.wp.com\/www.tvturk.com\/wp-content\/uploads\/2019\/02\/destici-afyonda_db276f6.jpg?fit=199%2C300\" data-large-file=\"https:\/\/i0.wp.com\/www.tvturk.com\/wp-content\/uploads\/2019\/02\/destici-afyonda_db276f6.jpg?fit=664%2C1000\" src=\"https:\/\/i0.wp.com\/www.tvturk.com\/wp-content\/uploads\/2019\/02\/destici-afyonda_db276f6.jpg?w=151&#038;h=227\" srcset=\"https:\/\/i0.wp.com\/www.tvturk.com\/wp-content\/uploads\/2019\/02\/destici-afyonda_db276f6.jpg?w=664 664w, https:\/\/i0.wp.com\/www.tvturk.com\/wp-content\/uploads\/2019\/02\/destici-afyonda_db276f6.jpg?resize=100%2C150 100w, https:\/\/i0.wp.com\/www.tvturk.com\/wp-content\/uploads\/2019\/02\/destici-afyonda_db276f6.jpg?resize=199%2C300 199w\" width=\"151\" height=\"227\" loading=\"lazy\" data-original-width=\"151\" data-original-height=\"227\" itemprop=\"http:\/\/schema.org\/image\" title=\"Destici, Afyon\u2019da\" alt=\"Destici, Afyon\u2019da\" style=\"width: 151px; height: 227px;\" \/> <\/a> <\/div> <\/div> <!-- close group --> <\/div> <!-- close row --> <\/div><\/p>\n","protected":false},"excerpt":{"rendered":"<p>AFYONKARAH\u0130SAR\u2019DA KATILDI\u011eI DE\u011eERLEND\u0130RME TOPLANTISINDA KONU\u015eAN BBP GENEL BA\u015eKANI MUSTAFA DEST\u0130C\u0130, H\u0130\u00c7B\u0130R BEKLENT\u0130 \u0130\u00c7ER\u0130S\u0130NDE OLMADIKLARINI BEL\u0130RTEREK; \u201cB\u0130Z\u0130M \u0130TT\u0130FAKA B\u0130R MECBUR\u0130YET\u0130M\u0130Z YOK. B\u0130Z SADECE DEVLET\u0130N BEKASI, M\u0130LLET\u0130N \u0130ST\u0130KLAL\u0130 VE \u0130ST\u0130KBAL\u0130 NOKTASINDA HASSAS\u0130YET\u0130M\u0130Z\u0130 ORTAYA KOYDUK\u201d DED\u0130.<\/p>\n","protected":false},"author":1,"featured_media":16254,"comment_status":"closed","ping_status":"open","sticky":false,"template":"","format":"standard","meta":{"jetpack_post_was_ever_published":false,"_jetpack_newsletter_access":"","_jetpack_dont_email_post_to_subs":false,"_jetpack_newsletter_tier_id":0,"_jetpack_memberships_contains_paywalled_content":false,"_jetpack_memberships_contains_paid_content":false,"footnotes":"","jetpack_publicize_message":"","jetpack_publicize_feature_enabled":true,"jetpack_social_post_already_shared":false,"jetpack_social_options":{"image_generator_settings":{"template":"highway","default_image_id":0,"font":"","enabled":false},"version":2}},"categories":[9],"tags":[7762,7761],"class_list":["post-16253","post","type-post","status-publish","format-standard","has-post-thumbnail","hentry","category-siyaset","tag-afyonda","tag-destici"],"jetpack_publicize_connections":[],"jetpack_featured_media_url":"https:\/\/i0.wp.com\/www.tvturk.com\/wp-content\/uploads\/2019\/02\/destici-afyonda_1070e57.jpg?fit=1000%2C664","jetpack_sharing_enabled":true,"jetpack_shortlink":"https:\/\/wp.me\/paKIfm-4e9","_links":{"self":[{"href":"http:\/\/www.tvturk.com\/index.php\/wp-json\/wp\/v2\/posts\/16253","targetHints":{"allow":["GET"]}}],"collection":[{"href":"http:\/\/www.tvturk.com\/index.php\/wp-json\/wp\/v2\/posts"}],"about":[{"href":"http:\/\/www.tvturk.com\/index.php\/wp-json\/wp\/v2\/types\/post"}],"author":[{"embeddable":true,"href":"http:\/\/www.tvturk.com\/index.php\/wp-json\/wp\/v2\/users\/1"}],"replies":[{"embeddable":true,"href":"http:\/\/www.tvturk.com\/index.php\/wp-json\/wp\/v2\/comments?post=16253"}],"version-history":[{"count":1,"href":"http:\/\/www.tvturk.com\/index.php\/wp-json\/wp\/v2\/posts\/16253\/revisions"}],"predecessor-version":[{"id":16257,"href":"http:\/\/www.tvturk.com\/index.php\/wp-json\/wp\/v2\/posts\/16253\/revisions\/16257"}],"wp:featuredmedia":[{"embeddable":true,"href":"http:\/\/www.tvturk.com\/index.php\/wp-json\/wp\/v2\/media\/16254"}],"wp:attachment":[{"href":"http:\/\/www.tvturk.com\/index.php\/wp-json\/wp\/v2\/media?parent=16253"}],"wp:term":[{"taxonomy":"category","embeddable":true,"href":"http:\/\/www.tvturk.com\/index.php\/wp-json\/wp\/v2\/categories?post=16253"},{"taxonomy":"post_tag","embeddable":true,"href":"http:\/\/www.tvturk.com\/index.php\/wp-json\/wp\/v2\/tags?post=16253"}],"curies":[{"name":"wp","href":"https:\/\/api.w.org\/{rel}","templated":true}]}}