{"id":162532,"date":"2019-05-27T12:29:18","date_gmt":"2019-05-27T09:29:18","guid":{"rendered":"http:\/\/www.tvturk.com\/index.php\/hashas-tarlalari-beyaz-ve-mor-ciceklere-burundu\/"},"modified":"2019-05-27T12:29:18","modified_gmt":"2019-05-27T09:29:18","slug":"hashas-tarlalari-beyaz-ve-mor-ciceklere-burundu","status":"publish","type":"post","link":"http:\/\/www.tvturk.com\/index.php\/hashas-tarlalari-beyaz-ve-mor-ciceklere-burundu\/","title":{"rendered":"Ha\u015fha\u015f tarlalar\u0131 beyaz ve mor \u00e7i\u00e7eklere b\u00fcr\u00fcnd\u00fc"},"content":{"rendered":"<p>Afyonkarahisar\u2019\u0131n Sand\u0131kl\u0131 il\u00e7esinde ekimi yap\u0131lan ve \u00f6nemli ge\u00e7im kaynaklar\u0131ndan biri olan siyah ve beyaz ha\u015fha\u015f\u0131n hasat zaman\u0131 yakla\u015ft\u0131. Ha\u015fha\u015f tarlalar\u0131 beyaz ve mor \u00e7i\u00e7eklere b\u00fcr\u00fcn\u00fcrken, \u00fcretici bu y\u0131l hava \u015fartlar\u0131n\u0131n olumlu ge\u00e7mesi nedeni ile \u00fcr\u00fcnlerden memnun.<\/p>\n<p>Sand\u0131kl\u0131 b\u00f6lgesinde merkez ve 30 mahalle civar\u0131nda ha\u015fha\u015f \u00fcretimi yap\u0131l\u0131yor. Ha\u015fha\u015f bitkisinin tohumundan, ha\u015fha\u015f ya\u011f\u0131 ve hamurlarda kullan\u0131lan bitkinin kaps\u00fcl olarak adland\u0131r\u0131lan d\u0131\u015f kabu\u011fu ise devlet taraf\u0131ndan al\u0131m\u0131 yap\u0131larak ila\u00e7 sanayinde kullan\u0131l\u0131yor.<\/p>\n<p>Hem tohumunun hem de kabu\u011funun ekonomik de\u011feri olan ha\u015fha\u015f bitkisi hakk\u0131nda bilgi veren Sorkun K\u00f6y\u00fc \u00fcreticilerinden Mevl\u00fct Tun\u00e7, \u201cAfyonkarahisar\u2019\u0131m\u0131z\u0131n simgesi olan ha\u015fha\u015flar\u0131m\u0131z \u00e7i\u00e7ek a\u00e7m\u0131\u015f durumda. Bu a\u00e7an \u00e7i\u00e7ekler ile birlikte Afyonkarahisar\u2019\u0131m\u0131z\u0131n k\u00f6yleri ayn\u0131 zamanda Afyonsporun renkleri olan mor ve beyaza b\u00fcr\u00fcnm\u00fc\u015f durumda. Her y\u0131l bu d\u00f6nemde Afyonlar yani ha\u015fha\u015flar \u00e7i\u00e7ek a\u00e7maktad\u0131r. Beyaz ha\u015fha\u015f\u0131n \u00e7i\u00e7ekleri beyaz renkte, siyah ha\u015fha\u015f\u0131n \u00e7i\u00e7ekleri de mor renkte a\u00e7maktad\u0131r. Her y\u0131l May\u0131s\u2019\u0131n 15\u2019i ile Haziran\u2019\u0131n 10\u2019u aras\u0131nda ha\u015fha\u015f eken b\u00f6lgeler beyaza b\u00fcr\u00fcn\u00fcr. Bu b\u00f6lgeye gelen misafirlerimiz de s\u0131k s\u0131k hat\u0131ra foto\u011fraf\u0131 \u00e7ekmektedir. Ben bu y\u0131l 10 d\u00f6n\u00fcm ha\u015fha\u015f ektim. Hava \u015fartlar\u0131 ve ya\u011f\u0131\u015f nedeni ile verim y\u00fcksek g\u00f6r\u00fcn\u00fcyor\u201d dedi.<\/p>\n","protected":false},"excerpt":{"rendered":"<p>SANDIKLI B\u00d6LGES\u0130NDE HA\u015eHA\u015e \u00dcRET\u0130C\u0130S\u0130 REKOLTEDEN MEMNUN<\/p>\n","protected":false},"author":1,"featured_media":162533,"comment_status":"closed","ping_status":"open","sticky":false,"template":"","format":"standard","meta":{"jetpack_post_was_ever_published":false,"_jetpack_newsletter_access":"","_jetpack_dont_email_post_to_subs":false,"_jetpack_newsletter_tier_id":0,"_jetpack_memberships_contains_paywalled_content":false,"_jetpack_memberships_contains_paid_content":false,"footnotes":"","jetpack_publicize_message":"","jetpack_publicize_feature_enabled":true,"jetpack_social_post_already_shared":true,"jetpack_social_options":{"image_generator_settings":{"template":"highway","default_image_id":0,"font":"","enabled":false},"version":2}},"categories":[1],"tags":[818,5132,38347,21256,9982,25892],"class_list":["post-162532","post","type-post","status-publish","format-standard","has-post-thumbnail","hentry","category-genel","tag-beyaz","tag-burundu","tag-ciceklere","tag-hashas","tag-mor","tag-tarlalari"],"jetpack_publicize_connections":[],"jetpack_featured_media_url":"https:\/\/i0.wp.com\/www.tvturk.com\/wp-content\/uploads\/2019\/05\/hashas-tarlalari-beyaz-ve-mor-ciceklere-burundu_bce66e4.jpg?fit=1000%2C664","jetpack_sharing_enabled":true,"jetpack_shortlink":"https:\/\/wp.me\/paKIfm-Ghu","_links":{"self":[{"href":"http:\/\/www.tvturk.com\/index.php\/wp-json\/wp\/v2\/posts\/162532","targetHints":{"allow":["GET"]}}],"collection":[{"href":"http:\/\/www.tvturk.com\/index.php\/wp-json\/wp\/v2\/posts"}],"about":[{"href":"http:\/\/www.tvturk.com\/index.php\/wp-json\/wp\/v2\/types\/post"}],"author":[{"embeddable":true,"href":"http:\/\/www.tvturk.com\/index.php\/wp-json\/wp\/v2\/users\/1"}],"replies":[{"embeddable":true,"href":"http:\/\/www.tvturk.com\/index.php\/wp-json\/wp\/v2\/comments?post=162532"}],"version-history":[{"count":0,"href":"http:\/\/www.tvturk.com\/index.php\/wp-json\/wp\/v2\/posts\/162532\/revisions"}],"wp:featuredmedia":[{"embeddable":true,"href":"http:\/\/www.tvturk.com\/index.php\/wp-json\/wp\/v2\/media\/162533"}],"wp:attachment":[{"href":"http:\/\/www.tvturk.com\/index.php\/wp-json\/wp\/v2\/media?parent=162532"}],"wp:term":[{"taxonomy":"category","embeddable":true,"href":"http:\/\/www.tvturk.com\/index.php\/wp-json\/wp\/v2\/categories?post=162532"},{"taxonomy":"post_tag","embeddable":true,"href":"http:\/\/www.tvturk.com\/index.php\/wp-json\/wp\/v2\/tags?post=162532"}],"curies":[{"name":"wp","href":"https:\/\/api.w.org\/{rel}","templated":true}]}}