{"id":162625,"date":"2019-05-27T14:10:16","date_gmt":"2019-05-27T11:10:16","guid":{"rendered":"http:\/\/www.tvturk.com\/index.php\/yozgat-bozok-universitesinde-rektorluk-devir-teslim-toreni-yapildi\/"},"modified":"2019-05-27T14:10:16","modified_gmt":"2019-05-27T11:10:16","slug":"yozgat-bozok-universitesinde-rektorluk-devir-teslim-toreni-yapildi","status":"publish","type":"post","link":"http:\/\/www.tvturk.com\/index.php\/yozgat-bozok-universitesinde-rektorluk-devir-teslim-toreni-yapildi\/","title":{"rendered":"Yozgat Bozok \u00dcniversitesi\u2019nde rekt\u00f6rl\u00fck devir teslim t\u00f6reni yap\u0131ld\u0131"},"content":{"rendered":"<p>Yozgat Bozok \u00dcniversitesi Rekt\u00f6rl\u00fc\u011f\u00fc g\u00f6revine atanan Prof. Dr. Ahmet Karada\u011f, d\u00fczenlenen t\u00f6renle g\u00f6revi Prof. Dr. Salih Karacabey\u2019den devrald\u0131.<\/p>\n<p>Yozgat Bozok \u00dcniversitesi Rekt\u00f6rl\u00fck binas\u0131nda d\u00fczenlenen devir teslim t\u00f6renine \u00fcniversite dekanlar\u0131, \u00f6\u011fretim elemanlar\u0131 ve \u00e7ok say\u0131da idari personel kat\u0131ld\u0131.<\/p>\n<p>Yozgat Bozok \u00dcniversitesi olarak yeni bir d\u00f6neme girdiklerini ve bu ataman\u0131n bir n\u00f6bet de\u011fi\u015fimi oldu\u011funu s\u00f6yleyen Rekt\u00f6r Prof. Dr. Ahmet Karada\u011f, bu n\u00f6bet de\u011fi\u015fiminin \u00fclkeye, b\u00f6lgeye, Yozgat\u2019a ve Bozok \u00dcniversitesine hay\u0131rlar getirmesi temennisinde bulundu. Karada\u011f, \u201cRekt\u00f6rl\u00fck makam\u0131n\u0131 devrald\u0131\u011f\u0131m bu andan itibaren \u00fcniversitemizi ekip ruhuyla, adalet ve ehliyet merkezli bir kat\u0131l\u0131mc\u0131 y\u00f6netim anlay\u0131\u015f\u0131yla \u00e7ok daha iyi bir noktaya getirmek i\u00e7in \u00e7al\u0131\u015faca\u011f\u0131m. \u015eahs\u0131ma takdir edilen bu g\u00f6revin y\u00fcklemi\u015f oldu\u011fu a\u011f\u0131r sorumluluklar\u0131n fark\u0131nday\u0131m. \u00d6n\u00fcm\u00fczdeki d\u00f6nemde, hedefimiz, Yozgat Bozok \u00fcniversitemizi \u201cmarka \u00fcniversite\u201d yapmakt\u0131r. \u00dcniversitemizi \u00f6nce T\u00fcrkiye\u2019nin en iyi \u00fcniversitelerinden biri, sonra d\u00fcnya \u00e7ap\u0131nda sayg\u0131 duyulan, \u00f6rnek g\u00f6sterilen bir bilim yuvas\u0131 haline getirmek gayesinde olaca\u011f\u0131z. Yapt\u0131\u011f\u0131m\u0131z ara\u015ft\u0131rma \u00e7al\u0131\u015fmalar\u0131yla, yeti\u015ftirdi\u011fimiz \u00f6\u011frencilerle, topluma sa\u011flad\u0131\u011f\u0131m\u0131z katk\u0131yla ve olu\u015fturaca\u011f\u0131m\u0131z pozitif etkiyle, di\u011fer kurumlara da \u00f6nc\u00fc olmay\u0131 ama\u00e7l\u0131yoruz\u201d dedi.<\/p>\n<p>\u00dcniversitelerin \u015fehirden kopuk olamayaca\u011f\u0131n\u0131 da dile getiren Rekt\u00f6r Prof. Dr. Ahmet Karada\u011f, \u201cYozgat\u2019\u0131m\u0131z\u0131 \u201cmarka \u015fehir\u201d yapmak i\u00e7in halk\u0131n ve kentin sorunlar\u0131na duyarl\u0131 bir kurum olaca\u011f\u0131z. Ses getiren, yol g\u00f6sterici projelerimizi birlikte hayata ge\u00e7irece\u011fiz. Toplumla i\u00e7 i\u00e7e olaca\u011f\u0131z. Sivil toplum \u00f6rg\u00fctlerimizle, sanayicimizle, esnaf\u0131m\u0131zla, \u00e7ift\u00e7imizle, gen\u00e7lerimizle, kad\u0131nlar\u0131m\u0131zla i\u015fbirli\u011fi ve ileti\u015fim i\u00e7inde olarak in\u015fallah \u00fcniversitemizi \u00e7ok daha ileriye, \u00e7ok daha g\u00fczele hep birlikte ta\u015f\u0131yaca\u011f\u0131z. Bozok \u00dcniversitesi\u2019ni T\u00fcrkiye\u2019de ve yurtd\u0131\u015f\u0131nda hep birlikte y\u00fckselen bir de\u011fer haline getirmek i\u00e7in \u00e7ok \u00e7al\u0131\u015faca\u011f\u0131z. \u00dcniversitemizi bug\u00fcnlere ta\u015f\u0131yan emeklerini asla unutamayaca\u011f\u0131m\u0131z, daima minnet ve \u015f\u00fckranla y\u00e2d edece\u011fimiz ba\u015fta Rekt\u00f6r Prof. Dr. Say\u0131n Salih Karacabey olmak \u00fczere \u00fcniversitemizi kuruldu\u011fu g\u00fcnden bug\u00fcnlere getiren, yap\u0131lan hizmetlerde eme\u011fi ge\u00e7en herkese i\u00e7ten te\u015fekk\u00fcrlerimi sunuyorum\u201d \u015feklinde konu\u015ftu.<\/p>\n<p>Prof. Dr. Salih Karacabey ise rekt\u00f6r atamas\u0131n\u0131n Yozgat\u2019a ve \u00fcniversiteye hay\u0131rl\u0131 olmas\u0131 dileklerinde bulunarak Rekt\u00f6r Prof. Dr. Ahmet Karada\u011f\u2019a g\u00f6revinde ba\u015far\u0131lar diledi. Prof. Dr. Salih Karacabey, d\u00fczenlenen t\u00f6renin ard\u0131ndan akademik ve idari personel ile vedala\u015farak Yozgat\u2019tan ayr\u0131ld\u0131.<\/p>\n","protected":false},"excerpt":{"rendered":"<p>YOZGAT BOZOK \u00dcN\u0130VERS\u0130TES\u0130\u2019NDE REKT\u00d6R DEV\u0130R TESL\u0130M T\u00d6REN\u0130 YAPILDI.<\/p>\n","protected":false},"author":1,"featured_media":162626,"comment_status":"closed","ping_status":"open","sticky":false,"template":"","format":"standard","meta":{"jetpack_post_was_ever_published":false,"_jetpack_newsletter_access":"","_jetpack_dont_email_post_to_subs":false,"_jetpack_newsletter_tier_id":0,"_jetpack_memberships_contains_paywalled_content":false,"_jetpack_memberships_contains_paid_content":false,"footnotes":"","jetpack_publicize_message":"","jetpack_publicize_feature_enabled":true,"jetpack_social_post_already_shared":true,"jetpack_social_options":{"image_generator_settings":{"template":"highway","default_image_id":0,"font":"","enabled":false},"version":2}},"categories":[1],"tags":[36214,168,38378,169,187,1889,117,17781],"class_list":["post-162625","post","type-post","status-publish","format-standard","has-post-thumbnail","hentry","category-genel","tag-bozok","tag-devir","tag-rektorluk","tag-teslim","tag-toreni","tag-universitesinde","tag-yapildi","tag-yozgat"],"jetpack_publicize_connections":[],"jetpack_featured_media_url":"https:\/\/i0.wp.com\/www.tvturk.com\/wp-content\/uploads\/2019\/05\/yozgat-bozok-universitesinde-rektorluk-devir-teslim-toreni-yapildi_8659cfc.jpg?fit=1000%2C666","jetpack_sharing_enabled":true,"jetpack_shortlink":"https:\/\/wp.me\/paKIfm-GiZ","_links":{"self":[{"href":"http:\/\/www.tvturk.com\/index.php\/wp-json\/wp\/v2\/posts\/162625","targetHints":{"allow":["GET"]}}],"collection":[{"href":"http:\/\/www.tvturk.com\/index.php\/wp-json\/wp\/v2\/posts"}],"about":[{"href":"http:\/\/www.tvturk.com\/index.php\/wp-json\/wp\/v2\/types\/post"}],"author":[{"embeddable":true,"href":"http:\/\/www.tvturk.com\/index.php\/wp-json\/wp\/v2\/users\/1"}],"replies":[{"embeddable":true,"href":"http:\/\/www.tvturk.com\/index.php\/wp-json\/wp\/v2\/comments?post=162625"}],"version-history":[{"count":0,"href":"http:\/\/www.tvturk.com\/index.php\/wp-json\/wp\/v2\/posts\/162625\/revisions"}],"wp:featuredmedia":[{"embeddable":true,"href":"http:\/\/www.tvturk.com\/index.php\/wp-json\/wp\/v2\/media\/162626"}],"wp:attachment":[{"href":"http:\/\/www.tvturk.com\/index.php\/wp-json\/wp\/v2\/media?parent=162625"}],"wp:term":[{"taxonomy":"category","embeddable":true,"href":"http:\/\/www.tvturk.com\/index.php\/wp-json\/wp\/v2\/categories?post=162625"},{"taxonomy":"post_tag","embeddable":true,"href":"http:\/\/www.tvturk.com\/index.php\/wp-json\/wp\/v2\/tags?post=162625"}],"curies":[{"name":"wp","href":"https:\/\/api.w.org\/{rel}","templated":true}]}}