{"id":162697,"date":"2019-05-27T16:06:46","date_gmt":"2019-05-27T13:06:46","guid":{"rendered":"http:\/\/www.tvturk.com\/index.php\/a-milli-takim-teknik-direktoru-senol-gunes\/"},"modified":"2019-05-27T16:06:46","modified_gmt":"2019-05-27T13:06:46","slug":"a-milli-takim-teknik-direktoru-senol-gunes","status":"publish","type":"post","link":"http:\/\/www.tvturk.com\/index.php\/a-milli-takim-teknik-direktoru-senol-gunes\/","title":{"rendered":"A Milli Tak\u0131m Teknik Direkt\u00f6r\u00fc \u015eenol G\u00fcne\u015f:"},"content":{"rendered":"<p>A Milli Tak\u0131m Teknik Direkt\u00f6r\u00fc \u015eenol G\u00fcne\u015f, Antalya kamp\u0131nda bas\u0131n toplant\u0131s\u0131 d\u00fczenledi. Kadroda herhangi bir s\u0131n\u0131rlamalar\u0131n\u0131n olmad\u0131\u011f\u0131n\u0131 s\u00f6yleyen G\u00fcne\u015f, &#8220;Hayale, hedefi olan oyuncular\u0131m\u0131n sab\u0131rla \u00e7al\u0131\u015fmalar\u0131n\u0131 ve vizyonlar\u0131n\u0131 y\u00fcksek tutmalar\u0131n\u0131 bekliyorum. T\u00fcrk pasaportu ta\u015f\u0131yan b\u00fct\u00fcn oyuncular\u0131n bu tak\u0131ma kap\u0131s\u0131 a\u00e7\u0131kt\u0131r&#8221; ifadelerini kulland\u0131. G\u00fcne\u015f ayr\u0131ca Cumhurba\u015fkan\u0131 Recep Tayyip Erdo\u011fan\u2019a, kendisine oyuncu \u00f6nerisinde bulunabilece\u011fini s\u00f6yledi\u011fini a\u00e7\u0131klad\u0131.<\/p>\n<p>EURO 2020 Avrupa \u015eampiyonas\u0131 Elemeleri\u2019nde 8 Haziran\u2019da Konya\u2019da Fransa ve 11 Haziran\u2019da deplasmanda \u0130zlanda ile kar\u015f\u0131la\u015facak A Milli Tak\u0131m, m\u00fcsabakalar \u00f6ncesinde Antalya\u2019da kampa girdi. A Milli Tak\u0131m Teknik Direkt\u00f6r\u00fc \u015eenol G\u00fcne\u015f, Antalya\u2019da \u00f6zel ma\u00e7ta kar\u015f\u0131la\u015facaklar\u0131 Yunanistan ve \u00d6zbekistan ma\u00e7lar\u0131 \u00f6ncesinde kamp yapt\u0131klar\u0131 otelde bas\u0131n toplant\u0131s\u0131 d\u00fczenledi.<\/p>\n<p>G\u00fcne\u015f, 8 Haziran\u2019da Fransa ile ve 11 Haziran\u2019da \u0130zlanda ile oynayacaklar\u0131 ma\u00e7lar\u0131 an\u0131msatarak, her iki kar\u015f\u0131la\u015fmay\u0131 da kazanmak istediklerini a\u00e7\u0131klad\u0131. Yunanistan ma\u00e7\u0131n\u0131n Antalya\u2019da, \u00d6zbekistan ma\u00e7\u0131n\u0131n da Alanya\u2019da oynanaca\u011f\u0131n\u0131 hat\u0131rlatan G\u00fcne\u015f, her iki ma\u00e7ta da taraftarlar\u0131 yanlar\u0131nda g\u00f6rmek istediklerini belirterek, &#8220;\u00d6zellikle Fransa ma\u00e7\u0131 i\u00e7in Konya ayn\u0131 heyecan ve co\u015fkuyu bir kez da g\u00f6rmek istiyoruz&#8221; diye konu\u015ftu.<\/p>\n<p>&#8220;Bu kadromuzda s\u0131n\u0131rl\u0131 de\u011filiz&#8221;<\/p>\n<p>Haz\u0131rl\u0131k ma\u00e7lar\u0131ndan beklentilerini dile getiren G\u00fcne\u015f, &#8220;2 haz\u0131rl\u0131k ma\u00e7\u0131nda daha \u00f6nce kadroya \u00e7a\u011f\u0131r\u0131p oynatamad\u0131\u011f\u0131m\u0131z, ayn\u0131 zamanda yeni \u00e7a\u011f\u0131rd\u0131\u011f\u0131m\u0131z arkada\u015flar\u0131m\u0131z\u0131 da g\u00f6rmek istiyoruz. Tabii bu arada kamp\u0131m\u0131zda olmayan arkada\u015flar da var, yani \u00e7a\u011fr\u0131lmas\u0131 muhtemel olan. Onlar da ilerleyen tarihlerde yine bizimle beraber olacaklar. Kamp\u0131m\u0131z sezon sonu oldu\u011fu i\u00e7in fiziksel ve zihinsel yorgunlu\u011fun \u00fcst seviyede oldu\u011fu bir d\u00f6neme geldi. Bu y\u00fczden kampta hem yenilenmeyi hem de \u00e7al\u0131\u015fmay\u0131 birlikte y\u00fcr\u00fctece\u011fiz. Fiziksel, teknik, taktik, motivasyon, sosyal \u00e7al\u0131\u015fmalar olacak. Kamp\u0131n s\u00fcrekli bir kamp s\u00fcreci i\u00e7erisinde ge\u00e7mesini istemiyoruz \u00e7\u00fcnk\u00fc yo\u011fun bir ma\u00e7 trafikleri oldu. Ba\u015far\u0131l\u0131 ba\u015far\u0131s\u0131z olan, sevinen \u00fcz\u00fclenler var, bunlar\u0131 hep bir potada eritmek durumunday\u0131z. Kamp\u0131m\u0131z 15 g\u00fcn s\u00fcrecek, as\u0131l hedefimiz Fransa ve \u0130zlanda ma\u00e7lar\u0131 olacak. Geni\u015f bir kadromuz var, b\u00fct\u00fcn oyuncular\u0131m\u0131z de\u011ferli, \u00e7a\u011f\u0131rd\u0131klar\u0131m\u0131z ve geni\u015f havuzda olan \u00e7a\u011fr\u0131lmayan oyuncular\u0131m\u0131z da var. Bu kadromuzda s\u0131n\u0131rl\u0131 de\u011filiz, eldeki oyuncular\u0131m\u0131z\u0131n en iyisi yapmas\u0131n\u0131 bekliyoruz. Kadroya \u00e7a\u011fr\u0131lmayan oyuncular\u0131m\u0131z\u0131n da zaman\u0131 gelince bizimle olaca\u011f\u0131n\u0131 bir kez daha s\u00f6ylemi\u015f olay\u0131m. Hayali, hedefi olan oyuncular\u0131m\u0131n sab\u0131rla \u00e7al\u0131\u015fmalar\u0131n\u0131 ve vizyonlar\u0131n\u0131 y\u00fcksek tutmalar\u0131n\u0131 bekliyorum. B\u00fct\u00fcn oyunculara \u00f6nem veriyoruz, T\u00fcrk pasaportu ta\u015f\u0131yan b\u00fct\u00fcn oyuncular\u0131n bu milli tak\u0131ma kap\u0131s\u0131 a\u00e7\u0131kt\u0131r, bunu s\u0131n\u0131rlama hakk\u0131m\u0131 da yoktur. Yeter ki tak\u0131m olgusu i\u00e7inde herkes zaman\u0131 gelince uyumunu verimini tak\u0131ma versin&#8221; mesaj\u0131n\u0131 verdi.<\/p>\n<p>&#8220;Cumhurba\u015fkan\u0131 Erdo\u011fan\u2019a oyuncu \u00f6nerisinde bulunabilece\u011fini s\u00f6yledim&#8221;<\/p>\n<p>&#8220;Birlikte hayal etmeye, \u00e7al\u0131\u015fmaya, hikaye yazmaya, umutlu ve mutlu olmaya ihtiyac\u0131m\u0131z var&#8221; diyerek s\u00f6zlerini s\u00fcrd\u00fcren G\u00fcne\u015f, &#8220;Gelin el birli\u011fi i\u00e7erisinde olal\u0131m, b\u00fcy\u00fck T\u00fcrkiye\u2019nin ba\u015far\u0131s\u0131na katk\u0131 yapal\u0131m. Son toplant\u0131da Cumhurba\u015fkan\u0131m\u0131zla da ayn\u0131 \u015feyleri konu\u015ftuk. \u2019B\u00f6ylesine b\u00fcy\u00fck devasa bir \u00fclkenin her alanda d\u00fcnyada ses getirmesi, en iyisini yapmas\u0131n\u0131 bekliyorum\u2019 dedi. Biz de kendi g\u00f6revimizi kendi alan\u0131m\u0131zda en iyisini yapmak istiyoruz. Kendisine de bir futbol adam\u0131 olarak dedim ki, \u2019Gerekirse tak\u0131ma d\u00fc\u015f\u00fcnd\u00fc\u011f\u00fcn\u00fcz bir oyuncu varsa tavsiye edebilirsiniz.\u2019 \u00c7\u00fcnk\u00fc ben hem medyaya, hem halka, herkese a\u00e7\u0131\u011f\u0131m, herkes g\u00f6r\u00fc\u015f\u00fcn\u00fc beyan edecek. Biz milli tak\u0131m\u0131n sorumlusuyuz \u015fu anda. Bize bir g\u00f6rev verdiler, biz de onlara uygun davranaca\u011f\u0131z. Cumhurba\u015fkan\u0131 \u00fclkemizi en \u00fcst seviyede temsil ediyor, y\u00f6netiyor. En altta bir birey olarak bize, di\u011fer alanlarda herkese de g\u00f6rev d\u00fc\u015f\u00fcyor, herkesin s\u00f6z\u00fcne g\u00f6r\u00fc\u015f\u00fcne ihtiyac\u0131m\u0131z var. Mustafa Kemal Atat\u00fcrk\u2019\u00fcn dedi\u011fi gibi hayal edece\u011fiz, tespit edece\u011fiz ve yapmam\u0131z gerekenleri yapaca\u011f\u0131z. Fair-play i\u00e7erisinde olaca\u011f\u0131z, her ma\u00e7\u0131 kazanmak i\u00e7in oynayaca\u011f\u0131z&#8221; \u015feklinde konu\u015ftu.<\/p>\n","protected":false},"excerpt":{"rendered":"<p>A M\u0130LL\u0130 TAKIM TEKN\u0130K D\u0130REKT\u00d6R\u00dc \u015eENOL G\u00dcNE\u015e, &#8220;BU KADROMUZDA SINIRLI DE\u011e\u0130L\u0130Z, ELDEK\u0130 OYUNCULARIMIZIN EN \u0130Y\u0130S\u0130 YAPMASINI BEKL\u0130YORUZ. KADROYA \u00c7A\u011eRILMAYAN OYUNCULARIMIZIN DA ZAMANI GEL\u0130NCE B\u0130Z\u0130MLE OLACA\u011eINI B\u0130R KEZ DAHA S\u00d6YLEM\u0130\u015e OLAYIM&#8221; DED\u0130.<\/p>\n","protected":false},"author":1,"featured_media":162698,"comment_status":"closed","ping_status":"open","sticky":false,"template":"","format":"standard","meta":{"jetpack_post_was_ever_published":false,"_jetpack_newsletter_access":"","_jetpack_dont_email_post_to_subs":false,"_jetpack_newsletter_tier_id":0,"_jetpack_memberships_contains_paywalled_content":false,"_jetpack_memberships_contains_paid_content":false,"footnotes":"","jetpack_publicize_message":"","jetpack_publicize_feature_enabled":true,"jetpack_social_post_already_shared":true,"jetpack_social_options":{"image_generator_settings":{"template":"highway","default_image_id":0,"font":"","enabled":false},"version":2}},"categories":[657],"tags":[10790,1386,429,7695,6670,2082],"class_list":["post-162697","post","type-post","status-publish","format-standard","has-post-thumbnail","hentry","category-spor","tag-direktoru","tag-gunes","tag-milli","tag-senol","tag-takim","tag-teknik"],"jetpack_publicize_connections":[],"jetpack_featured_media_url":"https:\/\/i0.wp.com\/www.tvturk.com\/wp-content\/uploads\/2019\/05\/a-milli-takim-teknik-direktoru-senol-gunes_b46820b.jpg?fit=1000%2C666","jetpack_sharing_enabled":true,"jetpack_shortlink":"https:\/\/wp.me\/paKIfm-Gk9","_links":{"self":[{"href":"http:\/\/www.tvturk.com\/index.php\/wp-json\/wp\/v2\/posts\/162697","targetHints":{"allow":["GET"]}}],"collection":[{"href":"http:\/\/www.tvturk.com\/index.php\/wp-json\/wp\/v2\/posts"}],"about":[{"href":"http:\/\/www.tvturk.com\/index.php\/wp-json\/wp\/v2\/types\/post"}],"author":[{"embeddable":true,"href":"http:\/\/www.tvturk.com\/index.php\/wp-json\/wp\/v2\/users\/1"}],"replies":[{"embeddable":true,"href":"http:\/\/www.tvturk.com\/index.php\/wp-json\/wp\/v2\/comments?post=162697"}],"version-history":[{"count":0,"href":"http:\/\/www.tvturk.com\/index.php\/wp-json\/wp\/v2\/posts\/162697\/revisions"}],"wp:featuredmedia":[{"embeddable":true,"href":"http:\/\/www.tvturk.com\/index.php\/wp-json\/wp\/v2\/media\/162698"}],"wp:attachment":[{"href":"http:\/\/www.tvturk.com\/index.php\/wp-json\/wp\/v2\/media?parent=162697"}],"wp:term":[{"taxonomy":"category","embeddable":true,"href":"http:\/\/www.tvturk.com\/index.php\/wp-json\/wp\/v2\/categories?post=162697"},{"taxonomy":"post_tag","embeddable":true,"href":"http:\/\/www.tvturk.com\/index.php\/wp-json\/wp\/v2\/tags?post=162697"}],"curies":[{"name":"wp","href":"https:\/\/api.w.org\/{rel}","templated":true}]}}