{"id":162723,"date":"2019-05-27T16:56:20","date_gmt":"2019-05-27T13:56:20","guid":{"rendered":"http:\/\/www.tvturk.com\/index.php\/beykozda-sokak-hayvanlari-yeni-evlerine-kavustu\/"},"modified":"2019-05-27T16:56:20","modified_gmt":"2019-05-27T13:56:20","slug":"beykozda-sokak-hayvanlari-yeni-evlerine-kavustu","status":"publish","type":"post","link":"http:\/\/www.tvturk.com\/index.php\/beykozda-sokak-hayvanlari-yeni-evlerine-kavustu\/","title":{"rendered":"Beykoz\u2019da sokak hayvanlar\u0131 yeni evlerine kavu\u015ftu"},"content":{"rendered":"<p>Beykoz\u2019daki sokak hayvanlar\u0131, s\u0131cak yaz aylar\u0131 \u00f6ncesinde \u00fcnl\u00fc sanat\u00e7\u0131 Yusuf G\u00fcney\u2019in kat\u0131ld\u0131\u011f\u0131 etkinlikle yeni yuva, su ve mama \u00fcnitelerine kavu\u015ftu. Etkinlikte konu\u015fma yapan Yusuf G\u00fcney, \u201cOnlarla ya\u015famaya \u00e7al\u0131\u015fal\u0131m. Onlar\u0131n \u00f6nce o eksikliklerini giderelim. Bir sokak hayvan\u0131n\u0131n iste\u011fi sudur, mamad\u0131r. Bir de \u015fefkattir. \u00dc\u00e7\u00fcn\u00fc esirgemedi\u011finiz zaman o hayvandan size hi\u00e7bir zarar gelmez\u201d dedi.<\/p>\n<p>Beykoz Belediyesi sokak hayvanlar\u0131 i\u00e7in yakla\u015fan s\u0131cak yaz ay\u0131 \u00f6ncesinde d\u00fczenli temiz su, mama ve bar\u0131nma alanlar\u0131 sa\u011flamak amac\u0131yla anlaml\u0131 bir etkinli\u011fe imza att\u0131. \u0130l\u00e7edeki parklara, sokaklara ve meydanlara yeni yuvalar, su ve mama \u00fcniteleri kuruldu. Sokak hayvanlar\u0131na adeta can katacak \u00e7al\u0131\u015fma kapsam\u0131nda ilk etapta 50 kedi evi, 50 kedi-k\u00f6pek besleme \u00fcnitesi ile 200 ku\u015f yuvas\u0131 haz\u0131rland\u0131. Belediye Marangozhanesinde hayvanlar\u0131n ihtiya\u00e7lar\u0131na g\u00f6re \u00f6zel olarak tasarlan\u0131p \u00fcretilen kedi evleri, kedi ve k\u00f6pekler i\u00e7in su ve mama \u00fcniteleri, hayvan severlerin de yard\u0131m\u0131yla il\u00e7enin park ve bah\u00e7elerine kuruldu, rengarenk ku\u015f yuvalar\u0131 park\u0131n a\u011fa\u00e7lar\u0131n\u0131n dallar\u0131na as\u0131ld\u0131.  Orhan Veli Kan\u0131k Park\u0131\u2019nda ba\u015flayan bu etkinli\u011fe \u015fark\u0131c\u0131 Yusuf G\u00fcney de kat\u0131ld\u0131.<\/p>\n<p>Yusuf G\u00fcney yapt\u0131\u011f\u0131 konu\u015fmada, &#8220;Bir hayvan sever olarak bu tarz organizasyonlar\u0131n i\u00e7erisinde yer almak sevindirici. Sokak hayvanlar\u0131m\u0131zla ilgili ben de kendimce bir \u015feyler yapmaya \u00e7al\u0131\u015f\u0131yorum. Bir\u00e7ok duyarl\u0131 vatanda\u015f\u0131m\u0131z gibi gelince mutlu oldum&#8221; dedi.<\/p>\n<p>Yaz aylar\u0131nda su s\u0131k\u0131nt\u0131s\u0131 \u00e7eken sokak hayvanlar\u0131 i\u00e7in konu\u015fan G\u00fcney, &#8220;\u00d6zellikle yaz aylar\u0131 \u00e7ok zor ge\u00e7iyor, k\u0131\u015f aylar\u0131 kadar. \u00c7\u00fcnk\u00fc susuzluk \u00e7ok \u00f6nemli. Temiz su bulmak \u00e7ok zorla\u015f\u0131yor g\u00fcn\u00fcm\u00fcz yap\u0131lanmas\u0131nda. \u00c7o\u011fu belediyelerimiz duyarl\u0131lar sa\u011f olsunlar. \u0130n\u015fallah olmayan belediyelerimizin ba\u015f\u0131na diyorum. Bizler de tabii ki i\u015fin i\u00e7erisinde g\u00f6n\u00fcll\u00fc olarak olmam\u0131z laz\u0131m. Pop\u00fcler camia diye s\u0131fatland\u0131rd\u0131\u011f\u0131m\u0131z ritme girdi\u011fimiz i\u00e7in hali ile sevenlerimize ve vatanda\u015flar\u0131m\u0131za \u00e7ok daha \u00e7abuk ula\u015f\u0131yor yapt\u0131\u011f\u0131m\u0131z i\u015fler&#8221; diye konu\u015ftu.<\/p>\n<p>Ayr\u0131ca vatanda\u015flara \u00e7a\u011fr\u0131da bulunan \u00fcnl\u00fc \u015fark\u0131c\u0131, \u201cSokakta g\u00f6rd\u00fcklerimizi illa hemen belediyeyi aray\u0131p toplay\u0131n bunlar\u0131 buradan demeyelim. Onlar ile ya\u015famaya \u00e7al\u0131\u015fal\u0131m. Onlar\u0131n \u00f6nce o eksikliklerini giderelim. Bir sokak hayvan\u0131n\u0131n iste\u011fi sudur, mamad\u0131r. Bir de \u015fefkattir. \u00dc\u00e7\u00fcn\u00fc esirgemedi\u011finiz zaman o hayvandan size hi\u00e7bir zarar gelmez&#8221; \u015feklinde konu\u015ftu.<\/p>\n","protected":false},"excerpt":{"rendered":"<p>BEYKOZ\u2019DAK\u0130 SOKAK HAYVANLARI, SICAK YAZ AYLARI \u00d6NCES\u0130NDE \u00dcNL\u00dc SANAT\u00c7I YUSUF G\u00dcNEY\u2019\u0130N KATILDI\u011eI ETK\u0130NL\u0130KLE YEN\u0130 YUVA, SU VE MAMA \u00dcN\u0130TELER\u0130NE KAVU\u015eTU.<\/p>\n","protected":false},"author":1,"featured_media":162724,"comment_status":"closed","ping_status":"open","sticky":false,"template":"","format":"standard","meta":{"jetpack_post_was_ever_published":false,"_jetpack_newsletter_access":"","_jetpack_dont_email_post_to_subs":false,"_jetpack_newsletter_tier_id":0,"_jetpack_memberships_contains_paywalled_content":false,"_jetpack_memberships_contains_paid_content":false,"footnotes":"","jetpack_publicize_message":"","jetpack_publicize_feature_enabled":true,"jetpack_social_post_already_shared":true,"jetpack_social_options":{"image_generator_settings":{"template":"highway","default_image_id":0,"font":"","enabled":false},"version":2}},"categories":[1],"tags":[7989,15028,9205,1825,1183,87],"class_list":["post-162723","post","type-post","status-publish","format-standard","has-post-thumbnail","hentry","category-genel","tag-beykozda","tag-evlerine","tag-hayvanlari","tag-kavustu","tag-sokak","tag-yeni"],"jetpack_publicize_connections":[],"jetpack_featured_media_url":"https:\/\/i0.wp.com\/www.tvturk.com\/wp-content\/uploads\/2019\/05\/beykozda-sokak-hayvanlari-yeni-evlerine-kavustu_29b11be.jpg?fit=1000%2C562","jetpack_sharing_enabled":true,"jetpack_shortlink":"https:\/\/wp.me\/paKIfm-Gkz","_links":{"self":[{"href":"http:\/\/www.tvturk.com\/index.php\/wp-json\/wp\/v2\/posts\/162723","targetHints":{"allow":["GET"]}}],"collection":[{"href":"http:\/\/www.tvturk.com\/index.php\/wp-json\/wp\/v2\/posts"}],"about":[{"href":"http:\/\/www.tvturk.com\/index.php\/wp-json\/wp\/v2\/types\/post"}],"author":[{"embeddable":true,"href":"http:\/\/www.tvturk.com\/index.php\/wp-json\/wp\/v2\/users\/1"}],"replies":[{"embeddable":true,"href":"http:\/\/www.tvturk.com\/index.php\/wp-json\/wp\/v2\/comments?post=162723"}],"version-history":[{"count":0,"href":"http:\/\/www.tvturk.com\/index.php\/wp-json\/wp\/v2\/posts\/162723\/revisions"}],"wp:featuredmedia":[{"embeddable":true,"href":"http:\/\/www.tvturk.com\/index.php\/wp-json\/wp\/v2\/media\/162724"}],"wp:attachment":[{"href":"http:\/\/www.tvturk.com\/index.php\/wp-json\/wp\/v2\/media?parent=162723"}],"wp:term":[{"taxonomy":"category","embeddable":true,"href":"http:\/\/www.tvturk.com\/index.php\/wp-json\/wp\/v2\/categories?post=162723"},{"taxonomy":"post_tag","embeddable":true,"href":"http:\/\/www.tvturk.com\/index.php\/wp-json\/wp\/v2\/tags?post=162723"}],"curies":[{"name":"wp","href":"https:\/\/api.w.org\/{rel}","templated":true}]}}