{"id":162747,"date":"2019-05-27T17:47:49","date_gmt":"2019-05-27T14:47:49","guid":{"rendered":"http:\/\/www.tvturk.com\/index.php\/avrupa-ikincisi-cimnastikciler-yurda-dondu\/"},"modified":"2019-05-27T17:47:49","modified_gmt":"2019-05-27T14:47:49","slug":"avrupa-ikincisi-cimnastikciler-yurda-dondu","status":"publish","type":"post","link":"http:\/\/www.tvturk.com\/index.php\/avrupa-ikincisi-cimnastikciler-yurda-dondu\/","title":{"rendered":"Avrupa ikincisi cimnastik\u00e7iler yurda d\u00f6nd\u00fc"},"content":{"rendered":"<p>Azerbaycan\u2019\u0131n ba\u015fkenti Bak\u00fc\u2019de d\u00fczenlenen Aerobik Cimnastik Avrupa \u015eampiyonas\u0131\u2019nda \u00e7iftler kategorisinde g\u00fcm\u00fc\u015f madalya kazanarak tarihe ge\u00e7en Manisa B\u00fcy\u00fck\u015fehir Belediyespor\u2019un milli sporcular\u0131 Ay\u015fe Beg\u00fcm Onba\u015f\u0131 ve Mehmet Erco\u015f, Milli Tak\u0131m Antren\u00f6r\u00fc Mehmet Ali Ekin\u2019le birlikte yurda d\u00f6nd\u00fc. Manisa B\u00fcy\u00fck\u015fehir Belediyespor Y\u00f6netim Kurulu \u00dcyesi \u00d6zcan Nalbantlar, \u0130zmir Adnan Menderes Havaalan\u0131\u2019nda sporcular\u0131 \u00e7i\u00e7eklerle kar\u015f\u0131lay\u0131p ba\u015far\u0131lar\u0131ndan dolay\u0131 tebrik etti.<\/p>\n<p>Azerbaycan\u2019\u0131n ba\u015fkenti Bak\u00fc\u2019de 24-26 May\u0131s tarihleri aras\u0131nda d\u00fczenlenen Aerobik Cimnastik Avrupa \u015eampiyonas\u0131\u2019nda \u00e7iftler kategorisinde g\u00fcm\u00fc\u015f madalya kazanarak bir ilke imza atan Manisa B\u00fcy\u00fck\u015fehir Belediyespor\u2019un milli sporcular\u0131 Ay\u015fe Beg\u00fcm Onba\u015f\u0131 ve Mehmet Erco\u015f, yurda d\u00f6nd\u00fc.<\/p>\n<p>Onba\u015f\u0131: &#8220;\u00d6nemli olan ba\u015far\u0131y\u0131 s\u00fcrd\u00fcrmek&#8221;<\/p>\n<p>\u00c7iftler kategorisinde partneri Mehmet Erco\u015f\u2019la yar\u0131\u015fan Manisa B\u00fcy\u00fck\u015fehir Belediyespor\u2019un alt\u0131n k\u0131z\u0131 Ay\u015fe Beg\u00fcm Onba\u015f\u0131 yapt\u0131\u011f\u0131 a\u00e7\u0131klamada, \u201c\u00c7ok mutluyuz, \u00e7\u00fcnk\u00fc cimnastik tarihinde al\u0131nan Avrupa \u015eampiyonas\u0131 madalyas\u0131n\u0131 ilk olarak biz alm\u0131\u015f olduk. \u00c7ok mutluyuz, \u00e7ok gururluyuz. Bu ba\u015far\u0131y\u0131 daha \u00f6nce k\u00fc\u00e7\u00fckler kategorisinde de ba\u015farm\u0131\u015ft\u0131k. B\u00fcy\u00fckler kategorisinde bu ba\u015far\u0131y\u0131 s\u00fcrd\u00fcrmek ve devam ettirmek \u00e7ok \u00f6nemli. Bizde bunu ba\u015farmak istiyoruz, \u00f6n\u00fcm\u00fczdeki y\u0131l Bak\u00fc\u2019de d\u00fczenlenecek olan D\u00fcnya \u015eampiyonas\u0131\u2019nda en iyi dereceyi elde etmek istiyorum\u201d diye konu\u015ftu.<\/p>\n<p>Erco\u015f: \u201c\u00dclkemizi temsil etmek bizim i\u00e7in her zaman b\u00fcy\u00fck bir gururdur\u201d<\/p>\n<p>Manisa B\u00fcy\u00fck\u015fehir Belediyespor\u2019un alt\u0131n \u00e7ocu\u011fu Mehmet Erco\u015f ise, \u201cHaftan\u0131n 6 veya 7 g\u00fcn\u00fc, g\u00fcnde minimum 3-4 saat antrenmanla bu \u00f6nemli \u015fampiyonaya haz\u0131rland\u0131k. Son bir hafta T\u00fcrkiye Cimnastik Federasyonu\u2019nun kamp\u0131 vard\u0131. Orada sabahtan ak\u015fama kadar antrenman yapt\u0131k. Bu \u00e7al\u0131\u015fmalar\u0131m\u0131z\u0131n sonunda da g\u00fcm\u00fc\u015f madalyay\u0131 \u00fclkemize kazand\u0131rd\u0131k ve tarihe ge\u00e7tik. B\u00fcy\u00fckler kategorisinde Ay\u015fe Beg\u00fcm Onba\u015f\u0131\u2019yla yurt d\u0131\u015f\u0131nda yar\u0131\u015ft\u0131\u011f\u0131m\u0131z ilk yar\u0131\u015fmayd\u0131. Onun da bizde ayr\u0131 bir heyecan\u0131 vard\u0131. \u00dclkemizi temsil etmek bizim i\u00e7in her zaman heyecan verici bir duygudur. Bu y\u00fczden \u00e7ok heyecanlayd\u0131m. \u015eu anda b\u00fcy\u00fck bir gurur ya\u015f\u0131yoruz \u00fclkemize madalya getirdi\u011fimiz i\u00e7in. Seneye Bak\u00fc\u2019de yap\u0131lacak olan bir D\u00fcnya \u015eampiyonas\u0131 var. Bu \u00f6nemli organizasyonda alt\u0131n madalyay\u0131 hedefliyoruz\u201d ifadelerini kulland\u0131.<\/p>\n<p>Ekin: \u201cSanki T\u00fcrkiye\u2019de gibiydik\u201d<\/p>\n<p>Milli Tak\u0131m Antren\u00f6r\u00fc Mehmet Ali Ekin ise duygular\u0131n\u0131 \u015fu \u015fekilde dile getirdi:<\/p>\n<p>&#8220;Bizim i\u00e7in uzun soluklu bir haz\u0131rlanma oldu. Son olarak Portekiz\u2019de Ay\u015fe Beg\u00fcm Onba\u015f\u0131\u2019yla beraberdik. Bu \u00f6nemli organizasyonun ard\u0131ndan bu kez Bak\u00fc\u2019de d\u00fczenlenen 11. Avrupa \u015eampiyonas\u0131\u2019nda m\u00fccadele ettik. \u00c7iftlerde T\u00fcrkiye Cumhuriyeti tarihinin ilk madalyas\u0131n\u0131 getirdik. G\u00f6zya\u015flar\u0131, mutluluklar, sevin\u00e7ler hepsi bir aradayd\u0131. Azerbaycanl\u0131 karde\u015flerimiz bizleri hi\u00e7 yaln\u0131z b\u0131rakmad\u0131. Sanki T\u00fcrkiye\u2019de gibiydik. B\u00fcy\u00fck desteklerini yan\u0131m\u0131zda hissettik. Manisa B\u00fcy\u00fck\u015fehir Belediye Ba\u015fkan\u0131m\u0131z Cengiz Erg\u00fcn\u2019e, kul\u00fcp ba\u015fkan\u0131m\u0131z Mevl\u00fct Aktan\u2019a ve y\u00f6netim kurulumuza verdikleri her t\u00fcrl\u00fc destek nedeniyle bir kez daha te\u015fekk\u00fcr ediyorum.\u201d<\/p>\n<p>\u0130zmir Adnan Menderes Havaalan\u0131nda Manisa B\u00fcy\u00fck\u015fehir Belediyespor\u2019un sporcular\u0131 Ay\u015fe Beg\u00fcm Onba\u015f\u0131, Mehmet Erco\u015f ve Milli Tak\u0131m Antren\u00f6r\u00fc Mehmet Ali Ekin\u2019i \u00e7i\u00e7eklerle kar\u015f\u0131layan ve kutlayan Manisa B\u00fcy\u00fck\u015fehir Belediyespor Y\u00f6netim Kurulu \u00dcyesi \u00d6zcan Nalbantlar ise, \u201cT\u00fcrkiye, Aerobik Cimnastik B\u00fcy\u00fckler Kategorisi\u2019nde tarihinin ilk madalyas\u0131n\u0131 kul\u00fcb\u00fcm\u00fcz\u00fcn sporcular\u0131 Ay\u015fe Beg\u00fcm Onba\u015f\u0131 ve Mehmet Erco\u015f\u2019la kazand\u0131. \u015eampiyonada ter d\u00f6ken Ay\u015fe Beg\u00fcm Onba\u015f\u0131 ve Mehmet Erco\u015f, \u00e7iftler kategorisinde g\u00fcm\u00fc\u015f madalya alarak \u00f6nemli bir ba\u015far\u0131ya imza att\u0131. Kendilerini bu ba\u015far\u0131lar\u0131ndan dolay\u0131 kutluyoruz, ba\u015far\u0131lar\u0131n\u0131n devam\u0131n\u0131 diliyoruz. Manisa B\u00fcy\u00fck\u015fehir Belediye Ba\u015fkan\u0131m\u0131z Cengiz Erg\u00fcn\u2019\u00fcn bu ba\u015far\u0131larda katk\u0131s\u0131 \u00e7ok b\u00fcy\u00fck\u201d ifadelerini kulland\u0131.<\/p>\n","protected":false},"excerpt":{"rendered":"<p>AZERBAYCAN\u2019IN BA\u015eKENT\u0130 BAK\u00dc\u2019DE D\u00dcZENLENEN AEROB\u0130K C\u0130MNAST\u0130K AVRUPA \u015eAMP\u0130YONASI&#8217;NDA \u00c7\u0130FTLER KATEGOR\u0130S\u0130NDE G\u00dcM\u00dc\u015e MADALYA KAZANARAK TAR\u0130HE GE\u00c7EN MAN\u0130SA B\u00dcY\u00dcK\u015eEH\u0130R BELED\u0130YESPOR\u2019UN M\u0130LL\u0130 SPORCULARI AY\u015eE BEG\u00dcM ONBA\u015eI VE MEHMET ERCO\u015e, M\u0130LL\u0130 TAKIM ANTREN\u00d6R\u00dc MEHMET AL\u0130 EK\u0130N\u2019LE B\u0130RL\u0130KTE YURDA D\u00d6ND\u00dc. MAN\u0130SA B\u00dcY\u00dcK\u015eEH\u0130R BELED\u0130YESPOR Y\u00d6NET\u0130M KURULU \u00dcYES\u0130 \u00d6ZCAN NALBANTLAR, \u0130ZM\u0130R ADNAN MENDERES HAVAALANI\u2019NDA SPORCULARI \u00c7\u0130\u00c7EKLERLE KAR\u015eILAYIP BA\u015eARILARINDAN DOLAYI TEBR\u0130K ETT\u0130.<\/p>\n","protected":false},"author":1,"featured_media":162748,"comment_status":"closed","ping_status":"open","sticky":false,"template":"","format":"standard","meta":{"jetpack_post_was_ever_published":false,"_jetpack_newsletter_access":"","_jetpack_dont_email_post_to_subs":false,"_jetpack_newsletter_tier_id":0,"_jetpack_memberships_contains_paywalled_content":false,"_jetpack_memberships_contains_paid_content":false,"footnotes":"","jetpack_publicize_message":"","jetpack_publicize_feature_enabled":true,"jetpack_social_post_already_shared":true,"jetpack_social_options":{"image_generator_settings":{"template":"highway","default_image_id":0,"font":"","enabled":false},"version":2}},"categories":[657],"tags":[392,38420,990,454,10458],"class_list":["post-162747","post","type-post","status-publish","format-standard","has-post-thumbnail","hentry","category-spor","tag-avrupa","tag-cimnastikciler","tag-dondu","tag-ikincisi","tag-yurda"],"jetpack_publicize_connections":[],"jetpack_featured_media_url":"https:\/\/i0.wp.com\/www.tvturk.com\/wp-content\/uploads\/2019\/05\/avrupa-ikincisi-cimnastikciler-yurda-dondu_e393c77.jpg?fit=1000%2C666","jetpack_sharing_enabled":true,"jetpack_shortlink":"https:\/\/wp.me\/paKIfm-GkX","_links":{"self":[{"href":"http:\/\/www.tvturk.com\/index.php\/wp-json\/wp\/v2\/posts\/162747","targetHints":{"allow":["GET"]}}],"collection":[{"href":"http:\/\/www.tvturk.com\/index.php\/wp-json\/wp\/v2\/posts"}],"about":[{"href":"http:\/\/www.tvturk.com\/index.php\/wp-json\/wp\/v2\/types\/post"}],"author":[{"embeddable":true,"href":"http:\/\/www.tvturk.com\/index.php\/wp-json\/wp\/v2\/users\/1"}],"replies":[{"embeddable":true,"href":"http:\/\/www.tvturk.com\/index.php\/wp-json\/wp\/v2\/comments?post=162747"}],"version-history":[{"count":0,"href":"http:\/\/www.tvturk.com\/index.php\/wp-json\/wp\/v2\/posts\/162747\/revisions"}],"wp:featuredmedia":[{"embeddable":true,"href":"http:\/\/www.tvturk.com\/index.php\/wp-json\/wp\/v2\/media\/162748"}],"wp:attachment":[{"href":"http:\/\/www.tvturk.com\/index.php\/wp-json\/wp\/v2\/media?parent=162747"}],"wp:term":[{"taxonomy":"category","embeddable":true,"href":"http:\/\/www.tvturk.com\/index.php\/wp-json\/wp\/v2\/categories?post=162747"},{"taxonomy":"post_tag","embeddable":true,"href":"http:\/\/www.tvturk.com\/index.php\/wp-json\/wp\/v2\/tags?post=162747"}],"curies":[{"name":"wp","href":"https:\/\/api.w.org\/{rel}","templated":true}]}}