{"id":162755,"date":"2019-05-27T18:20:46","date_gmt":"2019-05-27T15:20:46","guid":{"rendered":"http:\/\/www.tvturk.com\/index.php\/demir-kalp-kiriklari-yuzunden-ayriliyorum\/"},"modified":"2019-05-27T18:20:46","modified_gmt":"2019-05-27T15:20:46","slug":"demir-kalp-kiriklari-yuzunden-ayriliyorum","status":"publish","type":"post","link":"http:\/\/www.tvturk.com\/index.php\/demir-kalp-kiriklari-yuzunden-ayriliyorum\/","title":{"rendered":"Demir: \u201cKalp k\u0131r\u0131klar\u0131 y\u00fcz\u00fcnden ayr\u0131l\u0131yorum\u201d"},"content":{"rendered":"<p>Demir Grup Sivasspor\u2019un golc\u00fc oyuncusu Muhammet Demir, Sivasspor\u2019dan ayr\u0131ld\u0131\u011f\u0131n\u0131 a\u00e7\u0131klad\u0131.<\/p>\n<p>K\u0131rm\u0131z\u0131-beyazl\u0131lar\u0131n ba\u015far\u0131l\u0131 forvet oyuncusu Demir, sosyal medya hesab\u0131ndan yapt\u0131\u011f\u0131 a\u00e7\u0131klamayla tak\u0131mdan ayr\u0131ld\u0131\u011f\u0131n\u0131 duyurdu. Ba\u015far\u0131l\u0131 oyuncu, \u201c\u00c7ok g\u00fczel dostluklar arkada\u015fl\u0131klar edindi\u011fim Sivas \u015fehri ve Sivasspor\u2019u bug\u00fcn itibari ile geride b\u0131rakm\u0131\u015f bulunuyorum bana desteklerini hi\u00e7bir zaman esirgemem taraftarlar\u0131m\u0131za keyifli bir ortam haz\u0131rlayan tak\u0131m arkada\u015flar\u0131ma sonsuz te\u015fekk\u00fcr ediyorum. Bir \u00e7ok hayal k\u0131r\u0131kl\u0131klar\u0131 ya\u015fam\u0131\u015f olsam da Sivas \u015fehrinin bende yeri ve anlam\u0131 her zaman ayr\u0131 olacakt\u0131r. \u00d6ncelikle neredeyse iki \u00e7ocu\u011fumu da burada b\u00fcy\u00fctt\u00fcm say\u0131l\u0131r mutlu bir yuvam ve ortam\u0131m vard\u0131. Baz\u0131 kalp k\u0131r\u0131klar\u0131 y\u00fcz\u00fcnden ayr\u0131lma karar\u0131 ald\u0131m. \u0130stedi\u011fim ve d\u00fc\u015fledi\u011fim her \u015feyi sizlere veremedi\u011fim i\u00e7in buruk bir ayr\u0131kl\u0131k oldu benim i\u00e7in. Yinede ya\u015fanm\u0131\u015f g\u00fczel an\u0131lar g\u00fczel hat\u0131ralar\u0131m\u0131z var ve hep kalbimde olacakt\u0131r sizleri seviyorum ho\u015f\u00e7a kal\u0131n\u201d ifadesini kulland\u0131.<\/p>\n<p>Demir, bu sezon Sivasspor\u2019da 12 kez ilk 11\u2019de forma giydi. Bin 139 dakika sahada kalan ba\u015far\u0131l\u0131 futbolcu, 4 gol, 1 de asist yapma ba\u015far\u0131s\u0131 g\u00f6sterdi. Demir ayr\u0131ca, 2 defa da sar\u0131 kartla cezaland\u0131r\u0131ld\u0131.<\/p>\n","protected":false},"excerpt":{"rendered":"<p>DEM\u0130R GRUP S\u0130VASSPOR\u2019UN GOLC\u00dc OYUNCUSU MUHAMMET DEM\u0130R, SOSYAL MEDYA HESABINDAN S\u0130VASSPOR\u2019DAN AYRILDI\u011eINI A\u00c7IKLADI.<\/p>\n","protected":false},"author":1,"featured_media":162756,"comment_status":"closed","ping_status":"open","sticky":false,"template":"","format":"standard","meta":{"jetpack_post_was_ever_published":false,"_jetpack_newsletter_access":"","_jetpack_dont_email_post_to_subs":false,"_jetpack_newsletter_tier_id":0,"_jetpack_memberships_contains_paywalled_content":false,"_jetpack_memberships_contains_paid_content":false,"footnotes":"","jetpack_publicize_message":"","jetpack_publicize_feature_enabled":true,"jetpack_social_post_already_shared":true,"jetpack_social_options":{"image_generator_settings":{"template":"highway","default_image_id":0,"font":"","enabled":false},"version":2}},"categories":[657],"tags":[38423,491,2120,16951,4393],"class_list":["post-162755","post","type-post","status-publish","format-standard","has-post-thumbnail","hentry","category-spor","tag-ayriliyorum","tag-demir","tag-kalp","tag-kiriklari","tag-yuzunden"],"jetpack_publicize_connections":[],"jetpack_featured_media_url":"https:\/\/i0.wp.com\/www.tvturk.com\/wp-content\/uploads\/2019\/05\/demir-kalp-kiriklari-yuzunden-ayriliyorum_8bc5af6.jpg?fit=1000%2C744","jetpack_sharing_enabled":true,"jetpack_shortlink":"https:\/\/wp.me\/paKIfm-Gl5","_links":{"self":[{"href":"http:\/\/www.tvturk.com\/index.php\/wp-json\/wp\/v2\/posts\/162755","targetHints":{"allow":["GET"]}}],"collection":[{"href":"http:\/\/www.tvturk.com\/index.php\/wp-json\/wp\/v2\/posts"}],"about":[{"href":"http:\/\/www.tvturk.com\/index.php\/wp-json\/wp\/v2\/types\/post"}],"author":[{"embeddable":true,"href":"http:\/\/www.tvturk.com\/index.php\/wp-json\/wp\/v2\/users\/1"}],"replies":[{"embeddable":true,"href":"http:\/\/www.tvturk.com\/index.php\/wp-json\/wp\/v2\/comments?post=162755"}],"version-history":[{"count":0,"href":"http:\/\/www.tvturk.com\/index.php\/wp-json\/wp\/v2\/posts\/162755\/revisions"}],"wp:featuredmedia":[{"embeddable":true,"href":"http:\/\/www.tvturk.com\/index.php\/wp-json\/wp\/v2\/media\/162756"}],"wp:attachment":[{"href":"http:\/\/www.tvturk.com\/index.php\/wp-json\/wp\/v2\/media?parent=162755"}],"wp:term":[{"taxonomy":"category","embeddable":true,"href":"http:\/\/www.tvturk.com\/index.php\/wp-json\/wp\/v2\/categories?post=162755"},{"taxonomy":"post_tag","embeddable":true,"href":"http:\/\/www.tvturk.com\/index.php\/wp-json\/wp\/v2\/tags?post=162755"}],"curies":[{"name":"wp","href":"https:\/\/api.w.org\/{rel}","templated":true}]}}