{"id":162761,"date":"2019-05-27T18:30:57","date_gmt":"2019-05-27T15:30:57","guid":{"rendered":"http:\/\/www.tvturk.com\/index.php\/turk-tarih-kurumu-ve-kibris-vakiflar-idaresi-kibrista-ortak-etkinlikler-duzenleyecek\/"},"modified":"2019-05-27T18:30:57","modified_gmt":"2019-05-27T15:30:57","slug":"turk-tarih-kurumu-ve-kibris-vakiflar-idaresi-kibrista-ortak-etkinlikler-duzenleyecek","status":"publish","type":"post","link":"http:\/\/www.tvturk.com\/index.php\/turk-tarih-kurumu-ve-kibris-vakiflar-idaresi-kibrista-ortak-etkinlikler-duzenleyecek\/","title":{"rendered":"T\u00fcrk Tarih Kurumu ve K\u0131br\u0131s Vak\u0131flar \u0130daresi K\u0131br\u0131s\u2019ta ortak etkinlikler d\u00fczenleyecek"},"content":{"rendered":"<p>Atat\u00fcrk K\u00fclt\u00fcr, Dil ve Tarih Y\u00fcksek Kurumu b\u00fcnyesindeki T\u00fcrk Tarih Kurumunun Ba\u015fkan\u0131 Prof. Dr. Refik Turan ile K\u0131br\u0131s Vak\u0131flar \u0130daresi Genel M\u00fcd\u00fcr\u00fc Prof. Dr. \u0130brahim Benter, iki kurum taraf\u0131ndan \u00f6n\u00fcm\u00fczdeki g\u00fcnlerde Kuzey K\u0131br\u0131s T\u00fcrk Cumhuriyeti\u2019nde yap\u0131lmas\u0131 planlanan projeleri g\u00f6r\u00fc\u015fmek \u00fczere bir araya geldi.<\/p>\n<p>T\u00fcrk Tarih Kurumu, K\u0131br\u0131s Vak\u0131flar \u0130daresi ve Yunus Emre Enstit\u00fcs\u00fc i\u015f birli\u011fiyle Lefko\u015fa\u2019da d\u00fczenlenen \u201cHala Sultan Kitap G\u00fcnleri\u201dnin a\u00e7\u0131l\u0131\u015f\u0131 sonras\u0131 bir araya gelen Prof. Dr. Turan ve Prof. Dr. Benter, K\u0131br\u0131s vak\u0131flar\u0131, kapal\u0131 Mara\u015f vak\u0131flar\u0131 ve K\u0131br\u0131s\u2019ta kad\u0131n vak\u0131flar\u0131 konular\u0131nda ortakla\u015fa yap\u0131lacak etkinliklerin haz\u0131rl\u0131k \u00e7al\u0131\u015fmalar\u0131 hakk\u0131nda fikir teatisinde bulundu. G\u00f6r\u00fc\u015fmede projelerin ger\u00e7ekle\u015ftirilmesi i\u00e7in kurumlar aras\u0131nda g\u00f6rev payla\u015f\u0131m\u0131 da yap\u0131ld\u0131.<\/p>\n","protected":false},"excerpt":{"rendered":"<p>ATAT\u00dcRK K\u00dcLT\u00dcR, D\u0130L VE TAR\u0130H Y\u00dcKSEK KURUMU B\u00dcNYES\u0130NDEK\u0130 T\u00dcRK TAR\u0130H KURUMU BA\u015eKANI PROF. DR. REF\u0130K TURAN \u0130LE KIBRIS VAKIFLAR \u0130DARES\u0130 GENEL M\u00dcD\u00dcR\u00dc PROF. DR. \u0130BRAH\u0130M BENTER \u0130K\u0130 KURUM TARAFINDAN \u00d6N\u00dcM\u00dcZDEK\u0130 G\u00dcNLERDE KIBRIS\u2019TA YAPILMASI PLANLANAN PROJELER\u0130 G\u00d6R\u00dc\u015eMEK \u00dcZERE B\u0130R ARAYA GELD\u0130.<\/p>\n","protected":false},"author":1,"featured_media":162762,"comment_status":"closed","ping_status":"open","sticky":false,"template":"","format":"standard","meta":{"jetpack_post_was_ever_published":false,"_jetpack_newsletter_access":"","_jetpack_dont_email_post_to_subs":false,"_jetpack_newsletter_tier_id":0,"_jetpack_memberships_contains_paywalled_content":false,"_jetpack_memberships_contains_paid_content":false,"footnotes":"","jetpack_publicize_message":"","jetpack_publicize_feature_enabled":true,"jetpack_social_post_already_shared":true,"jetpack_social_options":{"image_generator_settings":{"template":"highway","default_image_id":0,"font":"","enabled":false},"version":2}},"categories":[656],"tags":[7720,2201,4794,7566,737,4855,947,1330,957,7332],"class_list":["post-162761","post","type-post","status-publish","format-standard","has-post-thumbnail","hentry","category-kultur-sanat","tag-duzenleyecek","tag-etkinlikler","tag-idaresi","tag-kibris","tag-kibrista","tag-kurumu","tag-ortak","tag-tarih","tag-turk","tag-vakiflar"],"jetpack_publicize_connections":[],"jetpack_featured_media_url":"https:\/\/i0.wp.com\/www.tvturk.com\/wp-content\/uploads\/2019\/05\/turk-tarih-kurumu-ve-kibris-vakiflar-idaresi-kibrista-ortak-etkinlikler-duzenleyecek_5b7f368.jpg?fit=750%2C1000","jetpack_sharing_enabled":true,"jetpack_shortlink":"https:\/\/wp.me\/paKIfm-Glb","_links":{"self":[{"href":"http:\/\/www.tvturk.com\/index.php\/wp-json\/wp\/v2\/posts\/162761","targetHints":{"allow":["GET"]}}],"collection":[{"href":"http:\/\/www.tvturk.com\/index.php\/wp-json\/wp\/v2\/posts"}],"about":[{"href":"http:\/\/www.tvturk.com\/index.php\/wp-json\/wp\/v2\/types\/post"}],"author":[{"embeddable":true,"href":"http:\/\/www.tvturk.com\/index.php\/wp-json\/wp\/v2\/users\/1"}],"replies":[{"embeddable":true,"href":"http:\/\/www.tvturk.com\/index.php\/wp-json\/wp\/v2\/comments?post=162761"}],"version-history":[{"count":0,"href":"http:\/\/www.tvturk.com\/index.php\/wp-json\/wp\/v2\/posts\/162761\/revisions"}],"wp:featuredmedia":[{"embeddable":true,"href":"http:\/\/www.tvturk.com\/index.php\/wp-json\/wp\/v2\/media\/162762"}],"wp:attachment":[{"href":"http:\/\/www.tvturk.com\/index.php\/wp-json\/wp\/v2\/media?parent=162761"}],"wp:term":[{"taxonomy":"category","embeddable":true,"href":"http:\/\/www.tvturk.com\/index.php\/wp-json\/wp\/v2\/categories?post=162761"},{"taxonomy":"post_tag","embeddable":true,"href":"http:\/\/www.tvturk.com\/index.php\/wp-json\/wp\/v2\/tags?post=162761"}],"curies":[{"name":"wp","href":"https:\/\/api.w.org\/{rel}","templated":true}]}}