{"id":162765,"date":"2019-05-27T18:49:19","date_gmt":"2019-05-27T15:49:19","guid":{"rendered":"http:\/\/www.tvturk.com\/index.php\/16-yilinda-da-unutulmadilar\/"},"modified":"2019-05-27T18:49:19","modified_gmt":"2019-05-27T15:49:19","slug":"16-yilinda-da-unutulmadilar","status":"publish","type":"post","link":"http:\/\/www.tvturk.com\/index.php\/16-yilinda-da-unutulmadilar\/","title":{"rendered":"16. y\u0131l\u0131nda da unutulmad\u0131lar"},"content":{"rendered":"<p>Trabzon\u2019un Ma\u00e7ka il\u00e7esinde  16 y\u0131l \u00f6nce meydana gelen u\u00e7ak kazas\u0131nda hayat\u0131n\u0131 kaybeden 62 \u0130spanyol Bar\u0131\u015f G\u00fcc\u00fc askeri ile m\u00fcrettebat d\u00fczenlenen  t\u00f6renle an\u0131ld\u0131.<\/p>\n<p>Ma\u00e7ka il\u00e7esine ba\u011fl\u0131 Pilav Da\u011f\u0131nda u\u00e7a\u011f\u0131n d\u00fc\u015ft\u00fc\u011f\u00fc yerde ger\u00e7ekle\u015ftirilen t\u00f6rene \u0130spanya\u2019n\u0131n Ankara B\u00fcy\u00fckel\u00e7isi Juan Gonzalez-Barba, \u0130spanya Savunma Ate\u015fi Alpay Cesar Gutierrez de La Camara, Ma\u00e7ka Belediye Ba\u015fkan\u0131 Koray Ko\u00e7han ve \u0130spanyol askerler kat\u0131l\u0131rken t\u00f6rende, kazada hayat\u0131n\u0131 kaybeden  \u0130spanyol askerler i\u00e7in yapt\u0131r\u0131lan an\u0131ta \u00e7elenk konularak  sayg\u0131 duru\u015funda bulunuldu.<\/p>\n<p>Burada bir konu\u015fma yapan B\u00fcy\u00fckel\u00e7isi Gonzalez-Barba, \u201c\u0130spanya kahraman askerlerimizi asla unutmayacak\u201d dedi.<\/p>\n<p>T\u00f6renin ard\u0131ndan \u0130spanyol heyet,  Ma\u00e7ka il\u00e7esine gelerek burada bulunan T\u00fcrk-\u0130spanyol Dostluk An\u0131t\u0131\u2019na da \u00e7elenk koydu.<\/p>\n<p>Sayg\u0131 duru\u015funda bulunulmas\u0131n\u0131n ard\u0131ndan B\u00fcy\u00fckel\u00e7isi Gonzalez-Barba, \u015feref defterini imzalad\u0131ktan sonra Ma\u00e7ka Belediyesini ziyaret ederek Ba\u015fkan Koray Ko\u00e7han ile bir s\u00fcre g\u00f6r\u00fc\u015ft\u00fc. Ba\u015fkan Ko\u00e7han makam\u0131nda g\u00f6r\u00fc\u015ft\u00fc\u011f\u00fc B\u00fcy\u00fckel\u00e7isi Gonzalez-Barba\u2019ya g\u00fcm\u00fc\u015f i\u015fleme hediye etti.<\/p>\n<p>\u00d6te yandan 26 May\u0131s 2003 tarihinde Afganistan\u2019da g\u00f6rev yapan \u0130spanyol Bar\u0131\u015f G\u00fcc\u00fc askerlerini ta\u015f\u0131yan Ukrayna\u2019n\u0131n UmAir Havayollar\u0131\u2019na ait YAK &#8211; 42 tipi u\u00e7ak, yak\u0131t ikmali i\u00e7in Trabzon Havaliman\u0131\u2019na inmek isterken, a\u015f\u0131r\u0131 sis nedeniyle Ma\u00e7ka il\u00e7esi Atasu Beldesi\u2019ndeki Pilav Da\u011f\u0131\u2019na \u00e7arpm\u0131\u015f, kazada 62\u2019si \u0130spanyol asker, 13\u2019\u00fc Ukraynal\u0131 m\u00fcrettebat olmak \u00fczere 75 ki\u015fi hayat\u0131n\u0131 kaybetmi\u015fti.<\/p>\n","protected":false},"excerpt":{"rendered":"<p>TRABZON&#8217;UN MA\u00c7KA \u0130L\u00c7ES\u0130NDE  16 YIL \u00d6NCE MEYDANA GELEN U\u00c7AK KAZASINDA HAYATINI KAYBEDEN 62 \u0130SPANYOL BARI\u015e G\u00dcC\u00dc ASKER\u0130 \u0130LE M\u00dcRETTEBAT D\u00dcZENLENEN  T\u00d6RENLE ANILDI.<\/p>\n","protected":false},"author":1,"featured_media":162766,"comment_status":"closed","ping_status":"open","sticky":false,"template":"","format":"standard","meta":{"jetpack_post_was_ever_published":false,"_jetpack_newsletter_access":"","_jetpack_dont_email_post_to_subs":false,"_jetpack_newsletter_tier_id":0,"_jetpack_memberships_contains_paywalled_content":false,"_jetpack_memberships_contains_paid_content":false,"footnotes":"","jetpack_publicize_message":"","jetpack_publicize_feature_enabled":true,"jetpack_social_post_already_shared":true,"jetpack_social_options":{"image_generator_settings":{"template":"highway","default_image_id":0,"font":"","enabled":false},"version":2}},"categories":[1],"tags":[8185,38425,6266],"class_list":["post-162765","post","type-post","status-publish","format-standard","has-post-thumbnail","hentry","category-genel","tag-8185","tag-unutulmadilar","tag-yilinda"],"jetpack_publicize_connections":[],"jetpack_featured_media_url":"https:\/\/i0.wp.com\/www.tvturk.com\/wp-content\/uploads\/2019\/05\/16-yilinda-da-unutulmadilar_f2857fb.jpg?fit=1000%2C666","jetpack_sharing_enabled":true,"jetpack_shortlink":"https:\/\/wp.me\/paKIfm-Glf","_links":{"self":[{"href":"http:\/\/www.tvturk.com\/index.php\/wp-json\/wp\/v2\/posts\/162765","targetHints":{"allow":["GET"]}}],"collection":[{"href":"http:\/\/www.tvturk.com\/index.php\/wp-json\/wp\/v2\/posts"}],"about":[{"href":"http:\/\/www.tvturk.com\/index.php\/wp-json\/wp\/v2\/types\/post"}],"author":[{"embeddable":true,"href":"http:\/\/www.tvturk.com\/index.php\/wp-json\/wp\/v2\/users\/1"}],"replies":[{"embeddable":true,"href":"http:\/\/www.tvturk.com\/index.php\/wp-json\/wp\/v2\/comments?post=162765"}],"version-history":[{"count":0,"href":"http:\/\/www.tvturk.com\/index.php\/wp-json\/wp\/v2\/posts\/162765\/revisions"}],"wp:featuredmedia":[{"embeddable":true,"href":"http:\/\/www.tvturk.com\/index.php\/wp-json\/wp\/v2\/media\/162766"}],"wp:attachment":[{"href":"http:\/\/www.tvturk.com\/index.php\/wp-json\/wp\/v2\/media?parent=162765"}],"wp:term":[{"taxonomy":"category","embeddable":true,"href":"http:\/\/www.tvturk.com\/index.php\/wp-json\/wp\/v2\/categories?post=162765"},{"taxonomy":"post_tag","embeddable":true,"href":"http:\/\/www.tvturk.com\/index.php\/wp-json\/wp\/v2\/tags?post=162765"}],"curies":[{"name":"wp","href":"https:\/\/api.w.org\/{rel}","templated":true}]}}