{"id":162775,"date":"2019-05-27T22:01:39","date_gmt":"2019-05-27T19:01:39","guid":{"rendered":"http:\/\/www.tvturk.com\/index.php\/kizilaydan-diyarbakir-fethi-programi\/"},"modified":"2019-05-27T22:01:39","modified_gmt":"2019-05-27T19:01:39","slug":"kizilaydan-diyarbakir-fethi-programi","status":"publish","type":"post","link":"http:\/\/www.tvturk.com\/index.php\/kizilaydan-diyarbakir-fethi-programi\/","title":{"rendered":"K\u0131z\u0131lay\u2019dan Diyarbak\u0131r Fethi Program\u0131"},"content":{"rendered":"<p>Yeni\u015fehir\u2019de Diyarbak\u0131r\u2019\u0131n fethinin 1380. y\u0131l\u0131 kutlamas\u0131na K\u0131z\u0131lay Genel Ba\u015fkan\u0131 Kerem K\u0131n\u0131k\u2019ta kat\u0131ld\u0131. K\u0131n\u0131k, Diyarbak\u0131rl\u0131lara 5 bin ki\u015filik kapasiteli a\u015f evi m\u00fcjdesi verdi.<\/p>\n<p>\u0130slam ordular\u0131n\u0131n, 27 May\u0131s 639 y\u0131l\u0131nda Diyarbak\u0131r\u2019\u0131 fethedili\u015finin y\u0131l d\u00f6n\u00fcm\u00fc, Yeni\u015fehir il\u00e7esindeki bir konferans salonunda d\u00fczenlenen iftar yeme\u011fiyle kutland\u0131. Programa T\u00fcrk K\u0131z\u0131lay Genel Ba\u015fkan\u0131 Kerem K\u0131n\u0131k, Diyarbak\u0131r Vali Yard\u0131mc\u0131s\u0131 Ahmet Naci Helvac\u0131o\u011flu, Yeni\u015fehir Kaymakam\u0131 Serdar Kartal, Ba\u011flar Kaymakam\u0131 Bar\u0131\u015f Demirta\u015f, Ba\u011flar Belediye Ba\u015fkan\u0131 H\u00fcseyin Beyo\u011flu, K\u0131z\u0131lay Diyarbak\u0131r \u015eube Ba\u015fkan\u0131 Mesut I\u015f\u0131k, K\u0131z\u0131lay g\u00f6n\u00fcll\u00fcleri ve vatanda\u015flar kat\u0131ld\u0131. Program Kur\u2019an-\u0131 Kerim tilavetinin ard\u0131ndan okunan ezanla ba\u015flad\u0131.<\/p>\n<p>\u0130ftar yeme\u011fi sonras\u0131 a\u00e7\u0131l\u0131\u015f konu\u015fmas\u0131 yapan T\u00fcrk K\u0131z\u0131lay Genel Ba\u015fkan\u0131 Kerem K\u0131n\u0131k Diyarbak\u0131r\u2019\u0131n fethedili\u015finin 1380. y\u0131l\u0131nda Diyarbak\u0131r\u2019da olmaktan mutlu oldu\u011funu dile getirdi. K\u0131n\u0131k, \u201cGe\u00e7en sene 23 milyon insana ula\u015fabildik, bu y\u0131lki hedefimiz daha yukar\u0131da ve sadece Ramazan ay\u0131nda hedefimiz 14 milyon insana ula\u015fmak. Bug\u00fcn memleketimizin her bir k\u00f6\u015fesinde t\u0131pk\u0131 bu g\u00fczel sofralar oldu\u011fu gibi sofralar kuruluyor. G\u00f6n\u00fclda\u015flar\u0131m\u0131z, muhtarlar\u0131m\u0131z, yetim ve hem\u015firelerimizle birlikte iftar yap\u0131yoruz.  \u0130ftar sofralar\u0131n\u0131n beraber kurulmas\u0131n\u0131n ba\u015fka bir bereketi var. Ramazan ay\u0131 zaten iklim olarak bar\u0131\u015f\u0131n yayg\u0131nla\u015ft\u0131\u011f\u0131 bir iklim. Birde payla\u015farak, birlikte olarak bereketlendirmi\u015f oluyoruz. Sadece \u00fclkemizde de\u011fil bug\u00fcn K\u0131z\u0131layc\u0131lar bu topraklar\u0131n k\u0131ymetlerini 38 farkl\u0131 \u00fclkeye ta\u015f\u0131yorlar, 38 farkl\u0131 \u00fclkede K\u0131z\u0131layc\u0131lar sava\u015flar\u0131n, afetlerin, yoksullu\u011fun bulundu\u011fu co\u011frafyalarda karde\u015flerimize d\u00fcnyan\u0131n mazlumlar\u0131na yard\u0131m g\u00f6t\u00fcr\u00fcyorlar. Bu sofralardan desteklerini bizden esirgemeyen k\u0131ymetli ba\u011f\u0131\u015f\u00e7\u0131lar\u0131m\u0131za, bu sofralar\u0131n ihtiya\u00e7 sahiplerine ula\u015ft\u0131r\u0131lm\u0131\u015f olmas\u0131nda \u00e7al\u0131\u015fan K\u0131z\u0131lay\u2019\u0131n k\u0131ymetli y\u00f6netici, g\u00f6n\u00fcll\u00fc, kad\u0131n kollar\u0131, gen\u00e7lik kollar\u0131n\u0131n k\u0131ymetli g\u00f6n\u00fcll\u00fclerine ve siz de\u011ferli hem\u015firelerimize \u015f\u00fckranlar\u0131m\u0131 arz ediyorum. K\u0131z\u0131lay sizlerle anlaml\u0131 sizlerle b\u00fcy\u00fck, desteklerinizi esirgemeyin\u201d dedi.<\/p>\n<p>\u201cDiyarbak\u0131r\u2019a yapaca\u011f\u0131m\u0131z \u00e7ok hizmetler olacak\u201d<\/p>\n<p>Diyarbak\u0131r\u2019da bir\u00e7ok projelerinin oldu\u011funu aktaran T\u00fcrk K\u0131z\u0131lay Genel Ba\u015fkan\u0131 Kerem K\u0131n\u0131k, 5 bin ki\u015filik kapasiteli a\u015f evi m\u00fcjdesi verdi. K\u0131n\u0131k, \u201c\u0130n\u015fallah en k\u0131sa zamanda g\u00fcnl\u00fck kapasitesi 5 bin civar\u0131nda olan bir a\u015fevimizi burada faaliyete sokaca\u011f\u0131z. Onun d\u0131\u015f\u0131nda Diyarbak\u0131r\u2019da Sosyal Yard\u0131m, Affet Lojistik ve Kan Operasyon Merkezi ve bunlar\u0131n yan\u0131nda \u00f6zellikle b\u00f6lgedeki i\u015fsizli\u011fin yok edilmesine toplumun g\u00fc\u00e7lendirilmesine ve \u015fenlendirilmesine y\u00f6nelik bir\u00e7ok kat\u0131l\u0131m, finans modeli ile Sosyal Giri\u015fimcilik Program\u0131n\u0131 in\u015fallah en yak\u0131n zamanda faaliyete ge\u00e7irmeyi d\u00fc\u015f\u00fcn\u00fcyoruz. Amac\u0131m\u0131z geride muhta\u00e7 bir tek insan b\u0131rakmamak, b\u00fct\u00fcn insanlar\u0131m\u0131z\u0131n onurlu \u015ferefli bir \u015fekilde kendi ge\u00e7imini sa\u011flayan yard\u0131ma muhta\u00e7 olmad\u0131\u011f\u0131, bir onurlu vatanda\u015fl\u0131k sa\u011flamak\u201d diye konu\u015ftu.<\/p>\n<p>Program hikayelerin anlat\u0131m\u0131 sonras\u0131 sona erdi.<\/p>\n","protected":false},"excerpt":{"rendered":"<p>T\u00dcRK KIZILAY\u2019I D\u0130YARBAKIR FETH\u0130N\u0130N 1380. YILINI KIZILAY GENEL BA\u015eKANI KEREM KINIK\u2019IN KATILIMIYLA D\u0130YARBAKIR\u2019DA KUTLANDI.<\/p>\n","protected":false},"author":1,"featured_media":162776,"comment_status":"closed","ping_status":"open","sticky":false,"template":"","format":"standard","meta":{"jetpack_post_was_ever_published":false,"_jetpack_newsletter_access":"","_jetpack_dont_email_post_to_subs":false,"_jetpack_newsletter_tier_id":0,"_jetpack_memberships_contains_paywalled_content":false,"_jetpack_memberships_contains_paid_content":false,"footnotes":"","jetpack_publicize_message":"","jetpack_publicize_feature_enabled":true,"jetpack_social_post_already_shared":true,"jetpack_social_options":{"image_generator_settings":{"template":"highway","default_image_id":0,"font":"","enabled":false},"version":2}},"categories":[1],"tags":[555,2623,13544,1999],"class_list":["post-162775","post","type-post","status-publish","format-standard","has-post-thumbnail","hentry","category-genel","tag-fethi","tag-diyarbakir","tag-kizilaydan","tag-programi"],"jetpack_publicize_connections":[],"jetpack_featured_media_url":"https:\/\/i0.wp.com\/www.tvturk.com\/wp-content\/uploads\/2019\/05\/kizilaydan-diyarbakir-fethi-programi_65bc405.jpg?fit=1000%2C666","jetpack_sharing_enabled":true,"jetpack_shortlink":"https:\/\/wp.me\/paKIfm-Glp","_links":{"self":[{"href":"http:\/\/www.tvturk.com\/index.php\/wp-json\/wp\/v2\/posts\/162775","targetHints":{"allow":["GET"]}}],"collection":[{"href":"http:\/\/www.tvturk.com\/index.php\/wp-json\/wp\/v2\/posts"}],"about":[{"href":"http:\/\/www.tvturk.com\/index.php\/wp-json\/wp\/v2\/types\/post"}],"author":[{"embeddable":true,"href":"http:\/\/www.tvturk.com\/index.php\/wp-json\/wp\/v2\/users\/1"}],"replies":[{"embeddable":true,"href":"http:\/\/www.tvturk.com\/index.php\/wp-json\/wp\/v2\/comments?post=162775"}],"version-history":[{"count":0,"href":"http:\/\/www.tvturk.com\/index.php\/wp-json\/wp\/v2\/posts\/162775\/revisions"}],"wp:featuredmedia":[{"embeddable":true,"href":"http:\/\/www.tvturk.com\/index.php\/wp-json\/wp\/v2\/media\/162776"}],"wp:attachment":[{"href":"http:\/\/www.tvturk.com\/index.php\/wp-json\/wp\/v2\/media?parent=162775"}],"wp:term":[{"taxonomy":"category","embeddable":true,"href":"http:\/\/www.tvturk.com\/index.php\/wp-json\/wp\/v2\/categories?post=162775"},{"taxonomy":"post_tag","embeddable":true,"href":"http:\/\/www.tvturk.com\/index.php\/wp-json\/wp\/v2\/tags?post=162775"}],"curies":[{"name":"wp","href":"https:\/\/api.w.org\/{rel}","templated":true}]}}