{"id":162779,"date":"2019-05-27T22:15:20","date_gmt":"2019-05-27T19:15:20","guid":{"rendered":"http:\/\/www.tvturk.com\/index.php\/sehit-belediye-baskani-cuneyt-yildiz-yad-edildi\/"},"modified":"2019-05-27T22:15:20","modified_gmt":"2019-05-27T19:15:20","slug":"sehit-belediye-baskani-cuneyt-yildiz-yad-edildi","status":"publish","type":"post","link":"http:\/\/www.tvturk.com\/index.php\/sehit-belediye-baskani-cuneyt-yildiz-yad-edildi\/","title":{"rendered":"\u015eehit Belediye Ba\u015fkan\u0131 C\u00fcneyt Y\u0131ld\u0131z y\u00e2d edildi"},"content":{"rendered":"<p>Bursa\u2019n\u0131n G\u00fcrsu il\u00e7esinde makam\u0131nda silahla vurularak \u015fehit edilen Belediye Ba\u015fkan\u0131 C\u00fcneyt Y\u0131ld\u0131z, \u00f6l\u00fcm\u00fcn\u00fcn 4. y\u0131l\u0131nda okunan dualar ve iftar yeme\u011fi ile yad edildi.<\/p>\n<p>Bursa\u2019da makam\u0131nda \u015fehit edilen G\u00fcrsu Belediye Ba\u015fkan\u0131 C\u00fcneyt Y\u0131ld\u0131z i\u00e7in \u00f6l\u00fcm\u00fcn\u00fcn 4. y\u0131l\u0131nda anma program\u0131 d\u00fczenlendi. G\u00fcrsu Belediye Ba\u015fkan\u0131 Mustafa I\u015f\u0131k, \u015fehidin yak\u0131nlar\u0131 ve \u00e7ok say\u0131da G\u00fcrsu halk\u0131 \u015fehit Y\u0131ld\u0131z\u2019\u0131n kabrine giderek dua edip, Kur\u2019an-\u0131 Kerim okudu. Ard\u0131ndan C\u00fcneyt Y\u0131ld\u0131z\u2019\u0131 anmak i\u00e7in G\u00fcrsu Belediyesine y\u00fcr\u00fcyen vatanda\u015flar G\u00fcrsu Belediyesi taraf\u0131ndan verilen iftar yeme\u011fi ile iftarlar\u0131n\u0131 a\u00e7t\u0131. \u0130ftar\u0131n ard\u0131ndan \u015fehit Ba\u015fkan i\u00e7in G\u00fcrsu Merkez Camii\u2019nde mevlit okutuldu.<\/p>\n","protected":false},"excerpt":{"rendered":"<p>BURSA\u2019NIN G\u00dcRSU \u0130L\u00c7ES\u0130NDE MAKAMINDA S\u0130LAHLA VURULARAK \u00d6LD\u00dcR\u00dcLEN BELED\u0130YE BA\u015eKANI C\u00dcNEYT YILDIZ \u0130\u00c7\u0130N \u00d6L\u00dcM\u00dcN\u00dcN 4. YILINDA \u0130FTAR YEME\u011e\u0130 VER\u0130LD\u0130.<\/p>\n","protected":false},"author":1,"featured_media":162780,"comment_status":"closed","ping_status":"open","sticky":false,"template":"","format":"standard","meta":{"jetpack_post_was_ever_published":false,"_jetpack_newsletter_access":"","_jetpack_dont_email_post_to_subs":false,"_jetpack_newsletter_tier_id":0,"_jetpack_memberships_contains_paywalled_content":false,"_jetpack_memberships_contains_paid_content":false,"footnotes":"","jetpack_publicize_message":"","jetpack_publicize_feature_enabled":true,"jetpack_social_post_already_shared":true,"jetpack_social_options":{"image_generator_settings":{"template":"highway","default_image_id":0,"font":"","enabled":false},"version":2}},"categories":[1],"tags":[216,134,8559,857,237,18519,8902],"class_list":["post-162779","post","type-post","status-publish","format-standard","has-post-thumbnail","hentry","category-genel","tag-baskani","tag-belediye","tag-cuneyt","tag-edildi","tag-sehit","tag-yad","tag-yildiz"],"jetpack_publicize_connections":[],"jetpack_featured_media_url":"https:\/\/i0.wp.com\/www.tvturk.com\/wp-content\/uploads\/2019\/05\/sehit-belediye-baskani-cuneyt-yildiz-yd-edildi_c1cd1f3.jpg?fit=1000%2C562","jetpack_sharing_enabled":true,"jetpack_shortlink":"https:\/\/wp.me\/paKIfm-Glt","_links":{"self":[{"href":"http:\/\/www.tvturk.com\/index.php\/wp-json\/wp\/v2\/posts\/162779","targetHints":{"allow":["GET"]}}],"collection":[{"href":"http:\/\/www.tvturk.com\/index.php\/wp-json\/wp\/v2\/posts"}],"about":[{"href":"http:\/\/www.tvturk.com\/index.php\/wp-json\/wp\/v2\/types\/post"}],"author":[{"embeddable":true,"href":"http:\/\/www.tvturk.com\/index.php\/wp-json\/wp\/v2\/users\/1"}],"replies":[{"embeddable":true,"href":"http:\/\/www.tvturk.com\/index.php\/wp-json\/wp\/v2\/comments?post=162779"}],"version-history":[{"count":0,"href":"http:\/\/www.tvturk.com\/index.php\/wp-json\/wp\/v2\/posts\/162779\/revisions"}],"wp:featuredmedia":[{"embeddable":true,"href":"http:\/\/www.tvturk.com\/index.php\/wp-json\/wp\/v2\/media\/162780"}],"wp:attachment":[{"href":"http:\/\/www.tvturk.com\/index.php\/wp-json\/wp\/v2\/media?parent=162779"}],"wp:term":[{"taxonomy":"category","embeddable":true,"href":"http:\/\/www.tvturk.com\/index.php\/wp-json\/wp\/v2\/categories?post=162779"},{"taxonomy":"post_tag","embeddable":true,"href":"http:\/\/www.tvturk.com\/index.php\/wp-json\/wp\/v2\/tags?post=162779"}],"curies":[{"name":"wp","href":"https:\/\/api.w.org\/{rel}","templated":true}]}}