{"id":162785,"date":"2019-05-27T23:21:25","date_gmt":"2019-05-27T20:21:25","guid":{"rendered":"http:\/\/www.tvturk.com\/index.php\/maden-ocaginda-iftar\/"},"modified":"2019-05-27T23:21:25","modified_gmt":"2019-05-27T20:21:25","slug":"maden-ocaginda-iftar","status":"publish","type":"post","link":"http:\/\/www.tvturk.com\/index.php\/maden-ocaginda-iftar\/","title":{"rendered":"Maden oca\u011f\u0131nda iftar"},"content":{"rendered":"<p>T\u00fcrk \u0130\u015f Genel Ba\u015fkan\u0131 Erg\u00fcn Atalay ve Maden-\u0130\u015f Genel Ba\u015fkan\u0131 Nurettin Ak\u00e7ul, Park Termik Maden Oca\u011f\u0131 J Sekt\u00f6r\u00fcnde \u0130\u015f\u00e7iler ile birlikte oru\u00e7 a\u00e7t\u0131.<\/p>\n<p>T\u00fcrk \u0130\u015f Genel Ba\u015fkan\u0131 Erg\u00fcn Atalay ve Maden-\u0130\u015f Genel Ba\u015fkan\u0131 Nurettin Ak\u00e7ul\u2019u maden oca\u011f\u0131nda Park Genel M\u00fcd\u00fcr\u00fc Selim \u015eenkal, Y\u00f6netim Kurulu \u00fcyesi Ali Co\u015fkun Duyak, Maden \u0130\u015fletme M\u00fcd\u00fcr\u00fc Faik Ustaba\u015f\u0131 kar\u015f\u0131lad\u0131. Genel ba\u015fkanlar, maden oca\u011f\u0131na giri\u015f i\u00e7in haz\u0131rland\u0131 ve seminere kat\u0131ld\u0131. Seminerin ard\u0131ndan Maden J Sekt\u00f6r\u00fcne giden ba\u015fkanlar,  i\u015f\u00e7ilerin kendi evlerinden getirdikleri kumanyalar ile haz\u0131rlanm\u0131\u015f olan madenci sofras\u0131nda yer alarak oru\u00e7 a\u00e7t\u0131.<\/p>\n<p>Ba\u015fkan Atalay, i\u015f\u00e7iler ile sohbet etti ve \u00e7al\u0131\u015fanlara \u00f6zellikle son d\u00f6nemde g\u00fcndemde olan k\u0131dem tazminat\u0131 konusunda de\u011ferlendirmelerde bulundu.<\/p>\n","protected":false},"excerpt":{"rendered":"<p>T\u00dcRK \u0130\u015e GENEL BA\u015eKANI ERG\u00dcN ATALAY VE MADEN-\u0130\u015e GENEL BA\u015eKANI NURETT\u0130N AK\u00c7UL, PARK TERM\u0130K MADEN OCA\u011eI J SEKT\u00d6R\u00dcNDE \u0130\u015e\u00c7\u0130LER \u0130LE B\u0130RL\u0130KTE ORU\u00c7 A\u00c7TI.<\/p>\n","protected":false},"author":1,"featured_media":162786,"comment_status":"closed","ping_status":"open","sticky":false,"template":"","format":"standard","meta":{"jetpack_post_was_ever_published":false,"_jetpack_newsletter_access":"","_jetpack_dont_email_post_to_subs":false,"_jetpack_newsletter_tier_id":0,"_jetpack_memberships_contains_paywalled_content":false,"_jetpack_memberships_contains_paid_content":false,"footnotes":"","jetpack_publicize_message":"","jetpack_publicize_feature_enabled":true,"jetpack_social_post_already_shared":true,"jetpack_social_options":{"image_generator_settings":{"template":"highway","default_image_id":0,"font":"","enabled":false},"version":2}},"categories":[1],"tags":[30333,4622,15301],"class_list":["post-162785","post","type-post","status-publish","format-standard","has-post-thumbnail","hentry","category-genel","tag-iftar","tag-maden","tag-ocaginda"],"jetpack_publicize_connections":[],"jetpack_featured_media_url":"https:\/\/i0.wp.com\/www.tvturk.com\/wp-content\/uploads\/2019\/05\/maden-ocaginda-iftar_76ce894.jpg?fit=1000%2C750","jetpack_sharing_enabled":true,"jetpack_shortlink":"https:\/\/wp.me\/paKIfm-Glz","_links":{"self":[{"href":"http:\/\/www.tvturk.com\/index.php\/wp-json\/wp\/v2\/posts\/162785","targetHints":{"allow":["GET"]}}],"collection":[{"href":"http:\/\/www.tvturk.com\/index.php\/wp-json\/wp\/v2\/posts"}],"about":[{"href":"http:\/\/www.tvturk.com\/index.php\/wp-json\/wp\/v2\/types\/post"}],"author":[{"embeddable":true,"href":"http:\/\/www.tvturk.com\/index.php\/wp-json\/wp\/v2\/users\/1"}],"replies":[{"embeddable":true,"href":"http:\/\/www.tvturk.com\/index.php\/wp-json\/wp\/v2\/comments?post=162785"}],"version-history":[{"count":0,"href":"http:\/\/www.tvturk.com\/index.php\/wp-json\/wp\/v2\/posts\/162785\/revisions"}],"wp:featuredmedia":[{"embeddable":true,"href":"http:\/\/www.tvturk.com\/index.php\/wp-json\/wp\/v2\/media\/162786"}],"wp:attachment":[{"href":"http:\/\/www.tvturk.com\/index.php\/wp-json\/wp\/v2\/media?parent=162785"}],"wp:term":[{"taxonomy":"category","embeddable":true,"href":"http:\/\/www.tvturk.com\/index.php\/wp-json\/wp\/v2\/categories?post=162785"},{"taxonomy":"post_tag","embeddable":true,"href":"http:\/\/www.tvturk.com\/index.php\/wp-json\/wp\/v2\/tags?post=162785"}],"curies":[{"name":"wp","href":"https:\/\/api.w.org\/{rel}","templated":true}]}}