{"id":162820,"date":"2019-05-28T09:46:58","date_gmt":"2019-05-28T06:46:58","guid":{"rendered":"http:\/\/www.tvturk.com\/index.php\/ozel-camlica-kulesi-isiklandirildi\/"},"modified":"2019-05-28T09:46:58","modified_gmt":"2019-05-28T06:46:58","slug":"ozel-camlica-kulesi-isiklandirildi","status":"publish","type":"post","link":"http:\/\/www.tvturk.com\/index.php\/ozel-camlica-kulesi-isiklandirildi\/","title":{"rendered":"(\u00d6zel) \u00c7aml\u0131ca Kulesi \u0131\u015f\u0131kland\u0131r\u0131ld\u0131"},"content":{"rendered":"<p>K\u00fc\u00e7\u00fck \u00c7aml\u0131ca TV-Radyo Kulesi in\u015faat\u0131nda sona yakla\u015f\u0131l\u0131rken kulenin anten k\u0131sm\u0131na u\u00e7ak ikaz lambas\u0131 yerle\u015ftirildi ve en \u00fcst k\u0131sm\u0131 da ayd\u0131nlat\u0131ld\u0131.<\/p>\n<p>\u00c7aml\u0131ca\u2019da g\u00f6r\u00fcnt\u00fc kirlili\u011fi olu\u015fturan antenlerin ve kulelerinin tek bir noktada toplanmas\u0131 i\u00e7in yap\u0131m\u0131na ba\u015flanan K\u00fc\u00e7\u00fck \u00c7aml\u0131ca TV-Radyo Kulesi in\u015faat\u0131nda sona yakla\u015f\u0131l\u0131yor. Kulenin anten k\u0131sm\u0131na u\u00e7ak ikaz lambas\u0131 yerle\u015ftirilirken en \u00fcst k\u0131sm\u0131 da ayd\u0131nlat\u0131ld\u0131. Kulenin \u0131\u015f\u0131kland\u0131r\u0131lm\u0131\u015f hali havadan g\u00f6r\u00fcnt\u00fclendi. I\u015f\u0131l \u0131\u015f\u0131l \u0130stanbul manzaras\u0131yla kule g\u00f6renleri hayran b\u0131rakt\u0131.<\/p>\n<p>Kulenin antenin farkl\u0131 noktalar\u0131na u\u00e7ak ikaz lambas\u0131 monte edilirken kulenin tepesinin de \u0131\u015f\u0131kland\u0131r\u0131ld\u0131\u011f\u0131 g\u00f6r\u00fcld\u00fc. 388,5 metre y\u00fcksekli\u011findeki kulede, restoranlar\u0131n ve di\u011fer sosyal alanlar\u0131n i\u00e7inde yer alaca\u011f\u0131 bloklar bir bir yerine yerle\u015ftiriliyor. \u015eantiye alan\u0131nda kulenin bir blo\u011funun daha yap\u0131ld\u0131\u011f\u0131 g\u00f6r\u00fcld\u00fc.<\/p>\n<p>\u00d6te yandan kulenin \u0131\u015f\u0131kland\u0131r\u0131lm\u0131\u015f hali ve \u0131\u015f\u0131l \u0131\u015f\u0131l \u0130stanbul manzaras\u0131 havadan g\u00f6r\u00fcnt\u00fclendi. G\u00f6r\u00fcnt\u00fclerde u\u00e7ak ikaz \u0131\u015f\u0131\u011f\u0131 ve en tepesindeki \u0131\u015f\u0131kland\u0131r\u0131lma g\u00f6r\u00fcl\u00fcyor. Ayn\u0131 zamanda \u0130stanbul\u2019un \u0131\u015f\u0131l \u0131\u015f\u0131l haliyle kulenin g\u00f6r\u00fcnt\u00fcs\u00fc mest etti.<\/p>\n","protected":false},"excerpt":{"rendered":"<p>K\u00dc\u00c7\u00dcK \u00c7AMLICA TV-RADYO KULES\u0130 \u0130N\u015eAATINDA SONA YAKLA\u015eILIRKEN KULEN\u0130N ANTEN KISMINA U\u00c7AK \u0130KAZ LAMBASI YERLE\u015eT\u0130R\u0130LD\u0130 VE EN \u00dcST KISMI DA AYDINLATILDI.<\/p>\n","protected":false},"author":1,"featured_media":162821,"comment_status":"closed","ping_status":"open","sticky":false,"template":"","format":"standard","meta":{"jetpack_post_was_ever_published":false,"_jetpack_newsletter_access":"","_jetpack_dont_email_post_to_subs":false,"_jetpack_newsletter_tier_id":0,"_jetpack_memberships_contains_paywalled_content":false,"_jetpack_memberships_contains_paid_content":false,"footnotes":"","jetpack_publicize_message":"","jetpack_publicize_feature_enabled":true,"jetpack_social_post_already_shared":true,"jetpack_social_options":{"image_generator_settings":{"template":"highway","default_image_id":0,"font":"","enabled":false},"version":2}},"categories":[1],"tags":[1073,21827,38427,11214],"class_list":["post-162820","post","type-post","status-publish","format-standard","has-post-thumbnail","hentry","category-genel","tag-ozel","tag-camlica","tag-isiklandirildi","tag-kulesi"],"jetpack_publicize_connections":[],"jetpack_featured_media_url":"https:\/\/i0.wp.com\/www.tvturk.com\/wp-content\/uploads\/2019\/05\/ozel-camlica-kulesi-isiklandirildi_5a27c4f.jpg?fit=1000%2C562","jetpack_sharing_enabled":true,"jetpack_shortlink":"https:\/\/wp.me\/paKIfm-Gm8","_links":{"self":[{"href":"http:\/\/www.tvturk.com\/index.php\/wp-json\/wp\/v2\/posts\/162820","targetHints":{"allow":["GET"]}}],"collection":[{"href":"http:\/\/www.tvturk.com\/index.php\/wp-json\/wp\/v2\/posts"}],"about":[{"href":"http:\/\/www.tvturk.com\/index.php\/wp-json\/wp\/v2\/types\/post"}],"author":[{"embeddable":true,"href":"http:\/\/www.tvturk.com\/index.php\/wp-json\/wp\/v2\/users\/1"}],"replies":[{"embeddable":true,"href":"http:\/\/www.tvturk.com\/index.php\/wp-json\/wp\/v2\/comments?post=162820"}],"version-history":[{"count":0,"href":"http:\/\/www.tvturk.com\/index.php\/wp-json\/wp\/v2\/posts\/162820\/revisions"}],"wp:featuredmedia":[{"embeddable":true,"href":"http:\/\/www.tvturk.com\/index.php\/wp-json\/wp\/v2\/media\/162821"}],"wp:attachment":[{"href":"http:\/\/www.tvturk.com\/index.php\/wp-json\/wp\/v2\/media?parent=162820"}],"wp:term":[{"taxonomy":"category","embeddable":true,"href":"http:\/\/www.tvturk.com\/index.php\/wp-json\/wp\/v2\/categories?post=162820"},{"taxonomy":"post_tag","embeddable":true,"href":"http:\/\/www.tvturk.com\/index.php\/wp-json\/wp\/v2\/tags?post=162820"}],"curies":[{"name":"wp","href":"https:\/\/api.w.org\/{rel}","templated":true}]}}