{"id":162830,"date":"2019-05-28T10:01:17","date_gmt":"2019-05-28T07:01:17","guid":{"rendered":"http:\/\/www.tvturk.com\/index.php\/japonyada-bicakli-dehset\/"},"modified":"2019-05-28T10:01:17","modified_gmt":"2019-05-28T07:01:17","slug":"japonyada-bicakli-dehset","status":"publish","type":"post","link":"http:\/\/www.tvturk.com\/index.php\/japonyada-bicakli-dehset\/","title":{"rendered":"Japonya\u2019da b\u0131\u00e7akl\u0131 deh\u015fet"},"content":{"rendered":"<p>Japonya\u2019da b\u0131\u00e7akla \u00e7evredekilere sald\u0131ran bir sald\u0131rgan 2 ki\u015finin \u00f6l\u00fcm\u00fcne neden oldu. 16 ki\u015finin yaraland\u0131\u011f\u0131 olay\u0131n ard\u0131ndan kendini de b\u0131\u00e7aklayan sald\u0131rgan \u00f6ld\u00fc.<\/p>\n<p>Japonya\u2019n\u0131n Kawasaki \u015fehrinde b\u0131\u00e7akl\u0131 sald\u0131r\u0131 deh\u015feti ya\u015fand\u0131. 50\u2019li ya\u015flarda oldu\u011fu tahmin edilen sald\u0131rgan, aralar\u0131nda \u00f6\u011frencilerin de bulundu\u011fu 16 ki\u015fiyi yaralay\u0131p, 2 ki\u015fiyi \u00f6ld\u00fcrd\u00fc. \u015eehirdeki Noborito \u0130stasyonu yak\u0131n\u0131nda sabah 07.40 sular\u0131nda meydana geldi\u011fi kaydedilen olaydaki kurbanlar\u0131n \u00e7o\u011funun, Tama B\u00f6lgesi\u2019ndeki bir otob\u00fcs dura\u011f\u0131nda bekleyen ayn\u0131 b\u00f6lgedeki \u00f6zel bir Katolik okulu olan Caritas \u0130lk\u00f6\u011fretim Okulu \u00f6\u011frencileri oldu\u011fu ifade edildi. Sabah saatlerde ya\u015fanan yo\u011funluk nedeniyle o b\u00f6lgeyi se\u00e7ti\u011fi tahmin edilen sald\u0131rgan\u0131n, elindeki 2 b\u0131\u00e7akla rastgele etraftakilere sald\u0131rd\u0131\u011f\u0131 \u00f6\u011frenildi. Olayda biri \u00f6\u011frenci, di\u011feri 30\u2019lu ya\u015flarda bir erkek olmak \u00fczere 2 ki\u015fi hayat\u0131n\u0131 kaybederken, \u00e7o\u011fu \u00f6\u011frencilerden olu\u015fan 16 ki\u015fi yaraland\u0131.<\/p>\n<p>B\u0131\u00e7akla kendini yaralad\u0131<\/p>\n<p>50\u2019li ya\u015flarda oldu\u011fu tahmin edilen \u015f\u00fcphelinin, polisin olay yerine gelmesiyle kendisini de boynundan b\u0131\u00e7aklad\u0131\u011f\u0131 \u00f6\u011frenilirken, k\u0131sa s\u00fcre sonra hayat\u0131n\u0131 kaybetti\u011fi a\u00e7\u0131kland\u0131. Polis ekipleri, olay yerinde sald\u0131r\u0131da kullan\u0131lan 2 b\u0131\u00e7a\u011f\u0131n bulundu\u011funu a\u00e7\u0131klad\u0131. Sald\u0131r\u0131n\u0131n nedeni hen\u00fcz kesin olarak bilinmezken, olayla ilgili soru\u015fturma s\u00fcr\u00fcyor.<\/p>\n","protected":false},"excerpt":{"rendered":"<p>JAPONYA&#8217;DA BI\u00c7AKLA \u00c7EVREDEK\u0130LERE SALDIRAN B\u0130R SALDIRGAN 2 K\u0130\u015e\u0130N\u0130N \u00d6L\u00dcM\u00dcNE NEDEN OLDU. 16 K\u0130\u015e\u0130N\u0130N YARALANDI\u011eI OLAYIN ARDINDAN KEND\u0130N\u0130 DE BI\u00c7AKLAYAN SALDIRGAN \u00d6LD\u00dc.<\/p>\n","protected":false},"author":1,"featured_media":162831,"comment_status":"closed","ping_status":"open","sticky":false,"template":"","format":"standard","meta":{"jetpack_post_was_ever_published":false,"_jetpack_newsletter_access":"","_jetpack_dont_email_post_to_subs":false,"_jetpack_newsletter_tier_id":0,"_jetpack_memberships_contains_paywalled_content":false,"_jetpack_memberships_contains_paid_content":false,"footnotes":"","jetpack_publicize_message":"","jetpack_publicize_feature_enabled":true,"jetpack_social_post_already_shared":true,"jetpack_social_options":{"image_generator_settings":{"template":"highway","default_image_id":0,"font":"","enabled":false},"version":2}},"categories":[10],"tags":[2136,4744,15716],"class_list":["post-162830","post","type-post","status-publish","format-standard","has-post-thumbnail","hentry","category-dunya","tag-bicakli","tag-dehset","tag-japonyada"],"jetpack_publicize_connections":[],"jetpack_featured_media_url":"https:\/\/i0.wp.com\/www.tvturk.com\/wp-content\/uploads\/2019\/05\/japonyada-bicakli-dehset_2b27a7a.jpg?fit=1000%2C653","jetpack_sharing_enabled":true,"jetpack_shortlink":"https:\/\/wp.me\/paKIfm-Gmi","_links":{"self":[{"href":"http:\/\/www.tvturk.com\/index.php\/wp-json\/wp\/v2\/posts\/162830","targetHints":{"allow":["GET"]}}],"collection":[{"href":"http:\/\/www.tvturk.com\/index.php\/wp-json\/wp\/v2\/posts"}],"about":[{"href":"http:\/\/www.tvturk.com\/index.php\/wp-json\/wp\/v2\/types\/post"}],"author":[{"embeddable":true,"href":"http:\/\/www.tvturk.com\/index.php\/wp-json\/wp\/v2\/users\/1"}],"replies":[{"embeddable":true,"href":"http:\/\/www.tvturk.com\/index.php\/wp-json\/wp\/v2\/comments?post=162830"}],"version-history":[{"count":0,"href":"http:\/\/www.tvturk.com\/index.php\/wp-json\/wp\/v2\/posts\/162830\/revisions"}],"wp:featuredmedia":[{"embeddable":true,"href":"http:\/\/www.tvturk.com\/index.php\/wp-json\/wp\/v2\/media\/162831"}],"wp:attachment":[{"href":"http:\/\/www.tvturk.com\/index.php\/wp-json\/wp\/v2\/media?parent=162830"}],"wp:term":[{"taxonomy":"category","embeddable":true,"href":"http:\/\/www.tvturk.com\/index.php\/wp-json\/wp\/v2\/categories?post=162830"},{"taxonomy":"post_tag","embeddable":true,"href":"http:\/\/www.tvturk.com\/index.php\/wp-json\/wp\/v2\/tags?post=162830"}],"curies":[{"name":"wp","href":"https:\/\/api.w.org\/{rel}","templated":true}]}}