{"id":162836,"date":"2019-05-28T10:04:01","date_gmt":"2019-05-28T07:04:01","guid":{"rendered":"http:\/\/www.tvturk.com\/index.php\/ege-bu-hafta-sicak-gececek\/"},"modified":"2019-05-28T10:04:01","modified_gmt":"2019-05-28T07:04:01","slug":"ege-bu-hafta-sicak-gececek","status":"publish","type":"post","link":"http:\/\/www.tvturk.com\/index.php\/ege-bu-hafta-sicak-gececek\/","title":{"rendered":"Ege, bu hafta s\u0131cak ge\u00e7ecek"},"content":{"rendered":"<p>Ege B\u00f6lgesi\u2019ndeki hava s\u0131cakl\u0131klar\u0131n\u0131n, cumartesi g\u00fcn\u00fcne kadar mevsim normallerinin 8 ila 10 derece \u00fczerinde seyretmesi bekleniyor.<\/p>\n<p>Meteoroloji 2. B\u00f6lge M\u00fcd\u00fcrl\u00fc\u011f\u00fcnden al\u0131nan bilgilere g\u00f6re, Afrika \u00fczerinden gelen s\u0131cak hava dalgas\u0131n\u0131n etkisi ile s\u0131cakl\u0131klar\u0131n, mevsim normallerinin 8 ila 10 derece \u00fczerine \u00e7\u0131kmas\u0131 bekleniyor. Meteoroloji 2. B\u00f6lge M\u00fcd\u00fcr\u00fc Dr. Mehmet Latif G\u00fcltekin, s\u0131cak hava dalgas\u0131n\u0131n cuma g\u00fcn\u00fcne kadar b\u00f6lgede etkili olaca\u011f\u0131n\u0131 belirtti.<\/p>\n<p>\u0130zmir 35 dereceye \u00e7\u0131k\u0131yor<\/p>\n<p>Ramazan ay\u0131n\u0131n ilk 3 haftas\u0131nda hava s\u0131cakl\u0131klar\u0131n\u0131n yer yer mevsim normallerinin alt\u0131nda seyretti\u011fini hat\u0131rlatan Meteoroloji 2. B\u00f6lge M\u00fcd\u00fcr\u00fc Dr. Mehmet Latif G\u00fcltekin, \u201cRamazan ay\u0131n\u0131n son haftas\u0131na girdi\u011fimiz bu g\u00fcnlerde Afrika \u00fczerinden gelen s\u0131cak hava dalgas\u0131n\u0131n etkisi ile s\u0131cakl\u0131klar\u0131n, mevsim normallerinin 8-10 derece \u00fczerine \u00e7\u0131kmas\u0131 bekleniyor. D\u00fcn ba\u015flayan s\u0131cak hava dalgas\u0131n\u0131n bug\u00fcn etkisini iyiden iyiye hissettirmesi bekleniyor. S\u0131cak hava dalgas\u0131 cuma g\u00fcn\u00fcne kadar b\u00f6lgede etkili olacak. \u0130zmir\u2019de 26 derece olan May\u0131s ay\u0131 ortalamalar\u0131n\u0131n bug\u00fcn 35 dereceye \u00e7\u0131kmas\u0131 bekleniyor. \u0130\u00e7 kesimlerde ise s\u0131cakl\u0131\u011f\u0131n 39 dereceye kadar \u00e7\u0131kaca\u011f\u0131 tahmin ediliyor. \u0130lerleyen g\u00fcnlerde bu s\u0131cakl\u0131klar\u0131n 33-34 derecelerde seyretmesinin ard\u0131ndan cumartesi kuzeyden ya\u011f\u0131\u015f ge\u00e7i\u015fleri ile birlikte s\u0131cakl\u0131klar\u0131n azalarak mevsim normallerine d\u00fc\u015fmesi bekleniyor\u201d dedi.<\/p>\n<p>\u0130\u00e7 kesimlere ve do\u011fuya hareket edecek<\/p>\n<p>Meteoroloji 2. B\u00f6lge M\u00fcd\u00fcrl\u00fc\u011f\u00fc kapsam\u0131nda olan \u0130zmir, Ayd\u0131n, Bal\u0131kesir, \u00c7anakkale ve Manisa\u2019da da cumartesi g\u00fcn\u00fcne kadar mevsim normallerinin \u00fczerinde hava s\u0131cakl\u0131klar\u0131n\u0131n tahmin edildi\u011fini kaydeden G\u00fcltekin, s\u0131cak hava dalgas\u0131n\u0131n Ege B\u00f6lgesinde etkili olmas\u0131n\u0131n ard\u0131ndan i\u00e7 kesimlere ve do\u011fuya do\u011fru hareketini s\u00fcrd\u00fcrece\u011fini, \u00e7ar\u015famba g\u00fcn\u00fcne gelindi\u011finde i\u00e7 kesimlerdeki s\u0131cakl\u0131klar\u0131n maksimum derecelere \u00e7\u0131kmas\u0131n\u0131n beklendi\u011fini ifade etti.<\/p>\n<p>A\u011fustos ay\u0131nda mevsim normallerinin \u00fczerinde seyredecek<\/p>\n<p>Mevsimlik tahminlere bak\u0131ld\u0131\u011f\u0131nda Haziran ve Temmuz ay\u0131nda \u00f6zellikle Ege B\u00f6lgesi i\u00e7in s\u0131cakl\u0131klar\u0131n mevsim normalleri civar\u0131nda seyredebilece\u011fini kaydeden G\u00fcltekin, \u201c\u0130\u00e7 Anadolu ve \u00fclkemizin kuzeydo\u011fu kesimlerinde Haziran ve Temmuz ay\u0131 mevsim normallerinin 1-2 derece \u00fczerinde seyredebilir. A\u011fustos ay\u0131nda ise Ege, Marmara, Karadeniz\u2019in bat\u0131 ve orta kesimleri ile \u0130\u00e7 Anadolu\u2019nun tamam\u0131nda s\u0131cakl\u0131klar\u0131n mevsim normallerinin 1-2 derece \u00fczerinde seyretmesi bekleniyor\u201d diye konu\u015ftu.<\/p>\n<p>S\u0131cakl\u0131k uyar\u0131s\u0131<\/p>\n<p>G\u00fcltekin, bu hafta boyunca ya\u015fanacak hava s\u0131cakl\u0131klar\u0131 ile ilgili vatanda\u015flara \u015fu uyar\u0131da bulundu:<\/p>\n<p>&#8220;S\u0131cakl\u0131klar, v\u00fccutta su kay\u0131plar\u0131 meydana getirebilir. \u00d6zellikle kronik hastal\u0131\u011f\u0131 olanlar, \u00e7ocuklar, ya\u015fl\u0131lar ve hamilelerin g\u00fcne\u015fin dik geldi\u011fi saatlerde d\u0131\u015far\u0131 \u00e7\u0131karken dikkatli olmalar\u0131 gerekiyor.&#8221;<\/p>\n","protected":false},"excerpt":{"rendered":"<p>METEOROLOJ\u0130 2. B\u00d6LGE M\u00dcD\u00dcR\u00dc DR. MEHMET LAT\u0130F G\u00dcLTEK\u0130N, SICAK HAVA DALGASININ CUMA G\u00dcN\u00dcNE KADAR B\u00d6LGEDE ETK\u0130L\u0130 OLACA\u011eINI BEL\u0130RTT\u0130.<\/p>\n","protected":false},"author":1,"featured_media":162837,"comment_status":"closed","ping_status":"open","sticky":false,"template":"","format":"standard","meta":{"jetpack_post_was_ever_published":false,"_jetpack_newsletter_access":"","_jetpack_dont_email_post_to_subs":false,"_jetpack_newsletter_tier_id":0,"_jetpack_memberships_contains_paywalled_content":false,"_jetpack_memberships_contains_paid_content":false,"footnotes":"","jetpack_publicize_message":"","jetpack_publicize_feature_enabled":true,"jetpack_social_post_already_shared":true,"jetpack_social_options":{"image_generator_settings":{"template":"highway","default_image_id":0,"font":"","enabled":false},"version":2}},"categories":[1],"tags":[2374,4177,1178,256],"class_list":["post-162836","post","type-post","status-publish","format-standard","has-post-thumbnail","hentry","category-genel","tag-ege","tag-gececek","tag-hafta","tag-sicak"],"jetpack_publicize_connections":[],"jetpack_featured_media_url":"https:\/\/i0.wp.com\/www.tvturk.com\/wp-content\/uploads\/2019\/05\/ege-bu-hafta-sicak-gececek_4df596d.jpg?fit=1000%2C750","jetpack_sharing_enabled":true,"jetpack_shortlink":"https:\/\/wp.me\/paKIfm-Gmo","_links":{"self":[{"href":"http:\/\/www.tvturk.com\/index.php\/wp-json\/wp\/v2\/posts\/162836","targetHints":{"allow":["GET"]}}],"collection":[{"href":"http:\/\/www.tvturk.com\/index.php\/wp-json\/wp\/v2\/posts"}],"about":[{"href":"http:\/\/www.tvturk.com\/index.php\/wp-json\/wp\/v2\/types\/post"}],"author":[{"embeddable":true,"href":"http:\/\/www.tvturk.com\/index.php\/wp-json\/wp\/v2\/users\/1"}],"replies":[{"embeddable":true,"href":"http:\/\/www.tvturk.com\/index.php\/wp-json\/wp\/v2\/comments?post=162836"}],"version-history":[{"count":0,"href":"http:\/\/www.tvturk.com\/index.php\/wp-json\/wp\/v2\/posts\/162836\/revisions"}],"wp:featuredmedia":[{"embeddable":true,"href":"http:\/\/www.tvturk.com\/index.php\/wp-json\/wp\/v2\/media\/162837"}],"wp:attachment":[{"href":"http:\/\/www.tvturk.com\/index.php\/wp-json\/wp\/v2\/media?parent=162836"}],"wp:term":[{"taxonomy":"category","embeddable":true,"href":"http:\/\/www.tvturk.com\/index.php\/wp-json\/wp\/v2\/categories?post=162836"},{"taxonomy":"post_tag","embeddable":true,"href":"http:\/\/www.tvturk.com\/index.php\/wp-json\/wp\/v2\/tags?post=162836"}],"curies":[{"name":"wp","href":"https:\/\/api.w.org\/{rel}","templated":true}]}}