{"id":162840,"date":"2019-05-28T10:07:19","date_gmt":"2019-05-28T07:07:19","guid":{"rendered":"http:\/\/www.tvturk.com\/index.php\/cilt-hastaliklari-baharda-artiyor\/"},"modified":"2019-05-28T10:07:19","modified_gmt":"2019-05-28T07:07:19","slug":"cilt-hastaliklari-baharda-artiyor","status":"publish","type":"post","link":"http:\/\/www.tvturk.com\/index.php\/cilt-hastaliklari-baharda-artiyor\/","title":{"rendered":"Cilt hastal\u0131klar\u0131 baharda art\u0131yor"},"content":{"rendered":"<p>Medline Adana Hastanesi Dermatoloji Uzman\u0131 Dr. Nalan K\u00fck\u00fcrt, g\u00fcne\u015fin y\u00fcz\u00fcn\u00fc iyiden iyiye g\u00f6stermesiyle birlikte baz\u0131 dermatolojik hastal\u0131klar\u0131n g\u00f6r\u00fclme s\u0131kl\u0131\u011f\u0131nda art\u0131\u015f oldu\u011funu, bunlar\u0131n en ba\u015f\u0131nda da g\u00fcne\u015f alerjisi ve kurde\u015fen geldi\u011fini s\u00f6yledi.<\/p>\n<p>Dr. Nalan K\u00fck\u00fcrt, g\u00fcne\u015fin zararl\u0131 \u0131\u015f\u0131nlar\u0131n\u0131n yol a\u00e7t\u0131\u011f\u0131 cilt hastal\u0131klar\u0131 hakk\u0131nda bilgiler vererek, bunlardan en s\u0131k kar\u015f\u0131la\u015f\u0131lanlar\u0131 \u015fu \u015fekilde s\u0131ralad\u0131:<\/p>\n<p>&#8220;G\u00fcne\u015f alerjisi<\/p>\n<p>G\u00fcne\u015f alerjisi, cildin g\u00fcne\u015fin zararl\u0131 \u0131\u015f\u0131nlar\u0131na g\u00f6sterdi\u011fi bir reaksiyon. Belirtileri genellikle ka\u015f\u0131nt\u0131l\u0131 k\u0131zar\u0131kl\u0131k, kabar\u0131kl\u0131k ve isilik \u015feklinde ortaya \u00e7\u0131k\u0131yor. Ancak \u015fiddetli g\u00fcne\u015f alerjisi; kurde\u015fen, sulu kabarc\u0131klar, \u015fi\u015flik \u015feklinde de kendini g\u00f6steriyor. Polimorf \u0131\u015f\u0131k reaksiyonu, iltihapl\u0131 ve ka\u015f\u0131nt\u0131l\u0131 cilde neden olan aktinik prurigo, kronik aktinik dermatit ve g\u00fcne\u015f \u00fcrtikeri (solar \u00fcrtiker) olarak bir\u00e7ok \u00e7e\u015fidi bulunuyor. Etkin bir \u015fekilde g\u00fcne\u015ften korunmak al\u0131nacak ilk ve en \u00f6nemli tedbir oluyor.<\/p>\n<p>Kurde\u015fen (\u00dcrtiker)<\/p>\n<p>Ara\u015ft\u0131rmalar, her d\u00f6rt ki\u015fiden birinin ya\u015fam\u0131 boyunca en az bir kez \u00fcrtiker ge\u00e7irdi\u011fini g\u00f6steriyor. \u00dcrtikere en \u00e7ok baharla birlikte polenlerin artmas\u0131 sebep oluyor. Deriden kabar\u0131k, basmakla solan, etraf\u0131 k\u0131zar\u0131k, s\u0131n\u0131rlar\u0131 belirgin ve ka\u015f\u0131nt\u0131l\u0131 d\u00f6k\u00fcnt\u00fcler \u00fcrtikerin belirtileri olarak \u00f6ne \u00e7\u0131k\u0131yor. Bu d\u00f6k\u00fcnt\u00fcler bir g\u00fcnden fazla ge\u00e7meden kayboluyor ve v\u00fccudun ba\u015fka yerlerinde tekrar \u00e7\u0131k\u0131yor. Ancak belirtiler hastalar\u0131 geceleri daha \u00e7ok rahats\u0131z ediyor ve ya\u015fam kalitelerini olumsuz etkiliyor. \u015eiddetli ka\u015f\u0131nt\u0131lar kimi zaman dayan\u0131lmaz boyutlara ula\u015fabiliyor. \u0130leri durumlarda g\u00f6z kapa\u011f\u0131 ve dudaklarda \u015fi\u015flikler meydana gelebiliyor ve bunun sonucunda da acil m\u00fcdahale edilmesi zorunlu bir hal al\u0131yor.<\/p>\n<p>Alerjik deri hastal\u0131klar\u0131<\/p>\n<p>Bahar aylar\u0131nda atopik egzama, alerjik rinit (saman nezlesi) ve ast\u0131m hastal\u0131\u011f\u0131 olan ki\u015filerde alerjik cilt hastal\u0131klar\u0131n\u0131n geli\u015fme ihtimali de fazlas\u0131yla art\u0131yor. Bu d\u00f6nemde \u00f6zellikle polenlerden, alerji yap\u0131c\u0131 g\u0131dalardan, ev tozu ve stresten m\u00fcmk\u00fcn oldu\u011funca ka\u00e7\u0131n\u0131lmas\u0131n\u0131n yan\u0131 s\u0131ra uzman bir hekimden de yard\u0131m al\u0131nmas\u0131 gerekiyor.<\/p>\n<p>Mantar enfeksiyonlar\u0131<\/p>\n<p>Bula\u015f\u0131c\u0131 bir deri enfeksiyonu olan ve yayg\u0131n olarak g\u00f6r\u00fclen mantar, v\u00fccuda giren organizmalar\u0131n yerle\u015fti\u011fi b\u00f6lgelerde sulu veya kuru deri, ka\u015f\u0131nt\u0131 ve k\u0131zar\u0131kl\u0131k \u015feklinde kendini belli ediyor. \u00d6zellikle \u015feker hastalar\u0131n\u0131n ayaklar\u0131nda ortaya \u00e7\u0131kan mantar hastal\u0131\u011f\u0131n\u0131n ihmal edilmemesi gerekiyor. Mantarlara ba\u011fl\u0131 deri hastal\u0131klar\u0131 s\u0131cak ve nemli ortamlarda daha fazla g\u00f6r\u00fcld\u00fcklerinden ki\u015fisel temizli\u011fe \u00f6zen g\u00f6stermek, hasta ki\u015filerle temastan ka\u00e7\u0131nmak, sentetik olmayan ayakkab\u0131lar giyinmek ve k\u0131yafet se\u00e7iminde pamuklu giysileri tercih etmek \u00f6nem ta\u015f\u0131yor.&#8221;<\/p>\n","protected":false},"excerpt":{"rendered":"<p>C\u0130LT HASTALIKLARININ BAHARDA ARTTI\u011eI B\u0130LD\u0130R\u0130LD\u0130.<\/p>\n","protected":false},"author":1,"featured_media":162841,"comment_status":"closed","ping_status":"open","sticky":false,"template":"","format":"standard","meta":{"jetpack_post_was_ever_published":false,"_jetpack_newsletter_access":"","_jetpack_dont_email_post_to_subs":false,"_jetpack_newsletter_tier_id":0,"_jetpack_memberships_contains_paywalled_content":false,"_jetpack_memberships_contains_paid_content":false,"footnotes":"","jetpack_publicize_message":"","jetpack_publicize_feature_enabled":true,"jetpack_social_post_already_shared":true,"jetpack_social_options":{"image_generator_settings":{"template":"highway","default_image_id":0,"font":"","enabled":false},"version":2}},"categories":[1],"tags":[4552,24814,3813,3050],"class_list":["post-162840","post","type-post","status-publish","format-standard","has-post-thumbnail","hentry","category-genel","tag-artiyor","tag-baharda","tag-cilt","tag-hastaliklari"],"jetpack_publicize_connections":[],"jetpack_featured_media_url":"https:\/\/i0.wp.com\/www.tvturk.com\/wp-content\/uploads\/2019\/05\/cilt-hastaliklari-baharda-artiyor_408e3af.jpg?fit=1000%2C682","jetpack_sharing_enabled":true,"jetpack_shortlink":"https:\/\/wp.me\/paKIfm-Gms","_links":{"self":[{"href":"http:\/\/www.tvturk.com\/index.php\/wp-json\/wp\/v2\/posts\/162840","targetHints":{"allow":["GET"]}}],"collection":[{"href":"http:\/\/www.tvturk.com\/index.php\/wp-json\/wp\/v2\/posts"}],"about":[{"href":"http:\/\/www.tvturk.com\/index.php\/wp-json\/wp\/v2\/types\/post"}],"author":[{"embeddable":true,"href":"http:\/\/www.tvturk.com\/index.php\/wp-json\/wp\/v2\/users\/1"}],"replies":[{"embeddable":true,"href":"http:\/\/www.tvturk.com\/index.php\/wp-json\/wp\/v2\/comments?post=162840"}],"version-history":[{"count":0,"href":"http:\/\/www.tvturk.com\/index.php\/wp-json\/wp\/v2\/posts\/162840\/revisions"}],"wp:featuredmedia":[{"embeddable":true,"href":"http:\/\/www.tvturk.com\/index.php\/wp-json\/wp\/v2\/media\/162841"}],"wp:attachment":[{"href":"http:\/\/www.tvturk.com\/index.php\/wp-json\/wp\/v2\/media?parent=162840"}],"wp:term":[{"taxonomy":"category","embeddable":true,"href":"http:\/\/www.tvturk.com\/index.php\/wp-json\/wp\/v2\/categories?post=162840"},{"taxonomy":"post_tag","embeddable":true,"href":"http:\/\/www.tvturk.com\/index.php\/wp-json\/wp\/v2\/tags?post=162840"}],"curies":[{"name":"wp","href":"https:\/\/api.w.org\/{rel}","templated":true}]}}