{"id":162846,"date":"2019-05-28T10:20:06","date_gmt":"2019-05-28T07:20:06","guid":{"rendered":"http:\/\/www.tvturk.com\/index.php\/dikkat-bu-bal-adami-uzatur\/"},"modified":"2019-05-28T10:20:06","modified_gmt":"2019-05-28T07:20:06","slug":"dikkat-bu-bal-adami-uzatur","status":"publish","type":"post","link":"http:\/\/www.tvturk.com\/index.php\/dikkat-bu-bal-adami-uzatur\/","title":{"rendered":"&#8220;Dikkat bu bal adam\u0131 uzatur&#8221;"},"content":{"rendered":"<p>Rize\u2019de y\u00f6resel g\u0131da \u00fcr\u00fcnlerinin sat\u0131ld\u0131\u011f\u0131 bir \u015fark\u00fcteri i\u015fletmecili\u011fi yapan Ali \u0130hsan Yaz\u0131c\u0131, halk aras\u0131nda \u2018Deli bal\u2019 olarak da bilinen komar bal\u0131n\u0131n \u00fczerine yazd\u0131\u011f\u0131 yaz\u0131yla dikkat \u00e7ekiyor.<\/p>\n<p>Kontrols\u00fcz t\u00fcketilmesi halinde tansiyonu d\u00fc\u015f\u00fcren, insanlar\u0131n rahats\u0131zlanmas\u0131na hatta \u00f6l\u00fcm\u00fcne sebep olan \u2018Deli bal\u2019 t\u00fcketimine dikkat \u00e7ekmek isteyen Yaz\u0131c\u0131, bal\u0131n \u00fczerine \u2018Dikkat adami uzatur\u2019 yazd\u0131. Rize \u015fivesi ile yaz\u0131lan bu yaz\u0131 ise \u2018Dikkat adam\u0131 bay\u0131lt\u0131r\u2019 anlam\u0131na geliyor. \u00c7ok masumane g\u00f6r\u00fcnen bu yaz\u0131 asl\u0131nda herkese \u00f6l\u00fcmc\u00fcl bir uyar\u0131da da bulunuyor.<\/p>\n<p>Yaz\u0131c\u0131, satt\u0131\u011f\u0131 bal\u0131n \u00fczerine yazd\u0131\u011f\u0131 yaz\u0131 ile ilgili olarak &#8220;Beyaz komar bal\u0131m\u0131z genelde ila\u00e7 yap\u0131m\u0131nda kullan\u0131lmakta. \u0130\u00e7inde zifin \u00e7i\u00e7e\u011fi var, bizim y\u00fcksek yaylalarda bulunuyor. Bu bal genelde ila\u00e7 yap\u0131m\u0131nda kullan\u0131l\u0131yor. Kontrols\u00fcz bir bi\u00e7imde 2 ka\u015f\u0131k yendi\u011fi zaman tansiyonu 0\u2019a indirebiliyor. Yani \u00f6nlemini daha \u00f6nceden almak gerekiyor. K\u0131sacas\u0131 \u00e7ok \u00f6zel bir bald\u0131r\u201d dedi.<\/p>\n<p>Boy uzatm\u0131yor, yata\u011fa uzat\u0131yor<\/p>\n<p>&#8220;Uzat\u0131r&#8221; kelimesinin insan\u0131n bay\u0131lmas\u0131ndan geldi\u011fini ve bir espri oldu\u011funu dile getiren Yaz\u0131c\u0131 \u201cAdam\u0131 uzat\u0131r diye g\u00fczel bir espri mahiyetinde yazd\u0131k onu. Bizim amac\u0131m\u0131z 2.80 uzat\u0131r anlam\u0131ndayd\u0131 ama baz\u0131lar\u0131 boy uzat\u0131ra \u00e7ekiyorlar bizde b\u00f6yle devam ediyoruz. Kontrols\u00fcz kullan\u0131m halinde tansiyonu 0\u2019a indiriyor. Hemen tabi doktora gitmek gerekiyor\u201d ifadelerini kulland\u0131.<\/p>\n<p>Bal\u0131n fazla t\u00fcketilmesi halinde insan\u0131 \u00f6ld\u00fcrebilece\u011fini ve belli bir miktarda t\u00fcketilmesi gerekti\u011fini dile getiren Cemil Terzi isimli vatanda\u015f ise \u201cBu bal\u0131 fazla t\u00fcketti\u011fin zaman adam\u0131 2 80 uzat\u0131r. Yani do\u011fru toprak k\u00f6ye yollar. O y\u00fczden fazla yemeyeceksin. Her \u015fey karar\u0131nda g\u00fczeldir\u201d diye konu\u015ftu.<\/p>\n","protected":false},"excerpt":{"rendered":"<p>R\u0130ZE\u2019DE Y\u00d6RESEL \u00dcR\u00dcNLER\u0130N SATILDI\u011eI B\u0130R \u015eARK\u00dcTER\u0130 \u0130\u015eLETMEC\u0130L\u0130\u011e\u0130 YAPAN AL\u0130 \u0130HSAN YAZICI, HALK ARASINDA \u2018DEL\u0130 BAL\u2019 OLARAK DA B\u0130L\u0130NEN KOMAR BALININ \u00dcZER\u0130NE YAZDI\u011eI YAZIYLA D\u0130KKAT \u00c7EK\u0130YOR<\/p>\n","protected":false},"author":1,"featured_media":162847,"comment_status":"closed","ping_status":"open","sticky":false,"template":"","format":"standard","meta":{"jetpack_post_was_ever_published":false,"_jetpack_newsletter_access":"","_jetpack_dont_email_post_to_subs":false,"_jetpack_newsletter_tier_id":0,"_jetpack_memberships_contains_paywalled_content":false,"_jetpack_memberships_contains_paid_content":false,"footnotes":"","jetpack_publicize_message":"","jetpack_publicize_feature_enabled":true,"jetpack_social_post_already_shared":true,"jetpack_social_options":{"image_generator_settings":{"template":"highway","default_image_id":0,"font":"","enabled":false},"version":2}},"categories":[1],"tags":[433,2390,1440,38437],"class_list":["post-162846","post","type-post","status-publish","format-standard","has-post-thumbnail","hentry","category-genel","tag-adami","tag-bal","tag-dikkat","tag-uzatur"],"jetpack_publicize_connections":[],"jetpack_featured_media_url":"https:\/\/i0.wp.com\/www.tvturk.com\/wp-content\/uploads\/2019\/05\/dikkat-bu-bal-adami-uzatur_b220302.jpg?fit=1000%2C666","jetpack_sharing_enabled":true,"jetpack_shortlink":"https:\/\/wp.me\/paKIfm-Gmy","_links":{"self":[{"href":"http:\/\/www.tvturk.com\/index.php\/wp-json\/wp\/v2\/posts\/162846","targetHints":{"allow":["GET"]}}],"collection":[{"href":"http:\/\/www.tvturk.com\/index.php\/wp-json\/wp\/v2\/posts"}],"about":[{"href":"http:\/\/www.tvturk.com\/index.php\/wp-json\/wp\/v2\/types\/post"}],"author":[{"embeddable":true,"href":"http:\/\/www.tvturk.com\/index.php\/wp-json\/wp\/v2\/users\/1"}],"replies":[{"embeddable":true,"href":"http:\/\/www.tvturk.com\/index.php\/wp-json\/wp\/v2\/comments?post=162846"}],"version-history":[{"count":0,"href":"http:\/\/www.tvturk.com\/index.php\/wp-json\/wp\/v2\/posts\/162846\/revisions"}],"wp:featuredmedia":[{"embeddable":true,"href":"http:\/\/www.tvturk.com\/index.php\/wp-json\/wp\/v2\/media\/162847"}],"wp:attachment":[{"href":"http:\/\/www.tvturk.com\/index.php\/wp-json\/wp\/v2\/media?parent=162846"}],"wp:term":[{"taxonomy":"category","embeddable":true,"href":"http:\/\/www.tvturk.com\/index.php\/wp-json\/wp\/v2\/categories?post=162846"},{"taxonomy":"post_tag","embeddable":true,"href":"http:\/\/www.tvturk.com\/index.php\/wp-json\/wp\/v2\/tags?post=162846"}],"curies":[{"name":"wp","href":"https:\/\/api.w.org\/{rel}","templated":true}]}}