{"id":162854,"date":"2019-05-28T10:27:13","date_gmt":"2019-05-28T07:27:13","guid":{"rendered":"http:\/\/www.tvturk.com\/index.php\/kdk-yilin-ilk-bes-ayinda-9-bin-500-sikayet-basvurusu-aldi\/"},"modified":"2019-05-28T10:27:13","modified_gmt":"2019-05-28T07:27:13","slug":"kdk-yilin-ilk-bes-ayinda-9-bin-500-sikayet-basvurusu-aldi","status":"publish","type":"post","link":"http:\/\/www.tvturk.com\/index.php\/kdk-yilin-ilk-bes-ayinda-9-bin-500-sikayet-basvurusu-aldi\/","title":{"rendered":"KDK y\u0131l\u0131n ilk be\u015f ay\u0131nda 9 bin 500 \u015fikayet ba\u015fvurusu ald\u0131"},"content":{"rendered":"<p>Vatanda\u015f\u0131n \u00fccretsiz avukatl\u0131\u011f\u0131n\u0131 yapan Kamu Denet\u00e7ili\u011fi Kurumu\u2019na (KDK) 2019 y\u0131l\u0131n\u0131n ilk be\u015f ay\u0131nda 9 bin 500 \u015fikayet geldi. Vatanda\u015flar\u0131n KDK\u2019ya hayat\u0131n her alan\u0131ndan yapt\u0131klar\u0131 ba\u015fvurular\u0131n baz\u0131lar\u0131 milyonlarca \u00e7al\u0131\u015fan\u0131 ilgilendirirken, baz\u0131lar\u0131 enteresan i\u00e7eri\u011fiyle okuyanlar\u0131 \u015fa\u015f\u0131rt\u0131yor.<\/p>\n<p>Ayd\u0131n\u2019dan kuruma ba\u015fvuran bir vatanda\u015f, Milli Piyango \u0130daresi\u2019nin 19 May\u0131s 2019\u2019da yapt\u0131\u011f\u0131 \u00e7ekili\u015fte amorti rakamlar\u0131 olarak bir ve dokuz rakamlar\u0131n\u0131n belirlenmesini \u015fikayet etti. Bir ve dokuz rakamlar\u0131na amorti \u00e7\u0131kmas\u0131n\u0131 \u00e7ok manidar buldu\u011funu ifade eden vatanda\u015f, herkesin kafas\u0131nda soru i\u015fareti belirdi\u011fini ve \u00e7ekili\u015fin hakkaniyetli olmad\u0131\u011f\u0131n\u0131 d\u00fc\u015f\u00fcnd\u00fc\u011f\u00fcn\u00fc s\u00f6yleyerek KDK\u2019ya ba\u015fvurdu.<\/p>\n<p>Hekimin bostan\u0131na \u015fikayet<\/p>\n<p>Ankara\u2019dan KDK\u2019ya ula\u015fan bir vatanda\u015f ise mahallesindeki Aile Sa\u011fl\u0131\u011f\u0131 Merkezi (ASM) hekiminin kurum bah\u00e7esine domates, salatal\u0131k ekmesini \u015fikayet etti. Vatanda\u015f ba\u015fvurusunda ASM\u2019ye kom\u015fu oldu\u011funu, ekilen bostandan rahats\u0131zl\u0131k duydu\u011funu, domates ve salatal\u0131klar\u0131n yeti\u015ftik\u00e7e zehirli hayvan ve ha\u015ferelerin hatta y\u0131lanlar\u0131n dikkatini \u00e7ekece\u011fini savundu. \u015eikayet\u00e7i vatanda\u015f duruma m\u00fcdahale edilmesi ve yeni yeni ye\u015fermeye ba\u015flayan bostan\u0131n acilen \u201ciptal\u201d edilmesi talebiyle KDK\u2019ya ba\u015fvurdu.<\/p>\n<p>\u201cNamaz takviminden kald\u0131r\u0131lan temkin vakitleri geri gelsin\u201d<\/p>\n<p>Ombudsman\u2019a Samsun\u2019dan ula\u015fan bir ki\u015fi 1983 y\u0131l\u0131nda namaz takviminden kald\u0131r\u0131lan temkin vakitlerinin yine uygulanmaya ba\u015flanmas\u0131n\u0131 talep etti. Samsunlu vatanda\u015f, 150 y\u0131l boyunca ecdad\u0131n \u015fehrin co\u011frafik yap\u0131s\u0131, atmosfer \u015fartlar\u0131, geni\u015flik durumu gibi ko\u015fullar g\u00f6z \u00f6n\u00fcne al\u0131narak vaktin temkini yapt\u0131klar\u0131n\u0131 s\u00f6yledi. Ba\u015fvuruda 1983\u2019den beri namaz vakitlerinin temkinsiz haz\u0131rland\u0131\u011f\u0131n\u0131 bunun da vaktin d\u0131\u015f\u0131nda ibadet yap\u0131lmas\u0131na sebebiyet verece\u011fi ifade edildi. Temkin vaktinin kald\u0131r\u0131lma sebebini soran ve konunun ara\u015ft\u0131r\u0131lmas\u0131n\u0131n istendi\u011fi ba\u015fvuru incelenmeye al\u0131nd\u0131.<\/p>\n","protected":false},"excerpt":{"rendered":"<p>VATANDA\u015eIN \u00dcCRETS\u0130Z AVUKATLI\u011eINI YAPAN KAMU DENET\u00c7\u0130L\u0130\u011e\u0130 KURUMU\u2019NA (KDK) 2019 YILININ \u0130LK BE\u015e AYINDA 9 B\u0130N 500 \u015e\u0130K\u00c2YET GELD\u0130. VATANDA\u015eLARIN KDK\u2019YA HAYATIN HER ALANINDAN YAPTIKLARI BA\u015eVURULARIN BAZILARI M\u0130LYONLARCA \u00c7ALI\u015eANI \u0130LG\u0130LEND\u0130R\u0130RKEN BAZILARI ENTERESAN \u0130\u00c7ER\u0130\u011e\u0130YLE OKUYANLARI \u015eA\u015eIRTIYOR.<\/p>\n","protected":false},"author":1,"featured_media":162855,"comment_status":"closed","ping_status":"open","sticky":false,"template":"","format":"standard","meta":{"jetpack_post_was_ever_published":false,"_jetpack_newsletter_access":"","_jetpack_dont_email_post_to_subs":false,"_jetpack_newsletter_tier_id":0,"_jetpack_memberships_contains_paywalled_content":false,"_jetpack_memberships_contains_paid_content":false,"footnotes":"","jetpack_publicize_message":"","jetpack_publicize_feature_enabled":true,"jetpack_social_post_already_shared":true,"jetpack_social_options":{"image_generator_settings":{"template":"highway","default_image_id":0,"font":"","enabled":false},"version":2}},"categories":[1],"tags":[565,1075,211,8422,7278,213,37,31297,37350,1798],"class_list":["post-162854","post","type-post","status-publish","format-standard","has-post-thumbnail","hentry","category-genel","tag-565","tag-aldi","tag-ayinda","tag-basvurusu","tag-bes","tag-bin","tag-ilk","tag-kdk","tag-sikayet","tag-yilin"],"jetpack_publicize_connections":[],"jetpack_featured_media_url":"https:\/\/i0.wp.com\/www.tvturk.com\/wp-content\/uploads\/2019\/05\/kdk-yilin-ilk-bes-ayinda-9-bin-500-sikayet-basvurusu-aldi_ba68236.jpg?fit=1000%2C666","jetpack_sharing_enabled":true,"jetpack_shortlink":"https:\/\/wp.me\/paKIfm-GmG","_links":{"self":[{"href":"http:\/\/www.tvturk.com\/index.php\/wp-json\/wp\/v2\/posts\/162854","targetHints":{"allow":["GET"]}}],"collection":[{"href":"http:\/\/www.tvturk.com\/index.php\/wp-json\/wp\/v2\/posts"}],"about":[{"href":"http:\/\/www.tvturk.com\/index.php\/wp-json\/wp\/v2\/types\/post"}],"author":[{"embeddable":true,"href":"http:\/\/www.tvturk.com\/index.php\/wp-json\/wp\/v2\/users\/1"}],"replies":[{"embeddable":true,"href":"http:\/\/www.tvturk.com\/index.php\/wp-json\/wp\/v2\/comments?post=162854"}],"version-history":[{"count":0,"href":"http:\/\/www.tvturk.com\/index.php\/wp-json\/wp\/v2\/posts\/162854\/revisions"}],"wp:featuredmedia":[{"embeddable":true,"href":"http:\/\/www.tvturk.com\/index.php\/wp-json\/wp\/v2\/media\/162855"}],"wp:attachment":[{"href":"http:\/\/www.tvturk.com\/index.php\/wp-json\/wp\/v2\/media?parent=162854"}],"wp:term":[{"taxonomy":"category","embeddable":true,"href":"http:\/\/www.tvturk.com\/index.php\/wp-json\/wp\/v2\/categories?post=162854"},{"taxonomy":"post_tag","embeddable":true,"href":"http:\/\/www.tvturk.com\/index.php\/wp-json\/wp\/v2\/tags?post=162854"}],"curies":[{"name":"wp","href":"https:\/\/api.w.org\/{rel}","templated":true}]}}