{"id":162887,"date":"2019-05-28T10:54:12","date_gmt":"2019-05-28T07:54:12","guid":{"rendered":"http:\/\/www.tvturk.com\/index.php\/ozel-cocuklar-canli-muze-oldu\/"},"modified":"2019-05-28T10:54:12","modified_gmt":"2019-05-28T07:54:12","slug":"ozel-cocuklar-canli-muze-oldu","status":"publish","type":"post","link":"http:\/\/www.tvturk.com\/index.php\/ozel-cocuklar-canli-muze-oldu\/","title":{"rendered":"(\u00d6zel) \u00c7ocuklar canl\u0131 m\u00fcze oldu"},"content":{"rendered":"<p>K\u0131rklareli\u2019nin L\u00fcleburgaz il\u00e7esindeki Bah\u00e7elievler \u0130lkokulu \u00f6\u011frencileri, bilim ve tarihe y\u00f6n veren karakterleri, &#8220;Canl\u0131 M\u00fcze&#8221; projesiyle canland\u0131rd\u0131. \u00c7ocuklar canland\u0131rd\u0131klar\u0131 karakterleri \u00fczerlerine konulan d\u00fc\u011fmeye dokunuldu\u011funda ziyaret\u00e7ilere anlatt\u0131.<\/p>\n<p>\u00c7ocuklar, T\u00fcrkiye Cumhuriyeti kurucusu Mustafa Kemal Atat\u00fcrk\u2019ten bilim insan\u0131 Albert Einstein\u2019a kadar \u00e7ok say\u0131da karakteri canland\u0131rd\u0131.<\/p>\n<p>L\u00fcleburgaz Bah\u00e7elievler \u0130lkokulu \u00f6\u011frencileri sene sonu etkinlikleri kapsam\u0131nda &#8220;Canl\u0131 M\u00fcze&#8221; etkinli\u011fi ger\u00e7ekle\u015ftirdi. Etkinlikte \u00e7ocuklar tarihe y\u00f6n vermi\u015f karakterleri canland\u0131rd\u0131. \u00c7ocuklar \u00fczerlerine konulan d\u00fc\u011fmeye bas\u0131l\u0131nca rol\u00fcne b\u00fcr\u00fcnd\u00fckleri karakterleri anlatt\u0131.<\/p>\n<p>Karakterleri ezberlediler<\/p>\n<p>Her biri birbirinden farkl\u0131 ve \u00f6nemli karakterleri canland\u0131ran \u00e7ocuklar yakla\u015f\u0131k 1 d\u00f6nem boyunca karakterlerine haz\u0131rland\u0131. \u00c7ocuklar \u00f6nce, canland\u0131racaklar\u0131 karakterler hakk\u0131nda ansiklopedik bilgilere ula\u015ft\u0131. Karakterlerin en \u00f6nemli \u00f6zelliklerini ve yapt\u0131\u011f\u0131 \u00e7al\u0131\u015fmalar\u0131 ezberleyen \u00e7ocuklar daha sonra rollerine uygun k\u0131yafet diktirdi. \u00c7ocuklar, velilerinin de deste\u011fiyle yap\u0131lan makyaj \u00e7al\u0131\u015fmalar\u0131yla canland\u0131racaklar\u0131 karakterlere t\u0131pa t\u0131p benzedi.<\/p>\n<p>D\u00fc\u011fmeye bas\u0131l\u0131nca anlatt\u0131lar<\/p>\n<p>\u00c7ocuklar, rol\u00fcne b\u00fcr\u00fcnd\u00fckleri karakterler hakk\u0131nda bilgi ve foto\u011fraflar\u0131n oldu\u011fu panolar\u0131n \u00f6n\u00fcnde bekledi. Burada gelen misafirler karakterler hakk\u0131ndaki bilgiyi canl\u0131 mankenlerin \u00fczerlerine konulan d\u00fc\u011fmeye basarak \u00f6\u011frendi. Misafirler d\u00fc\u011fmeye bas\u0131nca, \u00e7ocuklar rolleri gere\u011fince karakterler hakk\u0131nda bilgi verdi. Ger\u00e7ekle\u015ftirilen \u00e7arp\u0131c\u0131 etkinlik kat\u0131l\u0131mc\u0131lardan b\u00fcy\u00fck be\u011feni toplad\u0131.<\/p>\n","protected":false},"excerpt":{"rendered":"<p>KIRKLAREL\u0130&#8217;N\u0130N L\u00dcLEBURGAZ \u0130L\u00c7ES\u0130NDEK\u0130 BAH\u00c7EL\u0130EVLER \u0130LKOKULU \u00d6\u011eRENC\u0130LER\u0130 B\u0130L\u0130M VE TAR\u0130HE Y\u00d6N VEREN KARAKTERLER\u0130 &#8220;CANLI M\u00dcZE&#8221; PROJES\u0130YLE CANLANDIRDI.<\/p>\n","protected":false},"author":1,"featured_media":162888,"comment_status":"closed","ping_status":"open","sticky":false,"template":"","format":"standard","meta":{"jetpack_post_was_ever_published":false,"_jetpack_newsletter_access":"","_jetpack_dont_email_post_to_subs":false,"_jetpack_newsletter_tier_id":0,"_jetpack_memberships_contains_paywalled_content":false,"_jetpack_memberships_contains_paid_content":false,"footnotes":"","jetpack_publicize_message":"","jetpack_publicize_feature_enabled":true,"jetpack_social_post_already_shared":true,"jetpack_social_options":{"image_generator_settings":{"template":"highway","default_image_id":0,"font":"","enabled":false},"version":2}},"categories":[1],"tags":[1073,4023,252,10594,77],"class_list":["post-162887","post","type-post","status-publish","format-standard","has-post-thumbnail","hentry","category-genel","tag-ozel","tag-canli","tag-cocuklar","tag-muze","tag-oldu"],"jetpack_publicize_connections":[],"jetpack_featured_media_url":"https:\/\/i0.wp.com\/www.tvturk.com\/wp-content\/uploads\/2019\/05\/ozel-cocuklar-canli-muze-oldu_bff013a.jpg?fit=1000%2C662","jetpack_sharing_enabled":true,"jetpack_shortlink":"https:\/\/wp.me\/paKIfm-Gnd","_links":{"self":[{"href":"http:\/\/www.tvturk.com\/index.php\/wp-json\/wp\/v2\/posts\/162887","targetHints":{"allow":["GET"]}}],"collection":[{"href":"http:\/\/www.tvturk.com\/index.php\/wp-json\/wp\/v2\/posts"}],"about":[{"href":"http:\/\/www.tvturk.com\/index.php\/wp-json\/wp\/v2\/types\/post"}],"author":[{"embeddable":true,"href":"http:\/\/www.tvturk.com\/index.php\/wp-json\/wp\/v2\/users\/1"}],"replies":[{"embeddable":true,"href":"http:\/\/www.tvturk.com\/index.php\/wp-json\/wp\/v2\/comments?post=162887"}],"version-history":[{"count":0,"href":"http:\/\/www.tvturk.com\/index.php\/wp-json\/wp\/v2\/posts\/162887\/revisions"}],"wp:featuredmedia":[{"embeddable":true,"href":"http:\/\/www.tvturk.com\/index.php\/wp-json\/wp\/v2\/media\/162888"}],"wp:attachment":[{"href":"http:\/\/www.tvturk.com\/index.php\/wp-json\/wp\/v2\/media?parent=162887"}],"wp:term":[{"taxonomy":"category","embeddable":true,"href":"http:\/\/www.tvturk.com\/index.php\/wp-json\/wp\/v2\/categories?post=162887"},{"taxonomy":"post_tag","embeddable":true,"href":"http:\/\/www.tvturk.com\/index.php\/wp-json\/wp\/v2\/tags?post=162887"}],"curies":[{"name":"wp","href":"https:\/\/api.w.org\/{rel}","templated":true}]}}