{"id":162891,"date":"2019-05-28T10:55:16","date_gmt":"2019-05-28T07:55:16","guid":{"rendered":"http:\/\/www.tvturk.com\/index.php\/kayisinin-baskenti-avrupa-macerasina-hazir\/"},"modified":"2019-05-28T10:55:16","modified_gmt":"2019-05-28T07:55:16","slug":"kayisinin-baskenti-avrupa-macerasina-hazir","status":"publish","type":"post","link":"http:\/\/www.tvturk.com\/index.php\/kayisinin-baskenti-avrupa-macerasina-hazir\/","title":{"rendered":"Kay\u0131s\u0131n\u0131n ba\u015fkenti Avrupa maceras\u0131na haz\u0131r"},"content":{"rendered":"<p>Spor Toto S\u00fcper Ligi 5\u2019inci s\u0131rada bitirerek Avrupa vizesi alan Malatya\u2019da bu durum en \u00e7ok kay\u0131s\u0131dan para kazanan esnaflar\u0131 sevindirdi. Esnaflar, kay\u0131s\u0131n\u0131n Yeni Malatyaspor sayesinde Avrupa\u2019da daha iyi tan\u0131t\u0131laca\u011f\u0131n\u0131 d\u00fc\u015f\u00fcn\u00fcyor.<\/p>\n<p>Evkur Yeni Malatyaspor\u2019un UEFA Avrupa Ligi\u2019ne gitme hakk\u0131 elde etmesi \u015fehirde 7\u2019den 70\u2019e herkes taraf\u0131ndan sevin\u00e7le kar\u015f\u0131land\u0131. D\u00fcnyada kay\u0131s\u0131n\u0131n ba\u015fkenti olarak bilinen \u015fehir \u015fimdi Avrupa\u2019da ya\u015fayaca\u011f\u0131 ser\u00fcvene haz\u0131rlan\u0131yor.<\/p>\n<p>Sokaktaki vatanda\u015ftan \u00e7ar\u015f\u0131daki esnafa kadar b\u00fct\u00fcn Malatyal\u0131lar d\u00f6rt g\u00f6zle Avrupa Kupas\u0131 ma\u00e7lar\u0131n\u0131 beklerken, Avrupa vizesine en \u00e7ok sevinenlerin ba\u015f\u0131nda ise kay\u0131s\u0131c\u0131 esnaf\u0131 geliyor. Esnaflar, kay\u0131s\u0131n\u0131n Avrupa\u2019ya Yeni Malatyaspor sayesinde daha iyi tan\u0131t\u0131laca\u011f\u0131n\u0131 ifade ederek \u015fehre gelecek yabanc\u0131 tak\u0131m taraftar\u0131n\u0131n ise kay\u0131s\u0131y\u0131 ana vatan\u0131nda tatma f\u0131rsat\u0131 yakalayaca\u011f\u0131n\u0131 dile getirdi.<\/p>\n<p>Yeni Malatyaspor\u2019un kendilerine anlat\u0131lmaz bir duygu ya\u015fatt\u0131\u011f\u0131n\u0131 ifade eden Murat G\u00fcn isimli esnaf, \u201c4 senede 2. Lig\u2019den buraya geldik. Bu y\u0131l da UEFA\u2019ya gidiyoruz. \u00c7ok mutluyuz\u201d dedi. Kay\u0131s\u0131n\u0131n d\u00fcnyaya iyi tan\u0131t\u0131lmad\u0131\u011f\u0131n\u0131 aktaran G\u00fcn, \u201cBu ma\u00e7lardan dolay\u0131 kay\u0131s\u0131m\u0131z\u0131 Avrupa\u2019ya daha iyi tan\u0131taca\u011f\u0131z herkes kay\u0131s\u0131 ger\u00e7ek anlamda tan\u0131tm\u0131\u015f olacak\u201d \u015feklinde konu\u015ftu.<\/p>\n<p>Hikmet G\u00f6n\u00fclta\u015f ise Yeni Malatyaspor\u2019un Avrupa\u2019ya gitmesinin gurur verici oldu\u011funu kaydederek, \u201cEn son 16 y\u0131l \u00f6nce gittik. \u015eu an mutlulu\u011fumuz tarif edilemez\u201d ifadelerini kulland\u0131. Oynanacak ma\u00e7lar dolay\u0131s\u0131yla yabanc\u0131lar\u0131n \u015fehirde ilk u\u011frayaca\u011f\u0131 yerlerden birinin kay\u0131s\u0131 pazar\u0131 olaca\u011f\u0131n\u0131 aktaran G\u00f6n\u00fclta\u015f, \u201cBiz bu sayede hem kay\u0131s\u0131m\u0131z\u0131 tan\u0131taca\u011f\u0131z hem de sat\u0131\u015f yapaca\u011f\u0131z. Bu hepimiz i\u00e7in b\u00fcy\u00fck bir f\u0131rsat\u201d dedi.<\/p>\n<p>Erdal Do\u011fan da Avrupa ma\u00e7lar\u0131n\u0131 sab\u0131rs\u0131zl\u0131kla beklediklerini dile getirerek ma\u00e7lar sayesinde yabanc\u0131lar\u0131n kay\u0131s\u0131y\u0131 daha iyi tan\u0131yaca\u011f\u0131n\u0131 vurgulad\u0131.<\/p>\n","protected":false},"excerpt":{"rendered":"<p>SPOR TOTO S\u00dcPER L\u0130G\u0130 5\u2019\u0130NC\u0130 SIRADA B\u0130T\u0130REREK AVRUPA V\u0130ZES\u0130 ALAN MALATYA\u2019DA BU DURUM EN \u00c7OK \u015eEH\u0130RDE KAYISIDAN PARA KAZANAN ESNAFLARI SEV\u0130ND\u0130RD\u0130. ESNAFLAR, KAYISININ YEN\u0130 MALATYASPOR SAYES\u0130NDE AVRUPA\u2019DA DAHA \u0130Y\u0130 TANITILACA\u011eINI S\u00d6YLED\u0130.<\/p>\n","protected":false},"author":1,"featured_media":162892,"comment_status":"closed","ping_status":"open","sticky":false,"template":"","format":"standard","meta":{"jetpack_post_was_ever_published":false,"_jetpack_newsletter_access":"","_jetpack_dont_email_post_to_subs":false,"_jetpack_newsletter_tier_id":0,"_jetpack_memberships_contains_paywalled_content":false,"_jetpack_memberships_contains_paid_content":false,"footnotes":"","jetpack_publicize_message":"","jetpack_publicize_feature_enabled":true,"jetpack_social_post_already_shared":true,"jetpack_social_options":{"image_generator_settings":{"template":"highway","default_image_id":0,"font":"","enabled":false},"version":2}},"categories":[1],"tags":[392,7696,4013,38456,38457],"class_list":["post-162891","post","type-post","status-publish","format-standard","has-post-thumbnail","hentry","category-genel","tag-avrupa","tag-baskenti","tag-hazir","tag-kayisinin","tag-macerasina"],"jetpack_publicize_connections":[],"jetpack_featured_media_url":"https:\/\/i0.wp.com\/www.tvturk.com\/wp-content\/uploads\/2019\/05\/kayisinin-baskenti-avrupa-macerasina-hazir_49cc726.jpg?fit=1000%2C666","jetpack_sharing_enabled":true,"jetpack_shortlink":"https:\/\/wp.me\/paKIfm-Gnh","_links":{"self":[{"href":"http:\/\/www.tvturk.com\/index.php\/wp-json\/wp\/v2\/posts\/162891","targetHints":{"allow":["GET"]}}],"collection":[{"href":"http:\/\/www.tvturk.com\/index.php\/wp-json\/wp\/v2\/posts"}],"about":[{"href":"http:\/\/www.tvturk.com\/index.php\/wp-json\/wp\/v2\/types\/post"}],"author":[{"embeddable":true,"href":"http:\/\/www.tvturk.com\/index.php\/wp-json\/wp\/v2\/users\/1"}],"replies":[{"embeddable":true,"href":"http:\/\/www.tvturk.com\/index.php\/wp-json\/wp\/v2\/comments?post=162891"}],"version-history":[{"count":0,"href":"http:\/\/www.tvturk.com\/index.php\/wp-json\/wp\/v2\/posts\/162891\/revisions"}],"wp:featuredmedia":[{"embeddable":true,"href":"http:\/\/www.tvturk.com\/index.php\/wp-json\/wp\/v2\/media\/162892"}],"wp:attachment":[{"href":"http:\/\/www.tvturk.com\/index.php\/wp-json\/wp\/v2\/media?parent=162891"}],"wp:term":[{"taxonomy":"category","embeddable":true,"href":"http:\/\/www.tvturk.com\/index.php\/wp-json\/wp\/v2\/categories?post=162891"},{"taxonomy":"post_tag","embeddable":true,"href":"http:\/\/www.tvturk.com\/index.php\/wp-json\/wp\/v2\/tags?post=162891"}],"curies":[{"name":"wp","href":"https:\/\/api.w.org\/{rel}","templated":true}]}}