{"id":163053,"date":"2019-05-28T13:21:54","date_gmt":"2019-05-28T10:21:54","guid":{"rendered":"http:\/\/www.tvturk.com\/index.php\/prizrende-namazgah-camisine-cirkin-saldiri\/"},"modified":"2019-05-28T13:21:54","modified_gmt":"2019-05-28T10:21:54","slug":"prizrende-namazgah-camisine-cirkin-saldiri","status":"publish","type":"post","link":"http:\/\/www.tvturk.com\/index.php\/prizrende-namazgah-camisine-cirkin-saldiri\/","title":{"rendered":"Prizren\u2019de Namazgah Camisi\u2019ne \u00e7irkin sald\u0131r\u0131"},"content":{"rendered":"<p>Kosova\u2019n\u0131n Prizren \u015fehrinde Osmanl\u0131\u2019dan kalan en eski tarihi eserlerden biri olan Namazgah Camisi\u2019ne kimli\u011fi belirsiz ki\u015fi ya da ki\u015filer taraf\u0131ndan \u00e7irkin sald\u0131r\u0131 d\u00fczenlendi.<\/p>\n<p>Prizren\u2019de Osmanl\u0131\u2019dan kalma Namazgah Camisi\u2019ne kimli\u011fi belirsiz ki\u015filer taraf\u0131ndan d\u00fczenlenen sald\u0131r\u0131da hutbe giri\u015findeki s\u00fctunlar hasar g\u00f6rd\u00fc. Sald\u0131r\u0131ya b\u00fcy\u00fck tepki g\u00f6steren Kosova \u0130slam Birli\u011fi Konseyi, Prizren\u2019de 1455 y\u0131l\u0131nda in\u015fa edilen ilk cami olarak bilinen Namazgah Camisi\u2019ne yap\u0131lan sald\u0131r\u0131 nedeniyle derin rahats\u0131zl\u0131k duyduklar\u0131n\u0131 ifade etti. Sald\u0131rganlar\u0131n hutbeye giri\u015f s\u00fctunlar\u0131n\u0131 y\u0131kmak i\u00e7in kasti sald\u0131r\u0131 d\u00fczenlediklerine dikkat \u00e7ekilen yaz\u0131l\u0131 a\u00e7\u0131klamada, sald\u0131rganlar\u0131n yakalanmas\u0131 ve adalet \u00f6n\u00fcne \u00e7\u0131kar\u0131lmas\u0131 i\u00e7in kovu\u015fturma organlar\u0131na \u00e7a\u011fr\u0131 yap\u0131ld\u0131.<\/p>\n<p>Kosova \u0130slam Birli\u011fi Konseyi, Prizren B\u00f6lge K\u00fclt\u00fcr Miras\u0131 Merkezi ve di\u011fer yetkili kurumlardan, hasar\u0131n giderilmesi ve Namazgah Camisi\u2019ne gereken \u00f6zen g\u00f6stermelerini talep etti.<\/p>\n<p>Prizren Belediye Ba\u015fkan\u0131 Mytaher Haskuka da \u015fehirde en eski Osmanl\u0131 eseri olan tarihi Namazgah Camisi\u2019ne yap\u0131lan sald\u0131r\u0131y\u0131 sert bir dille k\u0131nad\u0131. Haskuka, sosyal medya hesab\u0131 \u00fczerinden yapt\u0131\u011f\u0131 payla\u015f\u0131mda, sald\u0131rganlar\u0131 yakalamalar\u0131 i\u00e7in Kosova polisi ve adli organlara \u00e7a\u011fr\u0131da bulundu.<\/p>\n<p>Sald\u0131r\u0131y\u0131 vandalizm olarak niteleyen Belediye Ba\u015fkan\u0131 Haskuka, k\u00fclt\u00fcr miras eserlerine zarar verilmesinin su\u00e7 oldu\u011funu hat\u0131rlatt\u0131.<\/p>\n<p>Namazgah, geni\u015f kitlelerin namaz k\u0131lmas\u0131 i\u00e7in yap\u0131lan \u00fcst\u00fc a\u00e7\u0131k camidir. Fatih Sultan Mehmet Prizren\u2019i fethettikten sonra ordusuyla ilk cuma namaz\u0131n\u0131 burada k\u0131ld\u0131\u011f\u0131 rivayet edilmektedir. Namazgah, \u00fcst\u00fc a\u00e7\u0131k yap\u0131lan tek, Prizren\u2019in de ilk camisi olma \u00f6zelli\u011fi ta\u015f\u0131maktad\u0131r. Uzun y\u0131llar depo olarak kullan\u0131lan Namazgah, 2001 y\u0131l\u0131nda Prizren\u2019de konu\u015flu T\u00fcrk askerinin giri\u015fimiyle T\u0130KA taraf\u0131ndan restore edilmi\u015ftir.<\/p>\n","protected":false},"excerpt":{"rendered":"<p>KOSOVA&#8217;NIN PR\u0130ZREN \u015eEHR\u0130NDE OSMANLI\u2019DAN KALAN EN ESK\u0130 TAR\u0130H\u0130 ESERLERDEN B\u0130R\u0130 OLAN NAMAZGAH CAM\u0130S\u0130&#8217;NE K\u0130ML\u0130\u011e\u0130 BEL\u0130RS\u0130Z K\u0130\u015e\u0130 YA DA K\u0130\u015e\u0130LER TARAFINDAN \u00c7\u0130RK\u0130N SALDIRI D\u00dcZENLEND\u0130.<\/p>\n","protected":false},"author":1,"featured_media":163054,"comment_status":"closed","ping_status":"open","sticky":false,"template":"","format":"standard","meta":{"jetpack_post_was_ever_published":false,"_jetpack_newsletter_access":"","_jetpack_dont_email_post_to_subs":false,"_jetpack_newsletter_tier_id":0,"_jetpack_memberships_contains_paywalled_content":false,"_jetpack_memberships_contains_paid_content":false,"footnotes":"","jetpack_publicize_message":"","jetpack_publicize_feature_enabled":true,"jetpack_social_post_already_shared":true,"jetpack_social_options":{"image_generator_settings":{"template":"highway","default_image_id":0,"font":"","enabled":false},"version":2}},"categories":[10],"tags":[19877,5883,4664,38522,999],"class_list":["post-163053","post","type-post","status-publish","format-standard","has-post-thumbnail","hentry","category-dunya","tag-camisine","tag-cirkin","tag-namazgah","tag-prizrende","tag-saldiri"],"jetpack_publicize_connections":[],"jetpack_featured_media_url":"https:\/\/i0.wp.com\/www.tvturk.com\/wp-content\/uploads\/2019\/05\/prizrende-namazgah-camisine-cirkin-saldiri_af6add9.jpg?fit=1000%2C666","jetpack_sharing_enabled":true,"jetpack_shortlink":"https:\/\/wp.me\/paKIfm-GpT","_links":{"self":[{"href":"http:\/\/www.tvturk.com\/index.php\/wp-json\/wp\/v2\/posts\/163053","targetHints":{"allow":["GET"]}}],"collection":[{"href":"http:\/\/www.tvturk.com\/index.php\/wp-json\/wp\/v2\/posts"}],"about":[{"href":"http:\/\/www.tvturk.com\/index.php\/wp-json\/wp\/v2\/types\/post"}],"author":[{"embeddable":true,"href":"http:\/\/www.tvturk.com\/index.php\/wp-json\/wp\/v2\/users\/1"}],"replies":[{"embeddable":true,"href":"http:\/\/www.tvturk.com\/index.php\/wp-json\/wp\/v2\/comments?post=163053"}],"version-history":[{"count":0,"href":"http:\/\/www.tvturk.com\/index.php\/wp-json\/wp\/v2\/posts\/163053\/revisions"}],"wp:featuredmedia":[{"embeddable":true,"href":"http:\/\/www.tvturk.com\/index.php\/wp-json\/wp\/v2\/media\/163054"}],"wp:attachment":[{"href":"http:\/\/www.tvturk.com\/index.php\/wp-json\/wp\/v2\/media?parent=163053"}],"wp:term":[{"taxonomy":"category","embeddable":true,"href":"http:\/\/www.tvturk.com\/index.php\/wp-json\/wp\/v2\/categories?post=163053"},{"taxonomy":"post_tag","embeddable":true,"href":"http:\/\/www.tvturk.com\/index.php\/wp-json\/wp\/v2\/tags?post=163053"}],"curies":[{"name":"wp","href":"https:\/\/api.w.org\/{rel}","templated":true}]}}