{"id":163061,"date":"2019-05-28T13:32:13","date_gmt":"2019-05-28T10:32:13","guid":{"rendered":"http:\/\/www.tvturk.com\/index.php\/ihlas-kolejinde-iftar-programi-duzenlendi\/"},"modified":"2019-05-28T13:32:13","modified_gmt":"2019-05-28T10:32:13","slug":"ihlas-kolejinde-iftar-programi-duzenlendi","status":"publish","type":"post","link":"http:\/\/www.tvturk.com\/index.php\/ihlas-kolejinde-iftar-programi-duzenlendi\/","title":{"rendered":"\u0130hlas Koleji\u2019nde iftar program\u0131 d\u00fczenlendi"},"content":{"rendered":"<p>\u0130hlas E\u011fitim Kurumlar\u0131 geleneksel iftar program\u0131n\u0131 bu y\u0131l Beylikd\u00fcz\u00fc Kamp\u00fcs\u00fc\u2019nde ger\u00e7ekle\u015ftirdi.<\/p>\n<p>\u00d6zel Marmara Evleri \u0130hlas Anadolu ve Fen Lisesi bah\u00e7esinde ger\u00e7ekle\u015ftirilen programa \u0130hlas E\u011fitim Kurumlar\u0131 Genel M\u00fcd\u00fcr\u00fc Bedri Yeltekin, y\u00f6neticiler, \u00f6\u011fretmenler ve di\u011fer kurum \u00e7al\u0131\u015fanlar\u0131 aileleriyle birlikte kat\u0131ld\u0131lar.<\/p>\n<p>Yakla\u015f\u0131k iki saat s\u00fcren programda \u0130hlas Koleji ailesinin \u00fcyeleri birlikte iftar yapman\u0131n mutlulu\u011funu ya\u015fad\u0131lar.<\/p>\n<p>Organizasyonda konu\u015fan \u0130hlas E\u011fitim Kurumlar\u0131 Genel M\u00fcd\u00fcr\u00fc Bedri Yeltekin, \u0130hlas Koleji olarak Ramazan ay\u0131n\u0131n bereketini ve g\u00fczelli\u011fini birlikte ya\u015fad\u0131klar\u0131n\u0131 ifade ederek herkesin Ramazan Bayram\u0131\u2019n\u0131 \u015fimdiden kutlad\u0131\u011f\u0131n\u0131 s\u00f6yledi. E\u011fitim y\u0131l\u0131n\u0131n art\u0131k sonlar\u0131na geldiklerini ifade eden Yeltekin, \u201c2018-2019 e\u011fitim \u00f6\u011fretim y\u0131l\u0131 bizim i\u00e7in bir\u00e7ok ba\u015far\u0131y\u0131 elde etti\u011fimiz \u00e7ok g\u00fczel bir y\u0131l oldu. YKS birincili\u011fimizin yan\u0131 s\u0131ra bir\u00e7ok \u00f6\u011frencimiz \u00f6nemli dereceler elde ettiler. Yine \u00f6\u011frencilerimiz \u00e7ok de\u011ferli \u00fcniversitelere yerle\u015ftiler. Akademik ba\u015far\u0131lar\u0131m\u0131z\u0131n yan\u0131nda sosyal ve sportif alanlarda da bizleri mutlu eden ba\u015far\u0131lar kazand\u0131k. Bu ba\u015far\u0131lar\u0131n elde edilmesinde eme\u011fi ge\u00e7en \u0130hlas Koleji ailesinin t\u00fcm \u00fcyelerine te\u015fekk\u00fcr ederim\u201d dedi.<\/p>\n","protected":false},"excerpt":{"rendered":"<p>\u0130HLAS E\u011e\u0130T\u0130M KURUMLARI GELENEKSEL \u0130FTAR PROGRAMINI BU YIL BEYL\u0130KD\u00dcZ\u00dc KAMP\u00dcS\u00dc\u2019NDE GER\u00c7EKLE\u015eT\u0130RD\u0130.<\/p>\n","protected":false},"author":1,"featured_media":163062,"comment_status":"closed","ping_status":"open","sticky":false,"template":"","format":"standard","meta":{"jetpack_post_was_ever_published":false,"_jetpack_newsletter_access":"","_jetpack_dont_email_post_to_subs":false,"_jetpack_newsletter_tier_id":0,"_jetpack_memberships_contains_paywalled_content":false,"_jetpack_memberships_contains_paid_content":false,"footnotes":"","jetpack_publicize_message":"","jetpack_publicize_feature_enabled":true,"jetpack_social_post_already_shared":true,"jetpack_social_options":{"image_generator_settings":{"template":"highway","default_image_id":0,"font":"","enabled":false},"version":2}},"categories":[1],"tags":[2202,30333,2814,16458,1999],"class_list":["post-163061","post","type-post","status-publish","format-standard","has-post-thumbnail","hentry","category-genel","tag-duzenlendi","tag-iftar","tag-ihlas","tag-kolejinde","tag-programi"],"jetpack_publicize_connections":[],"jetpack_featured_media_url":"https:\/\/i0.wp.com\/www.tvturk.com\/wp-content\/uploads\/2019\/05\/ihlas-kolejinde-iftar-programi-duzenlendi_7fa078c.jpg?fit=1000%2C666","jetpack_sharing_enabled":true,"jetpack_shortlink":"https:\/\/wp.me\/paKIfm-Gq1","_links":{"self":[{"href":"http:\/\/www.tvturk.com\/index.php\/wp-json\/wp\/v2\/posts\/163061","targetHints":{"allow":["GET"]}}],"collection":[{"href":"http:\/\/www.tvturk.com\/index.php\/wp-json\/wp\/v2\/posts"}],"about":[{"href":"http:\/\/www.tvturk.com\/index.php\/wp-json\/wp\/v2\/types\/post"}],"author":[{"embeddable":true,"href":"http:\/\/www.tvturk.com\/index.php\/wp-json\/wp\/v2\/users\/1"}],"replies":[{"embeddable":true,"href":"http:\/\/www.tvturk.com\/index.php\/wp-json\/wp\/v2\/comments?post=163061"}],"version-history":[{"count":0,"href":"http:\/\/www.tvturk.com\/index.php\/wp-json\/wp\/v2\/posts\/163061\/revisions"}],"wp:featuredmedia":[{"embeddable":true,"href":"http:\/\/www.tvturk.com\/index.php\/wp-json\/wp\/v2\/media\/163062"}],"wp:attachment":[{"href":"http:\/\/www.tvturk.com\/index.php\/wp-json\/wp\/v2\/media?parent=163061"}],"wp:term":[{"taxonomy":"category","embeddable":true,"href":"http:\/\/www.tvturk.com\/index.php\/wp-json\/wp\/v2\/categories?post=163061"},{"taxonomy":"post_tag","embeddable":true,"href":"http:\/\/www.tvturk.com\/index.php\/wp-json\/wp\/v2\/tags?post=163061"}],"curies":[{"name":"wp","href":"https:\/\/api.w.org\/{rel}","templated":true}]}}