{"id":163081,"date":"2019-05-28T13:56:17","date_gmt":"2019-05-28T10:56:17","guid":{"rendered":"http:\/\/www.tvturk.com\/index.php\/adanada-sicaklar-bastirdi-termometreler-47-dereceyi-gosterdi\/"},"modified":"2019-05-28T13:56:17","modified_gmt":"2019-05-28T10:56:17","slug":"adanada-sicaklar-bastirdi-termometreler-47-dereceyi-gosterdi","status":"publish","type":"post","link":"http:\/\/www.tvturk.com\/index.php\/adanada-sicaklar-bastirdi-termometreler-47-dereceyi-gosterdi\/","title":{"rendered":"Adana\u2019da s\u0131caklar bast\u0131rd\u0131, termometreler 47 dereceyi g\u00f6sterdi"},"content":{"rendered":"<p>Adana\u2019da termometreler 47 dereceyi g\u00f6sterirken, a\u015f\u0131r\u0131 s\u0131caktan bunalan oru\u00e7lu vatanda\u015flar, serin cami avlular\u0131nda uyuyarak namaz vakitlerini ve iftar\u0131 bekliyor.<\/p>\n<p>Mevsim s\u0131cakl\u0131klar\u0131n\u0131n normalin \u00fczerinde seyretti\u011fi Adana\u2019da hava s\u0131cakl\u0131kl\u0131\u011f\u0131 36 derece olarak \u00f6l\u00e7\u00fcl\u00fcrken, g\u00fcne\u015f alt\u0131nda termometreler 47 dereceyi g\u00f6sterdi. S\u0131caktan bunalan vatanda\u015flar mecbur kalmad\u0131klar\u0131 s\u00fcrece d\u0131\u015far\u0131 \u00e7\u0131kmazken, sokaktaki vatanda\u015flar da \u015femsiyelerle korunmaya \u00e7al\u0131\u015ft\u0131, kendilerini nispeten serin olan dinlenme parklar\u0131ndaki g\u00f6lgelere att\u0131. Kentteki camilerin avlusunda uyuyan oru\u00e7lu vatanda\u015flar da dikkat \u00e7ekti.<\/p>\n<p>Tarihi Ulu Cami\u2019nin avlusu serin oldu\u011fu i\u00e7in burada uyumay\u0131 tercih eden Soner G\u00f6kdemir, \u201cAdana\u2019da s\u0131caklarda oru\u00e7 tutmak \u00e7ok zor. \u00d6zellikle \u00f6\u011fle saatlerinde s\u0131cakl\u0131klar \u00e7ok yo\u011fun oluyor. G\u00fcne\u015f tam tepedeyken yolda y\u00fcr\u00fcrken yak\u0131yor. Nem de olunca insan bunal\u0131yor. Camiye gelince kendimizde bir halsizlik hissediyoruz. Adana\u2019n\u0131n s\u0131ca\u011f\u0131 zaten genelde b\u00f6yle. Biz de namaz i\u00e7in camiye geldi\u011fimizde biraz uzan\u0131yoruz, dinleniyoruz\u201d dedi.<\/p>\n","protected":false},"excerpt":{"rendered":"<p>ADANA\u2019DA A\u015eIRI SICAKTAN BUNALAN ORU\u00c7LU VATANDA\u015eLAR, SER\u0130N CAM\u0130 AVLULARINDA UYUYARAK NAMAZ VAKT\u0130N\u0130 VE \u0130FTARI BEKLED\u0130.<\/p>\n","protected":false},"author":1,"featured_media":163082,"comment_status":"closed","ping_status":"open","sticky":false,"template":"","format":"standard","meta":{"jetpack_post_was_ever_published":false,"_jetpack_newsletter_access":"","_jetpack_dont_email_post_to_subs":false,"_jetpack_newsletter_tier_id":0,"_jetpack_memberships_contains_paywalled_content":false,"_jetpack_memberships_contains_paid_content":false,"footnotes":"","jetpack_publicize_message":"","jetpack_publicize_feature_enabled":true,"jetpack_social_post_already_shared":true,"jetpack_social_options":{"image_generator_settings":{"template":"highway","default_image_id":0,"font":"","enabled":false},"version":2}},"categories":[1],"tags":[34111,2887,38529,243,4279,17389],"class_list":["post-163081","post","type-post","status-publish","format-standard","has-post-thumbnail","hentry","category-genel","tag-sicaklar","tag-adanada","tag-bastirdi","tag-dereceyi","tag-gosterdi","tag-termometreler"],"jetpack_publicize_connections":[],"jetpack_featured_media_url":"https:\/\/i0.wp.com\/www.tvturk.com\/wp-content\/uploads\/2019\/05\/adanada-sicaklar-bastirdi-termometreler-47-dereceyi-gosterdi_407166e.jpg?fit=1000%2C662","jetpack_sharing_enabled":true,"jetpack_shortlink":"https:\/\/wp.me\/paKIfm-Gql","_links":{"self":[{"href":"http:\/\/www.tvturk.com\/index.php\/wp-json\/wp\/v2\/posts\/163081","targetHints":{"allow":["GET"]}}],"collection":[{"href":"http:\/\/www.tvturk.com\/index.php\/wp-json\/wp\/v2\/posts"}],"about":[{"href":"http:\/\/www.tvturk.com\/index.php\/wp-json\/wp\/v2\/types\/post"}],"author":[{"embeddable":true,"href":"http:\/\/www.tvturk.com\/index.php\/wp-json\/wp\/v2\/users\/1"}],"replies":[{"embeddable":true,"href":"http:\/\/www.tvturk.com\/index.php\/wp-json\/wp\/v2\/comments?post=163081"}],"version-history":[{"count":0,"href":"http:\/\/www.tvturk.com\/index.php\/wp-json\/wp\/v2\/posts\/163081\/revisions"}],"wp:featuredmedia":[{"embeddable":true,"href":"http:\/\/www.tvturk.com\/index.php\/wp-json\/wp\/v2\/media\/163082"}],"wp:attachment":[{"href":"http:\/\/www.tvturk.com\/index.php\/wp-json\/wp\/v2\/media?parent=163081"}],"wp:term":[{"taxonomy":"category","embeddable":true,"href":"http:\/\/www.tvturk.com\/index.php\/wp-json\/wp\/v2\/categories?post=163081"},{"taxonomy":"post_tag","embeddable":true,"href":"http:\/\/www.tvturk.com\/index.php\/wp-json\/wp\/v2\/tags?post=163081"}],"curies":[{"name":"wp","href":"https:\/\/api.w.org\/{rel}","templated":true}]}}