{"id":163091,"date":"2019-05-28T14:03:19","date_gmt":"2019-05-28T11:03:19","guid":{"rendered":"http:\/\/www.tvturk.com\/index.php\/turkiyenin-cicek-bahcesi-ispartada-kirsal-turizm-refahi\/"},"modified":"2019-05-28T14:03:19","modified_gmt":"2019-05-28T11:03:19","slug":"turkiyenin-cicek-bahcesi-ispartada-kirsal-turizm-refahi","status":"publish","type":"post","link":"http:\/\/www.tvturk.com\/index.php\/turkiyenin-cicek-bahcesi-ispartada-kirsal-turizm-refahi\/","title":{"rendered":"T\u00fcrkiye\u2019nin \u00e7i\u00e7ek bah\u00e7esi Isparta\u2019da k\u0131rsal turizm refah\u0131"},"content":{"rendered":"<p>T\u00fcrkiye\u2019nin \u00e7i\u00e7ek bah\u00e7esi olarak an\u0131lan ve son d\u00f6nemde g\u00fcl ve lavantan\u0131n yan\u0131 s\u0131ra zambak ile de \u00f6ne \u00e7\u0131kmaya ba\u015flayan Isparta\u2019da \u00fcretim gelirlerine ek olarak h\u0131zla geli\u015fen k\u0131rsal turizmle birlikte \u00fcreticinin y\u00fcz\u00fcn\u00fc g\u00fcld\u00fcr\u00fcyor. Isparta Ziraat Odas\u0131 Ba\u015fkan\u0131 Mustahattin Can Sel\u00e7uk, \u201cEskiden \u00fcreticimiz, yaln\u0131zca g\u00fcl\u00fc toplar ve fabrikaya g\u00f6t\u00fcr\u00fcrd\u00fc veya imbik usul\u00fc kendi evinde kaynatma yapard\u0131, \u015fimdi ise k\u0131rsal turizmle birlikte elde edilen gelirlerin kapsam\u0131 da geni\u015fledi\u201d dedi.<\/p>\n<p>D\u00fcnya g\u00fcl ya\u011f\u0131 ihtiyac\u0131n\u0131n y\u00fczde 65\u2019lik k\u0131sm\u0131n\u0131, T\u00fcrkiye\u2019deki lavanta ihtiyac\u0131n\u0131n da y\u00fczde 80\u2019lik b\u00f6l\u00fcm\u00fcn\u00fc tek ba\u015f\u0131na kar\u015f\u0131layan, son d\u00f6nemde zambak ile de \u00f6ne \u00e7\u0131kan T\u00fcrkiye\u2019nin \u00e7i\u00e7ek bah\u00e7esi konumundaki Isparta\u2019da k\u0131rsal turizm, \u00f6zellikle hasat d\u00f6neminde \u00e7ift\u00e7inin y\u00fcz\u00fcn\u00fc g\u00fcld\u00fcr\u00fcyor.<\/p>\n<p>Kentte, daha \u00f6nceleri yaln\u0131zca y\u0131l boyunca emek vererek \u00fcrettikleri \u00fcr\u00fcnlerin hasad\u0131nda kazan\u00e7 sa\u011flayan \u00fcreticiler, art\u0131k k\u0131rsal turizmle birlikte hem yeti\u015fme hem de hasat d\u00f6neminde \u00fcr\u00fcne ek olarak farkl\u0131 alanlarda gelir elde ediyor.<\/p>\n<p>\u0130hlas Haber Ajans\u0131 (\u0130HA) muhabirine a\u00e7\u0131klamalarda bulunan Isparta Ziraat Odas\u0131 Ba\u015fkan\u0131 Mustahattin Can Sel\u00e7uk, g\u00f6rsel \u015f\u00f6len ya\u015fanan s\u00fcre\u00e7te herkesi Isparta\u2019ya davet etti\u011fini belirterek, \u201c\u0130limiz, bir tar\u0131m ili. Nitekim ilimizde elma, kiraz, g\u00fcl ve lavantam\u0131z var. Isparta\u2019da yakla\u015f\u0131k 30 bin d\u00f6n\u00fcm g\u00fcl\u00fcm\u00fcz, yakla\u015f\u0131k 10 bin d\u00f6n\u00fcm kadar da lavantam\u0131z var. \u00c7ok g\u00fczel bir g\u00f6rsellik olu\u015fturuyor. Bu g\u00f6rselli\u011fi biz burada ya\u015f\u0131yoruz, lavantan\u0131n kokusu da insana huzur veriyor, herkesi bu g\u00f6rselli\u011fi ve ortam\u0131 g\u00f6rmeye davet ediyoruz. G\u00f6rselli\u011fin yan\u0131 s\u0131ra A\u011fustos ay\u0131 dolaylar\u0131nda lavantan\u0131n hasad\u0131 yap\u0131l\u0131yor, g\u00fclde oldu\u011fu gibi lavanta da ayn\u0131 \u015fekilde ya\u011f\u0131 ve suyu \u00e7\u0131kar\u0131larak kozmetik alan\u0131nda kullan\u0131l\u0131yor. Ayn\u0131 zamanda kuru \u00e7i\u00e7e\u011fi \u00e7ama\u015f\u0131r aralar\u0131ndan tutun da, \u00f6zellikle k\u0131na gecesi ve benzeri organizasyonlarda kullan\u0131l\u0131yor, de\u011ferlendiriliyor. Malum zambak da mevcut, o g\u00fcl ve lavanta gibi hen\u00fcz \u00e7ok de\u011fil ama o da zamanla in\u015fallah \u00e7o\u011fal\u0131r. Cennet bah\u00e7eleri gibi \u00e7ok g\u00fczel bir g\u00f6rsellik olu\u015fturuyor. Zambak, k\u0131sa s\u00fcreli olan bir bitkimiz, insanlar bu zaman\u0131 ka\u00e7\u0131rmaz ve gelip, yerinde g\u00f6r\u00fcrlerse daha g\u00fczel olaca\u011f\u0131 kanaatindeyim\u201d ifadelerini kulland\u0131.<\/p>\n<p>\u201cMevsimsel ve y\u00f6resel \u00fcr\u00fcnlerini yerinde satma f\u0131rsat\u0131 buluyorlar\u201d<\/p>\n<p>Isparta\u2019n\u0131n \u00f6zellikle son 5 y\u0131lda yap\u0131lan haberler ve sosyal medya payla\u015f\u0131mlar\u0131 ile k\u0131rsal turizm alan\u0131nda b\u00fcy\u00fck \u00e7\u0131k\u0131\u015f yakalad\u0131\u011f\u0131na dikkat \u00e7eken Ziraat Odas\u0131 Ba\u015fkan\u0131 Mustahattin Can Sel\u00e7uk, \u201cSon d\u00f6nemde \u00f6zellikle sosyal medya ve \u00e7\u0131kan haberler do\u011frultusunda geli\u015fen k\u0131rsal turizm ile birlikte, insanlar bu g\u00fcl, lavanta ve zambak bah\u00e7elerini g\u00f6rmeye geliyor. Bu ilimize bir de\u011fer kazand\u0131r\u0131yor. \u0130nsanlar, bunlar\u0131 g\u00f6r\u00fcp Isparta\u2019ya geliyorlar. K\u00f6yl\u00fclerimiz de kendi gayretleriyle, y\u00f6resel yiyecek ve i\u00e7ecek \u00fcr\u00fcnlerini satma f\u0131rsat\u0131 buluyor. Sezon gayet g\u00fczel ge\u00e7iyor. \u0130limize, T\u00fcrkiye ve d\u00fcnya genelinden \u00e7ok say\u0131da insan geliyor. Bu, ayn\u0131 zamanda bacas\u0131z fabrikay\u0131, yani k\u0131rsal turizmi olu\u015fturdu. \u0130nsanlar\u0131m\u0131z, art\u0131k kendi evlerinin \u00f6n\u00fcnde g\u00f6zleme ve benzeri, mevsimsel ve y\u00f6resel \u00fcr\u00fcnlerini yerinde satma f\u0131rsat\u0131 buluyorlar\u201d diye konu\u015ftu.<\/p>\n<p>\u201cK\u0131rsal turizmle birlikte \u00fcreticinin refah\u0131 da art\u0131yor\u201d<\/p>\n<p>\u201cEskiden \u00fcreticimiz, yaln\u0131zca g\u00fcl\u00fc toplar ve fabrikaya g\u00f6t\u00fcr\u00fcrd\u00fc veya imbik usul\u00fc kendi evinde kaynatma yapard\u0131, \u015fimdi ise k\u0131rsal turizmle birlikte elde edilen gelirlerin kapsam\u0131 da geni\u015fledi\u201d diyen Ba\u015fkan Sel\u00e7uk, \u201cK\u0131rsal turizmle beraber bacas\u0131z bir fabrika olu\u015ftu. \u0130nsanlar, \u00fcretti\u011fi \u00fcr\u00fcnlerin yan\u0131 s\u0131ra buradan da art\u0131 bir gelir elde ediyorlar. Tabii, b\u00f6yle olunca insanlar g\u00fcl ve di\u011fer yeti\u015fen bitkilerin \u00fcr\u00fcnlerini de yerinde sat\u0131n alma f\u0131rsat\u0131 buluyorlar. Bu durum lavantada da ayn\u0131 \u015fekilde. K\u0131rsal turizmle birlikte \u00fcreticinin refah\u0131 da art\u0131yor. Bir k\u00f6yde diyelim ki 300 ki\u015fi ya\u015f\u0131yorsa, hepsinin ayn\u0131 \u015fekilde k\u0131rsal turizm tesisi kurma \u015fans\u0131 yok belki ama baz\u0131lar\u0131 lokanta a\u00e7\u0131yor, baz\u0131lar\u0131 birilerinin yan\u0131nda \u00e7al\u0131\u015f\u0131yor derken bir katk\u0131 ortaya konuluyor. Zaman zaman bu konular\u0131n geli\u015fimi ile ilgili \u00e7e\u015fitli g\u00f6r\u00fc\u015fmeler yap\u0131yoruz. Devletimiz de bununla ilgili, ba\u015fta Valili\u011fimiz olmak \u00fczere \u00e7e\u015fitli yat\u0131r\u0131mlar yap\u0131yor\u201d \u015feklinde konu\u015ftu.<\/p>\n<p>Ba\u015fkan Sel\u00e7uk, \u00fcretici i\u00e7in yap\u0131lan yat\u0131r\u0131mlara destek veren herkese te\u015fekk\u00fcr etti.<\/p>\n<p>\u201cK\u0131rsal turizm, k\u00f6ylere d\u00f6n\u00fc\u015fleri de ba\u015flatt\u0131\u201d<\/p>\n<p>Isparta\u2019daki k\u0131rsal turizmin \u00fcretime de olumlu y\u00f6nde katk\u0131 sa\u011flad\u0131\u011f\u0131na de\u011finen Sel\u00e7uk, \u201cMalum, \u00fclkemizde k\u00f6ylerden kentlere yap\u0131lan d\u00fczensiz g\u00f6\u00e7ler oluyor, g\u00f6\u00e7ler, dolay\u0131s\u0131yla i\u015fsizlik ve \u00e7e\u015fitli olaylar\u0131 do\u011furuyor. Isparta\u2019daki bu k\u0131rsal turizm, ayn\u0131 zamanda yava\u015f yava\u015f k\u00f6ylere d\u00f6n\u00fc\u015fleri de ba\u015flatt\u0131. K\u00f6ylerimiz gayet g\u00fczel ve sakin. T\u0131pk\u0131 iller ve b\u00fcy\u00fck\u015fehirlerde oldu\u011fu gibi insanlar paralar\u0131n\u0131 k\u00f6ylerinde kazanabiliyorlar. Hayvanc\u0131l\u0131k, ba\u011f &#8211; bah\u00e7e i\u015fleyerek kazanman\u0131n yan\u0131 s\u0131ra art\u0131k k\u0131rsal turizmle de gayet g\u00fczel kazanabiliyor. K\u0131rsal turizm, istihdama gayet g\u00fczel katk\u0131 sa\u011flad\u0131\u201d ifadelerine yer verdi.<\/p>\n<p>Sel\u00e7uk son olarak, g\u00f6rsel bir \u015f\u00f6len ya\u015fanan Nisan ay\u0131ndan A\u011fustos ay\u0131na dek herkesi Isparta\u2019ya gelmeye davet etti\u011fini s\u00f6yledi.<\/p>\n","protected":false},"excerpt":{"rendered":"<p>T\u00dcRK\u0130YE\u2019N\u0130N \u00c7\u0130\u00c7EK BAH\u00c7ES\u0130 OLARAK ANILAN VE SON D\u00d6NEMDE G\u00dcL VE LAVANTANIN YANI SIRA ZAMBAK \u0130LE DE \u00d6NE \u00c7IKMAYA BA\u015eLAYAN ISPARTA\u2019DA \u00dcRET\u0130M GEL\u0130RLER\u0130NE EK OLARAK HIZLA GEL\u0130\u015eEN KIRSAL TUR\u0130ZMLE B\u0130RL\u0130KTE \u00dcRET\u0130C\u0130N\u0130N Y\u00dcZ\u00dcN\u00dc G\u00dcLD\u00dcR\u00dcYOR. ISPARTA Z\u0130RAAT ODASI BA\u015eKANI MUSTAHATT\u0130N CAN SEL\u00c7UK, \u201cESK\u0130DEN \u00dcRET\u0130C\u0130M\u0130Z, YALNIZCA G\u00dcL\u00dc TOPLAR VE FABR\u0130KAYA G\u00d6T\u00dcR\u00dcRD\u00dc VEYA \u0130MB\u0130K USUL\u00dc KEND\u0130 EV\u0130NDE KAYNATMA YAPARDI, \u015e\u0130MD\u0130 \u0130SE KIRSAL TUR\u0130ZMLE B\u0130RL\u0130KTE ELDE ED\u0130LEN GEL\u0130RLER\u0130N KAPSAMI DA GEN\u0130\u015eLED\u0130\u201d DED\u0130.<\/p>\n","protected":false},"author":1,"featured_media":163092,"comment_status":"closed","ping_status":"open","sticky":false,"template":"","format":"standard","meta":{"jetpack_post_was_ever_published":false,"_jetpack_newsletter_access":"","_jetpack_dont_email_post_to_subs":false,"_jetpack_newsletter_tier_id":0,"_jetpack_memberships_contains_paywalled_content":false,"_jetpack_memberships_contains_paid_content":false,"footnotes":"","jetpack_publicize_message":"","jetpack_publicize_feature_enabled":true,"jetpack_social_post_already_shared":true,"jetpack_social_options":{"image_generator_settings":{"template":"highway","default_image_id":0,"font":"","enabled":false},"version":2}},"categories":[1],"tags":[3277,1654,5679,4977,12894,2184,177],"class_list":["post-163091","post","type-post","status-publish","format-standard","has-post-thumbnail","hentry","category-genel","tag-bahcesi","tag-cicek","tag-ispartada","tag-kirsal","tag-refahi","tag-turizm","tag-turkiyenin"],"jetpack_publicize_connections":[],"jetpack_featured_media_url":"https:\/\/i0.wp.com\/www.tvturk.com\/wp-content\/uploads\/2019\/05\/turkiyenin-cicek-bahcesi-ispartada-kirsal-turizm-refahi_a436277.jpg?fit=1000%2C666","jetpack_sharing_enabled":true,"jetpack_shortlink":"https:\/\/wp.me\/paKIfm-Gqv","_links":{"self":[{"href":"http:\/\/www.tvturk.com\/index.php\/wp-json\/wp\/v2\/posts\/163091","targetHints":{"allow":["GET"]}}],"collection":[{"href":"http:\/\/www.tvturk.com\/index.php\/wp-json\/wp\/v2\/posts"}],"about":[{"href":"http:\/\/www.tvturk.com\/index.php\/wp-json\/wp\/v2\/types\/post"}],"author":[{"embeddable":true,"href":"http:\/\/www.tvturk.com\/index.php\/wp-json\/wp\/v2\/users\/1"}],"replies":[{"embeddable":true,"href":"http:\/\/www.tvturk.com\/index.php\/wp-json\/wp\/v2\/comments?post=163091"}],"version-history":[{"count":0,"href":"http:\/\/www.tvturk.com\/index.php\/wp-json\/wp\/v2\/posts\/163091\/revisions"}],"wp:featuredmedia":[{"embeddable":true,"href":"http:\/\/www.tvturk.com\/index.php\/wp-json\/wp\/v2\/media\/163092"}],"wp:attachment":[{"href":"http:\/\/www.tvturk.com\/index.php\/wp-json\/wp\/v2\/media?parent=163091"}],"wp:term":[{"taxonomy":"category","embeddable":true,"href":"http:\/\/www.tvturk.com\/index.php\/wp-json\/wp\/v2\/categories?post=163091"},{"taxonomy":"post_tag","embeddable":true,"href":"http:\/\/www.tvturk.com\/index.php\/wp-json\/wp\/v2\/tags?post=163091"}],"curies":[{"name":"wp","href":"https:\/\/api.w.org\/{rel}","templated":true}]}}