{"id":163109,"date":"2019-05-28T14:36:19","date_gmt":"2019-05-28T11:36:19","guid":{"rendered":"http:\/\/www.tvturk.com\/index.php\/tsof-baskani-apaydin-aci-bilancoyu-acikladi-ve-uyardi\/"},"modified":"2019-05-28T14:36:19","modified_gmt":"2019-05-28T11:36:19","slug":"tsof-baskani-apaydin-aci-bilancoyu-acikladi-ve-uyardi","status":"publish","type":"post","link":"http:\/\/www.tvturk.com\/index.php\/tsof-baskani-apaydin-aci-bilancoyu-acikladi-ve-uyardi\/","title":{"rendered":"T\u015eOF Ba\u015fkan\u0131 Apayd\u0131n ac\u0131 bilan\u00e7oyu a\u00e7\u0131klad\u0131 ve uyard\u0131"},"content":{"rendered":"<p>T\u00fcrkiye \u015eof\u00f6rler ve Otomobilciler Federasyonu (T\u015eOF) Ba\u015fkan\u0131 Fevzi Apayd\u0131n, &#8220;Son 2 y\u0131lda toplam 120\u2019nin \u00fczerinde vatanda\u015f\u0131m\u0131z 4 g\u00fcnl\u00fck Ramazan Bayram\u0131 tatillerinde trafik kazas\u0131nda hayat\u0131n\u0131 kaybederken 650\u2019nin \u00fczerinde de vatanda\u015f\u0131m\u0131z yaraland\u0131. Bu Ramazan Bayram\u0131\u2019nda tatil s\u00fcresi 9 g\u00fcne \u00e7\u0131k\u0131yor. O y\u00fczden vatanda\u015flar\u0131m\u0131z trafikte daha dikkatli olmal\u0131&#8221; dedi.<\/p>\n<p>T\u00fcrkiye \u015eof\u00f6rler ve Otomobilciler Federasyonu (T\u015eOF) Ba\u015fkan\u0131 Fevzi Apayd\u0131n, bu y\u0131l Ramazan Bayram\u0131 tatilinin uzun olaca\u011f\u0131n\u0131 ve vatanda\u015flar\u0131n her zamankinden dikkatli olmas\u0131 gerekti\u011fini s\u00f6yledi. Bayram tatilinin ne kadar uzun olursa ya\u015fanan trafik kazalar\u0131n\u0131n say\u0131s\u0131n\u0131n da o kadar artt\u0131\u011f\u0131na dikkat \u00e7eken Apayd\u0131n, &#8220;Son 2 y\u0131lda toplam 120\u2019nin \u00fczerinde vatanda\u015f\u0131m\u0131z 4 g\u00fcnl\u00fck Ramazan Bayram\u0131 tatillerinde trafik kazas\u0131nda hayat\u0131n\u0131 kaybederken 650\u2019nin \u00fczerinde de vatanda\u015f\u0131m\u0131z yaraland\u0131. Bu Ramazan Bayram\u0131\u2019nda tatil s\u00fcresi 9 g\u00fcne \u00e7\u0131k\u0131yor. O y\u00fczden vatanda\u015flar\u0131m\u0131z trafikte daha dikkatli olmal\u0131. Bayram\u0131m\u0131z\u0131 ac\u0131 olaylar ya\u015fayarak ba\u015flat\u0131p bitirmemek i\u00e7in \u00f6zellikle uzun yolculuklarda s\u0131k s\u0131k molalar verilmeli. Bayram yaz aylar\u0131na denk geldi\u011fi i\u00e7in asfalt erimeleri, yol \u00e7al\u0131\u015fmalar\u0131 olabilir. Bu tarz durumlara kar\u015f\u0131 dikkatli olunmal\u0131. Ara\u00e7lar\u0131n bak\u0131mlar\u0131 yapt\u0131r\u0131lmal\u0131, hala k\u0131\u015f lastikleri kullananlar de\u011fi\u015ftirmeli. Gidilecek g\u00fczergahta k\u00f6r noktalar \u00f6nceden bak\u0131larak yola \u00e7\u0131k\u0131lmal\u0131. \u015eehir i\u00e7i bayram ziyaretlerinde toplu ta\u015f\u0131ma kullan\u0131lmal\u0131\u201d diye konu\u015ftu.<\/p>\n<p>&#8220;Telefon kullan\u0131m\u0131 trafik kazalar\u0131nda ara\u00e7 h\u0131z\u0131 kadar etken\u201d<\/p>\n<p>Direksiyon ba\u015f\u0131nda telefon kullan\u0131m\u0131ndan tamamen vazge\u00e7ilmesi gerekti\u011fini vurgulayan Apayd\u0131n, \u201cYaln\u0131zca bayram trafi\u011finde de\u011fil trafikte oldu\u011fumuz her an a\u015f\u0131r\u0131 h\u0131zdan ve direksiyon ba\u015f\u0131nda telefon kullan\u0131m\u0131ndan ka\u00e7\u0131nmal\u0131y\u0131z. Ya\u015fanan trafik kazalar\u0131nda arac\u0131n h\u0131z\u0131 kadar telefon kullan\u0131m\u0131 da \u00f6nemli bir etken. Emniyet kemerini araca biner binmez takmay\u0131 al\u0131\u015fkanl\u0131k haline getirmeliyiz. \u0130\u00e7i\u015fleri Bakanl\u0131\u011f\u0131m\u0131z \u00f6nlem ve denetimleri ile trafikte ya\u015fanabilecek her t\u00fcrl\u00fc olumsuzlu\u011fu engellemeye y\u00f6nelik \u00e7al\u0131\u015fmalar yap\u0131yor. Vatanda\u015f olarak biz de onlara destek olup, trafik kurallar\u0131na, uyar\u0131 tabelalar\u0131na uymal\u0131y\u0131z\u201d \u015feklinde konu\u015ftu.<\/p>\n","protected":false},"excerpt":{"rendered":"<p>T\u00dcRK\u0130YE \u015eOF\u00d6RLER VE OTOMOB\u0130LC\u0130LER FEDERASYONU (T\u015eOF) BA\u015eKANI FEVZ\u0130 APAYDIN, &#8220;SON 2 YILDA TOPLAM 120\u2019N\u0130N \u00dcZER\u0130NDE VATANDA\u015eIMIZ 4 G\u00dcNL\u00dcK RAMAZAN BAYRAMI TAT\u0130LLER\u0130NDE TRAF\u0130K KAZASINDA HAYATINI KAYBEDERKEN 650\u2019N\u0130N \u00dcZER\u0130NDE DE VATANDA\u015eIMIZ YARALANDI. BU RAMAZAN BAYRAMI&#8217;NDA TAT\u0130L S\u00dcRES\u0130 9 G\u00dcNE \u00c7IKIYOR. O Y\u00dcZDEN VATANDA\u015eLARIMIZ TRAF\u0130KTE DAHA D\u0130KKATL\u0130 OLMALI&#8221; DED\u0130.<\/p>\n","protected":false},"author":1,"featured_media":163110,"comment_status":"closed","ping_status":"open","sticky":false,"template":"","format":"standard","meta":{"jetpack_post_was_ever_published":false,"_jetpack_newsletter_access":"","_jetpack_dont_email_post_to_subs":false,"_jetpack_newsletter_tier_id":0,"_jetpack_memberships_contains_paywalled_content":false,"_jetpack_memberships_contains_paid_content":false,"footnotes":"","jetpack_publicize_message":"","jetpack_publicize_feature_enabled":true,"jetpack_social_post_already_shared":true,"jetpack_social_options":{"image_generator_settings":{"template":"highway","default_image_id":0,"font":"","enabled":false},"version":2}},"categories":[1],"tags":[872,3699,12254,216,38541,12253,1169],"class_list":["post-163109","post","type-post","status-publish","format-standard","has-post-thumbnail","hentry","category-genel","tag-aci","tag-acikladi","tag-apaydin","tag-baskani","tag-bilancoyu","tag-tsof","tag-uyardi"],"jetpack_publicize_connections":[],"jetpack_featured_media_url":"https:\/\/i0.wp.com\/www.tvturk.com\/wp-content\/uploads\/2019\/05\/tsof-baskani-apaydin-aci-bilancoyu-acikladi-ve-uyardi_bc7b2c0.jpg?fit=1000%2C564","jetpack_sharing_enabled":true,"jetpack_shortlink":"https:\/\/wp.me\/paKIfm-GqN","_links":{"self":[{"href":"http:\/\/www.tvturk.com\/index.php\/wp-json\/wp\/v2\/posts\/163109","targetHints":{"allow":["GET"]}}],"collection":[{"href":"http:\/\/www.tvturk.com\/index.php\/wp-json\/wp\/v2\/posts"}],"about":[{"href":"http:\/\/www.tvturk.com\/index.php\/wp-json\/wp\/v2\/types\/post"}],"author":[{"embeddable":true,"href":"http:\/\/www.tvturk.com\/index.php\/wp-json\/wp\/v2\/users\/1"}],"replies":[{"embeddable":true,"href":"http:\/\/www.tvturk.com\/index.php\/wp-json\/wp\/v2\/comments?post=163109"}],"version-history":[{"count":0,"href":"http:\/\/www.tvturk.com\/index.php\/wp-json\/wp\/v2\/posts\/163109\/revisions"}],"wp:featuredmedia":[{"embeddable":true,"href":"http:\/\/www.tvturk.com\/index.php\/wp-json\/wp\/v2\/media\/163110"}],"wp:attachment":[{"href":"http:\/\/www.tvturk.com\/index.php\/wp-json\/wp\/v2\/media?parent=163109"}],"wp:term":[{"taxonomy":"category","embeddable":true,"href":"http:\/\/www.tvturk.com\/index.php\/wp-json\/wp\/v2\/categories?post=163109"},{"taxonomy":"post_tag","embeddable":true,"href":"http:\/\/www.tvturk.com\/index.php\/wp-json\/wp\/v2\/tags?post=163109"}],"curies":[{"name":"wp","href":"https:\/\/api.w.org\/{rel}","templated":true}]}}