{"id":163117,"date":"2019-05-28T15:05:18","date_gmt":"2019-05-28T12:05:18","guid":{"rendered":"http:\/\/www.tvturk.com\/index.php\/konyada-tarim-iscileri-ekmek-kavgasini-sicak-altinda-surduruyor\/"},"modified":"2019-05-28T15:05:18","modified_gmt":"2019-05-28T12:05:18","slug":"konyada-tarim-iscileri-ekmek-kavgasini-sicak-altinda-surduruyor","status":"publish","type":"post","link":"http:\/\/www.tvturk.com\/index.php\/konyada-tarim-iscileri-ekmek-kavgasini-sicak-altinda-surduruyor\/","title":{"rendered":"Konya\u2019da tar\u0131m i\u015f\u00e7ileri ekmek kavgas\u0131n\u0131 s\u0131cak alt\u0131nda s\u00fcrd\u00fcr\u00fcyor"},"content":{"rendered":"<p>Her y\u0131l belirli aylarda \u00e7e\u015fitli illerden Konya\u2019ya tarlalarda \u00e7al\u0131\u015fmaya gelen tar\u0131m i\u015f\u00e7ileri, s\u0131cak havada \u00e7apa yaparak ekmek paralar\u0131n\u0131 kazan\u0131yor.<\/p>\n<p>Y\u0131l\u0131n belirli aylar\u0131nda \u015eanl\u0131urfa, Adana ve G\u00fcneydo\u011fu\u2019dan Konya\u2019ya gelen tar\u0131m i\u015f\u00e7ileri, tar\u0131m\u0131n yo\u011fun olarak yap\u0131ld\u0131\u011f\u0131 il\u00e7elerde \u00e7e\u015fitli i\u015flerde \u00e7al\u0131\u015f\u0131yor. Kad\u0131nhan\u0131 il\u00e7esine \u00e7al\u0131\u015fmaya gelen i\u015f\u00e7iler, \u00e7al\u0131\u015fma sezonu boyunca \u015feker pancar\u0131, mercimek, bezelye ve kimyon gibi \u00fcr\u00fcnlerin \u00e7apalar\u0131n\u0131 yap\u0131yor. Eyl\u00fcl ay\u0131na kadar \u00e7ad\u0131rlarda kalan i\u015f\u00e7iler il\u00e7e d\u0131\u015f\u0131na kurduklar\u0131 \u00e7ad\u0131rlarda ekmek m\u00fccadelesi veriyor. Kald\u0131klar\u0131 \u00e7ad\u0131rlardan tarlaya minib\u00fcsle da\u011f\u0131t\u0131lan i\u015f\u00e7iler gruplar halinde mesai yaparak tarlada pancar \u00e7apas\u0131 yap\u0131yor. \u00c7ocuk, gen\u00e7, ya\u015fl\u0131 olan i\u015f\u00e7ilerin zorlu mesaileri sabah\u0131n erken saatlerinde ba\u015flayarak g\u00fcn\u00fcn ilerleyen saatlerinde ise artan hava s\u0131cakl\u0131klar\u0131yla birlikte zorla\u015f\u0131yor. \u00c7ad\u0131rlarda kalan ya\u015fl\u0131lardan baz\u0131lar\u0131 ise toplad\u0131klar\u0131 odunlar\u0131 k\u0131rarak oca\u011f\u0131 yakmaya haz\u0131rl\u0131yor. Ak\u015fam saatlerine kadar \u00e7al\u0131\u015fan tar\u0131m i\u015f\u00e7ileri mesai sonunda ise tekrar \u00e7ad\u0131rlar\u0131na d\u00f6n\u00fcyor. Yakla\u015f\u0131k 5 ay boyunca tarlada her g\u00fcn aral\u0131ks\u0131z \u00e7apa yapan i\u015f\u00e7iler, yakla\u015fan Ramazan Bayram\u0131\u2019nda da bir g\u00fcn izin sonras\u0131 \u00e7al\u0131\u015fmaya devam edeceklerini s\u00f6yledi.<\/p>\n<p>Yakla\u015f\u0131k 35 derece s\u0131cakl\u0131k alt\u0131nda aral\u0131ks\u0131z \u00e7al\u0131\u015fan mevsimlik i\u015f\u00e7iler, &#8220;Urfa\u2019dan geldim, yakla\u015f\u0131k bin kilometrelik yoldan geldik, \u00e7al\u0131\u015f\u0131yoruz. Sabah 5\u2019ten ak\u015fam 7\u2019ye kadar \u00e7ocuklar\u0131m\u0131zla birlikte durmadan \u00e7al\u0131\u015f\u0131yoruz. \u00d6n\u00fcm\u00fcz bayram bayramda ise biz birinci g\u00fcn oturuyoruz dinleniyoruz, ikinci g\u00fcnde ise tekrar \u00e7al\u0131\u015fmaya ba\u015fl\u0131yoruz. Biz \u015feker pancar\u0131 bezelye ve nohut bitene kadar buraday\u0131z. \u00c7ocuklar\u0131m\u0131zla ailemizle birlikte \u00e7al\u0131\u015f\u0131yoruz biz ge\u00e7en y\u0131l bayramda da buradayd\u0131k bu y\u0131lda buraday\u0131z. Bayram g\u00fcn\u00fc arkada\u015flar\u0131m\u0131zla \u00e7ad\u0131rlarda bayramla\u015f\u0131r\u0131z&#8221; dedi.<\/p>\n<p>Ailesi \u00e7al\u0131\u015fmaya gelen \u00e7ocuklar ise &#8220;Biz burada bazen yolda \u00e7izgilik oynuyoruz. Bazen de evcilik oynuyoruz e\u015fyalar\u0131m\u0131z\u0131 getirerek oynuyoruz&#8221; \u015feklinde konu\u015ftu.<\/p>\n","protected":false},"excerpt":{"rendered":"<p>HER YIL BEL\u0130RL\u0130 AYLARDA \u00c7E\u015e\u0130TL\u0130 \u0130LLERDEN KONYA\u2019YA TARLALARDA \u00c7ALI\u015eMAYA GELEN TARIM \u0130\u015e\u00c7\u0130LER\u0130, SICAK HAVADA \u00c7APA YAPARAK EKMEK PARALARINI KAZANIYOR.<\/p>\n","protected":false},"author":1,"featured_media":163118,"comment_status":"closed","ping_status":"open","sticky":false,"template":"","format":"standard","meta":{"jetpack_post_was_ever_published":false,"_jetpack_newsletter_access":"","_jetpack_dont_email_post_to_subs":false,"_jetpack_newsletter_tier_id":0,"_jetpack_memberships_contains_paywalled_content":false,"_jetpack_memberships_contains_paid_content":false,"footnotes":"","jetpack_publicize_message":"","jetpack_publicize_feature_enabled":true,"jetpack_social_post_already_shared":true,"jetpack_social_options":{"image_generator_settings":{"template":"highway","default_image_id":0,"font":"","enabled":false},"version":2}},"categories":[1],"tags":[3114,4635,13433,38545,2980,256,1772,2403],"class_list":["post-163117","post","type-post","status-publish","format-standard","has-post-thumbnail","hentry","category-genel","tag-altinda","tag-ekmek","tag-iscileri","tag-kavgasini","tag-konyada","tag-sicak","tag-surduruyor","tag-tarim"],"jetpack_publicize_connections":[],"jetpack_featured_media_url":"https:\/\/i0.wp.com\/www.tvturk.com\/wp-content\/uploads\/2019\/05\/konyada-tarim-iscileri-ekmek-kavgasini-sicak-altinda-surduruyor_4b34eb3.jpg?fit=1000%2C750","jetpack_sharing_enabled":true,"jetpack_shortlink":"https:\/\/wp.me\/paKIfm-GqV","_links":{"self":[{"href":"http:\/\/www.tvturk.com\/index.php\/wp-json\/wp\/v2\/posts\/163117","targetHints":{"allow":["GET"]}}],"collection":[{"href":"http:\/\/www.tvturk.com\/index.php\/wp-json\/wp\/v2\/posts"}],"about":[{"href":"http:\/\/www.tvturk.com\/index.php\/wp-json\/wp\/v2\/types\/post"}],"author":[{"embeddable":true,"href":"http:\/\/www.tvturk.com\/index.php\/wp-json\/wp\/v2\/users\/1"}],"replies":[{"embeddable":true,"href":"http:\/\/www.tvturk.com\/index.php\/wp-json\/wp\/v2\/comments?post=163117"}],"version-history":[{"count":0,"href":"http:\/\/www.tvturk.com\/index.php\/wp-json\/wp\/v2\/posts\/163117\/revisions"}],"wp:featuredmedia":[{"embeddable":true,"href":"http:\/\/www.tvturk.com\/index.php\/wp-json\/wp\/v2\/media\/163118"}],"wp:attachment":[{"href":"http:\/\/www.tvturk.com\/index.php\/wp-json\/wp\/v2\/media?parent=163117"}],"wp:term":[{"taxonomy":"category","embeddable":true,"href":"http:\/\/www.tvturk.com\/index.php\/wp-json\/wp\/v2\/categories?post=163117"},{"taxonomy":"post_tag","embeddable":true,"href":"http:\/\/www.tvturk.com\/index.php\/wp-json\/wp\/v2\/tags?post=163117"}],"curies":[{"name":"wp","href":"https:\/\/api.w.org\/{rel}","templated":true}]}}