{"id":163119,"date":"2019-05-28T15:05:50","date_gmt":"2019-05-28T12:05:50","guid":{"rendered":"http:\/\/www.tvturk.com\/index.php\/kayserisporda-genel-kurul-karari\/"},"modified":"2019-05-28T15:05:50","modified_gmt":"2019-05-28T12:05:50","slug":"kayserisporda-genel-kurul-karari","status":"publish","type":"post","link":"http:\/\/www.tvturk.com\/index.php\/kayserisporda-genel-kurul-karari\/","title":{"rendered":"Kayserispor\u2019da genel kurul karar\u0131"},"content":{"rendered":"<p>\u0130stikbal Mobilya Kayserispor Y\u00f6netimi genel kurul karar\u0131 ald\u0131.<\/p>\n<p>Spor Toto S\u00fcper Lig\u2019de 2018-2019 futbol sezonunu 41 puanla 10. s\u0131rada tamamlayan \u0130stikbal Mobilya Kayserispor, ola\u011fan\u00fcst\u00fc genel kurul karar\u0131 ald\u0131. \u0130stikbal Mobilya Kayserispor Ba\u015fkan\u0131 Erol Bedir taraf\u0131ndan y\u00f6netime sunulan ve kabul edilen ola\u011fan\u00fcst\u00fc genel kurul teklifi, 15 Haziran 2019 tarihinde ger\u00e7ekle\u015ftirilecek. Salt \u00e7o\u011funlu\u011fun sa\u011flanamamas\u0131 halinde ise genel kurul 22 Haziran 2019 Cumartesi g\u00fcn\u00fc ger\u00e7ekle\u015ftirilecek.<\/p>\n<p>Genel kurulda yeni ba\u015fkan ve y\u00f6netim kurulu se\u00e7ilecek. Sar\u0131-k\u0131rm\u0131z\u0131l\u0131 kul\u00fcpte 2,5 sezondur ba\u015fkanl\u0131k g\u00f6revini y\u00fcr\u00fcten Erol Bedir\u2019in yeniden aday olaca\u011f\u0131 \u00f6\u011frenildi.<\/p>\n","protected":false},"excerpt":{"rendered":"<p>\u0130ST\u0130KBAL MOB\u0130LYA KAYSER\u0130SPOR Y\u00d6NET\u0130M KURULU GENEL KURUL KARARI ALDI.<\/p>\n","protected":false},"author":1,"featured_media":163120,"comment_status":"closed","ping_status":"open","sticky":false,"template":"","format":"standard","meta":{"jetpack_post_was_ever_published":false,"_jetpack_newsletter_access":"","_jetpack_dont_email_post_to_subs":false,"_jetpack_newsletter_tier_id":0,"_jetpack_memberships_contains_paywalled_content":false,"_jetpack_memberships_contains_paid_content":false,"footnotes":"","jetpack_publicize_message":"","jetpack_publicize_feature_enabled":true,"jetpack_social_post_already_shared":true,"jetpack_social_options":{"image_generator_settings":{"template":"highway","default_image_id":0,"font":"","enabled":false},"version":2}},"categories":[657],"tags":[869,2832,8782,1756],"class_list":["post-163119","post","type-post","status-publish","format-standard","has-post-thumbnail","hentry","category-spor","tag-genel","tag-karari","tag-kayserisporda","tag-kurul"],"jetpack_publicize_connections":[],"jetpack_featured_media_url":"https:\/\/i0.wp.com\/www.tvturk.com\/wp-content\/uploads\/2019\/05\/kayserisporda-genel-kurul-karari_8ccb37d.jpg?fit=666%2C1000","jetpack_sharing_enabled":true,"jetpack_shortlink":"https:\/\/wp.me\/paKIfm-GqX","_links":{"self":[{"href":"http:\/\/www.tvturk.com\/index.php\/wp-json\/wp\/v2\/posts\/163119","targetHints":{"allow":["GET"]}}],"collection":[{"href":"http:\/\/www.tvturk.com\/index.php\/wp-json\/wp\/v2\/posts"}],"about":[{"href":"http:\/\/www.tvturk.com\/index.php\/wp-json\/wp\/v2\/types\/post"}],"author":[{"embeddable":true,"href":"http:\/\/www.tvturk.com\/index.php\/wp-json\/wp\/v2\/users\/1"}],"replies":[{"embeddable":true,"href":"http:\/\/www.tvturk.com\/index.php\/wp-json\/wp\/v2\/comments?post=163119"}],"version-history":[{"count":0,"href":"http:\/\/www.tvturk.com\/index.php\/wp-json\/wp\/v2\/posts\/163119\/revisions"}],"wp:featuredmedia":[{"embeddable":true,"href":"http:\/\/www.tvturk.com\/index.php\/wp-json\/wp\/v2\/media\/163120"}],"wp:attachment":[{"href":"http:\/\/www.tvturk.com\/index.php\/wp-json\/wp\/v2\/media?parent=163119"}],"wp:term":[{"taxonomy":"category","embeddable":true,"href":"http:\/\/www.tvturk.com\/index.php\/wp-json\/wp\/v2\/categories?post=163119"},{"taxonomy":"post_tag","embeddable":true,"href":"http:\/\/www.tvturk.com\/index.php\/wp-json\/wp\/v2\/tags?post=163119"}],"curies":[{"name":"wp","href":"https:\/\/api.w.org\/{rel}","templated":true}]}}