{"id":163131,"date":"2019-05-28T15:40:45","date_gmt":"2019-05-28T12:40:45","guid":{"rendered":"http:\/\/www.tvturk.com\/index.php\/bordo-mavili-guclu-yarinlar-projesi-basladi\/"},"modified":"2019-05-28T15:40:45","modified_gmt":"2019-05-28T12:40:45","slug":"bordo-mavili-guclu-yarinlar-projesi-basladi","status":"publish","type":"post","link":"http:\/\/www.tvturk.com\/index.php\/bordo-mavili-guclu-yarinlar-projesi-basladi\/","title":{"rendered":"\u2019Bordo Mavili G\u00fc\u00e7l\u00fc Yar\u0131nlar Projesi\u2019 ba\u015flad\u0131"},"content":{"rendered":"<p>Gen\u00e7lik ve Spor Bakanl\u0131\u011f\u0131ndan hibe alan \u201cBordo Mavili G\u00fc\u00e7l\u00fc Yar\u0131nlar Projesi\u201d ba\u015flad\u0131.<\/p>\n<p>Trabzonspor\u2019un alt yap\u0131s\u0131ndaki \u00f6\u011frencilerin e\u011fitilmesi i\u00e7in haz\u0131rlanan projede, toplumsal cinsiyet e\u011fitimi, lider oyunculuk e\u011fitimi, foto\u011fraf\u00e7\u0131l\u0131k, photoshop e\u011fitimi ve futbolda alt yap\u0131 e\u011fitimi olmak \u00fczere 4 farkl\u0131 e\u011fitim d\u00fczenleniyor. Ayr\u0131ca projede \u00e7e\u015fitli etkinlikler d\u00fczenlenecek ve alt yap\u0131 oyuncular\u0131n\u0131n ki\u015fisel geli\u015fimine katk\u0131 sa\u011flanacak. 6 ay s\u00fcreyle devam edecek proje \u00f6\u011frencilerin sporu ve sanat\u0131 ya\u015famlar\u0131n\u0131n bir par\u00e7as\u0131 haline getirmelerine yard\u0131mc\u0131 olmas\u0131 hedefleniyor.<\/p>\n<p>Trabzonspor sosyal ve ekonomik kalk\u0131nma ile elde edilen refah\u0131n farkl\u0131 kesimler aras\u0131nda daha adil \u015fekilde hissedilmesini arzulamaktad\u0131r. Trabzonspor kul\u00fcb\u00fc her zaman sosyal fark\u0131ndal\u0131k olu\u015fturmu\u015f, bu alanda da toplumsal ve sosyal fark\u0131ndal\u0131k olu\u015fturarak bir\u00e7ok alanda oldu\u011fu gibi bu alanda da \u00f6nc\u00fc olmu\u015ftur. Bu proje gen\u00e7lerin ki\u015fisel geli\u015fime katk\u0131 sa\u011flarken, dezavantajlar\u0131n\u0131 da azaltmaktad\u0131r.<\/p>\n<p>Bu proje Trabzonspor\u2019un  farkl\u0131 proje uygulama kapasitesi art\u0131racakt\u0131r, b\u00f6lgede \u00f6rnek te\u015fkil edecek ve di\u011fer kul\u00fcplerin benzer projeler yapmas\u0131na \u00f6n ayak olacakt\u0131r.<\/p>\n","protected":false},"excerpt":{"rendered":"<p>GEN\u00c7L\u0130K VE SPOR BAKANLI\u011eINDAN H\u0130BE ALAN \u201cBORDO MAV\u0130L\u0130 G\u00dc\u00c7L\u00dc YARINLAR PROJES\u0130\u201d BA\u015eLADI.<\/p>\n","protected":false},"author":1,"featured_media":163132,"comment_status":"closed","ping_status":"open","sticky":false,"template":"","format":"standard","meta":{"jetpack_post_was_ever_published":false,"_jetpack_newsletter_access":"","_jetpack_dont_email_post_to_subs":false,"_jetpack_newsletter_tier_id":0,"_jetpack_memberships_contains_paywalled_content":false,"_jetpack_memberships_contains_paid_content":false,"footnotes":"","jetpack_publicize_message":"","jetpack_publicize_feature_enabled":true,"jetpack_social_post_already_shared":true,"jetpack_social_options":{"image_generator_settings":{"template":"highway","default_image_id":0,"font":"","enabled":false},"version":2}},"categories":[657],"tags":[55,24527,2728,38550,1324,38551],"class_list":["post-163131","post","type-post","status-publish","format-standard","has-post-thumbnail","hentry","category-spor","tag-basladi","tag-bordo","tag-guclu","tag-mavili","tag-projesi","tag-yarinlar"],"jetpack_publicize_connections":[],"jetpack_featured_media_url":"https:\/\/i0.wp.com\/www.tvturk.com\/wp-content\/uploads\/2019\/05\/bordo-mavili-guclu-yarinlar-projesi-basladi_db5e033.jpg?fit=1000%2C700","jetpack_sharing_enabled":true,"jetpack_shortlink":"https:\/\/wp.me\/paKIfm-Gr9","_links":{"self":[{"href":"http:\/\/www.tvturk.com\/index.php\/wp-json\/wp\/v2\/posts\/163131","targetHints":{"allow":["GET"]}}],"collection":[{"href":"http:\/\/www.tvturk.com\/index.php\/wp-json\/wp\/v2\/posts"}],"about":[{"href":"http:\/\/www.tvturk.com\/index.php\/wp-json\/wp\/v2\/types\/post"}],"author":[{"embeddable":true,"href":"http:\/\/www.tvturk.com\/index.php\/wp-json\/wp\/v2\/users\/1"}],"replies":[{"embeddable":true,"href":"http:\/\/www.tvturk.com\/index.php\/wp-json\/wp\/v2\/comments?post=163131"}],"version-history":[{"count":0,"href":"http:\/\/www.tvturk.com\/index.php\/wp-json\/wp\/v2\/posts\/163131\/revisions"}],"wp:featuredmedia":[{"embeddable":true,"href":"http:\/\/www.tvturk.com\/index.php\/wp-json\/wp\/v2\/media\/163132"}],"wp:attachment":[{"href":"http:\/\/www.tvturk.com\/index.php\/wp-json\/wp\/v2\/media?parent=163131"}],"wp:term":[{"taxonomy":"category","embeddable":true,"href":"http:\/\/www.tvturk.com\/index.php\/wp-json\/wp\/v2\/categories?post=163131"},{"taxonomy":"post_tag","embeddable":true,"href":"http:\/\/www.tvturk.com\/index.php\/wp-json\/wp\/v2\/tags?post=163131"}],"curies":[{"name":"wp","href":"https:\/\/api.w.org\/{rel}","templated":true}]}}