{"id":163177,"date":"2019-05-28T16:40:06","date_gmt":"2019-05-28T13:40:06","guid":{"rendered":"http:\/\/www.tvturk.com\/index.php\/omude-uluslararasi-birincilik-gururu\/"},"modified":"2019-05-28T16:40:06","modified_gmt":"2019-05-28T13:40:06","slug":"omude-uluslararasi-birincilik-gururu","status":"publish","type":"post","link":"http:\/\/www.tvturk.com\/index.php\/omude-uluslararasi-birincilik-gururu\/","title":{"rendered":"OM\u00dc\u2019de uluslararas\u0131 birincilik gururu"},"content":{"rendered":"<p>Ondokuz May\u0131s \u00dcniversitesi (OM\u00dc) G\u00fczel Sanatlar Fak\u00fcltesi G\u00f6rsel \u0130leti\u015fim Tasar\u0131m\u0131 B\u00f6l\u00fcm\u00fc \u00d6\u011fr. G\u00f6r. Abdulkerim Turkaya, Peru\u2019da d\u00fczenlenen Uluslararas\u0131 Afi\u015f Yar\u0131\u015fmas\u0131\u2019nda \u201cProtect The Nature&#8221; adl\u0131 eseriyle \u00c7evre Afi\u015fi (Environmental Poster) kategorisinde birincilik elde etti.<\/p>\n<p>Peru Design Biennial 2019 kapsam\u0131nda Peru\u2019da d\u00fczenlenen Uluslararas\u0131 Afi\u015f Yar\u0131\u015fmas\u0131\u2019n\u0131n ikinci \u00e7a\u011fr\u0131s\u0131na \u201cProtect The Nature&#8221; adl\u0131 eseriyle kat\u0131lan OM\u00dc G\u00fczel Sanatlar Fak\u00fcltesi G\u00f6rsel \u0130leti\u015fim Tasar\u0131m\u0131 B\u00f6l\u00fcm\u00fc \u00d6\u011fr. G\u00f6r. Abdulkerim Turkaya, \u00e7evre afi\u015fi (environmental poster) kategorisinde birincilik \u00f6d\u00fcl\u00fcne lay\u0131k g\u00f6r\u00fcld\u00fc.<\/p>\n<p>\u201cYe\u015fil Kesen, Ba\u015f Keser\u201d<\/p>\n<p>Kendisine birincilik \u00f6d\u00fcl\u00fcn\u00fc getiren afi\u015f tasar\u0131m\u0131 hakk\u0131nda bilgi veren \u00d6\u011fr. G\u00f6r. Abdulkerim Turkaya, \u201cG\u00fcn\u00fcm\u00fczde farkl\u0131 co\u011frafyalarda ya\u015fayan insanlar\u0131n birbirleriyle kurduklar\u0131 sosyal ileti\u015fime katk\u0131 sa\u011flayan afi\u015f tasar\u0131m\u0131; toplumsal i\u00e7erikli konularda ortak bir bilin\u00e7, duyarl\u0131l\u0131k ve sorumluluk duygusu ile kamuoyu olu\u015fturmak i\u00e7in bilginin kolayl\u0131kla alg\u0131lanabilirli\u011fini, iletilebilirli\u011fini i\u015flevsel k\u0131lmay\u0131 ama\u00e7layan bir \u00e7al\u0131\u015fma alan\u0131d\u0131r. Bu ba\u011flamda yapm\u0131\u015f oldu\u011fum afi\u015f tasar\u0131m\u0131nda, hepimizin ortak ya\u015fam alan\u0131 olan ormanlar\u0131n g\u00fcn\u00fcm\u00fczde rant elde etmek, tar\u0131m arazisi olu\u015fturmak, yang\u0131n vb. gibi bir\u00e7ok farkl\u0131 nedenlerden \u00f6t\u00fcr\u00fc yok edilmelerine y\u00f6nelik uluslararas\u0131 alanda ortak bir bilin\u00e7 olu\u015fturmay\u0131 ve fark\u0131ndal\u0131k olu\u015fturmay\u0131 ama\u00e7lad\u0131m. \u0130nsan aktivitelerinden ekolojik olarak etkilenmemi\u015f bir orman arazisi bulman\u0131n neredeyse imk\u00e2ns\u0131z oldu\u011fu g\u00fcn\u00fcm\u00fczde, ya\u015fayan bir canl\u0131 olarak ormanlar\u0131n yok olmas\u0131 ile gelecekte insan ya\u015fam\u0131n\u0131n da bundan ne denli olumsuz bir \u015fekilde etkilenece\u011fi apa\u00e7\u0131k bir ger\u00e7ektir. Tasar\u0131m\u0131, mizahi bir anlat\u0131m dili kullanarak, minimal bir \u00fcslupta uygulamaya koyarken \u2018ye\u015fil kesen, ba\u015f keser\u2019 atas\u00f6z\u00fcnden hareketle insanlar\u0131n, orman\u0131 olu\u015fturan her bir a\u011fac\u0131 nefes alabilen, ya\u015fayan bir varl\u0131k olarak anlamam\u0131z gerekti\u011fini ve onu \u00f6ld\u00fcrmenin insan\u0131 \u00f6ld\u00fcrm\u00fc\u015f gibi olaca\u011f\u0131 empatisini ortaya \u00e7\u0131karmaya \u00e7al\u0131\u015ft\u0131m\u201d \u015feklinde konu\u015ftu.<\/p>\n<p>Yar\u0131\u015fmada \u00f6d\u00fcl alan ve eseri dereceye giren tasar\u0131mc\u0131lar, 28 Haziran 2019 tarihinde Peru\u2019nun Callao \u015fehrinde d\u00fczenlenecek olan \u00f6d\u00fcl t\u00f6reni ve sergi a\u00e7\u0131l\u0131\u015f\u0131nda misafir edilecek.<\/p>\n<p>\u0130ki derece daha elde etmi\u015fti<\/p>\n<p>Akademik hayat\u0131nda yapm\u0131\u015f oldu\u011fu eserlerle kat\u0131ld\u0131\u011f\u0131 bir\u00e7ok ulusal ve uluslararas\u0131 j\u00fcrili yar\u0131\u015fmalarda dereceye giren ve \u00f6d\u00fclleri bulunan \u00d6\u011fr. G\u00f6r. Abdulkerim Turkaya\u2019n\u0131n, 2019 y\u0131l\u0131 i\u00e7erisinde ilki G\u00fcney K\u0131br\u0131s Rum Kesimi\u2019nde d\u00fczenlenen &#8220;Graphic Design, Challenging the Perception &#8211; Alg\u0131ya Meydan Okuyan Grafik Tasar\u0131m&#8221; konulu 3rd International Poster Contest by Graphic Stories Cyprus ve bir di\u011feri de Uruguay\u2019da d\u00fczenlenen \u201cPoliticamente Incorrecto &#8211; Politik Yanl\u0131\u015f\u201d konulu Uruguay Cartel 2019 uluslararas\u0131 afi\u015f yar\u0131\u015fmalar\u0131nda finalist olarak dereceye giren iki adet eseri daha bulunmaktad\u0131r.<\/p>\n","protected":false},"excerpt":{"rendered":"<p>ONDOKUZ MAYIS \u00dcN\u0130VERS\u0130TES\u0130 (OM\u00dc) G\u00dcZEL SANATLAR FAK\u00dcLTES\u0130 G\u00d6RSEL \u0130LET\u0130\u015e\u0130M TASARIMI B\u00d6L\u00dcM\u00dc \u00d6\u011eR. G\u00d6R. ABDULKER\u0130M TURKAYA, PERU\u2019DA D\u00dcZENLENEN ULUSLARARASI AF\u0130\u015e YARI\u015eMASI\u2019NDA \u201cPROTECT THE NATURE&#8221; ADLI ESER\u0130YLE \u00c7EVRE AF\u0130\u015e\u0130 (ENV\u0130RONMENTAL POSTER) KATEGOR\u0130S\u0130NDE B\u0130R\u0130NC\u0130L\u0130K ELDE ETT\u0130.<\/p>\n","protected":false},"author":1,"featured_media":163178,"comment_status":"closed","ping_status":"open","sticky":false,"template":"","format":"standard","meta":{"jetpack_post_was_ever_published":false,"_jetpack_newsletter_access":"","_jetpack_dont_email_post_to_subs":false,"_jetpack_newsletter_tier_id":0,"_jetpack_memberships_contains_paywalled_content":false,"_jetpack_memberships_contains_paid_content":false,"footnotes":"","jetpack_publicize_message":"","jetpack_publicize_feature_enabled":true,"jetpack_social_post_already_shared":true,"jetpack_social_options":{"image_generator_settings":{"template":"highway","default_image_id":0,"font":"","enabled":false},"version":2}},"categories":[656],"tags":[4839,13550,1343,5230],"class_list":["post-163177","post","type-post","status-publish","format-standard","has-post-thumbnail","hentry","category-kultur-sanat","tag-uluslararasi","tag-birincilik","tag-gururu","tag-omude"],"jetpack_publicize_connections":[],"jetpack_featured_media_url":"https:\/\/i0.wp.com\/www.tvturk.com\/wp-content\/uploads\/2019\/05\/omude-uluslararasi-birincilik-gururu_90e8976.jpg?fit=1000%2C562","jetpack_sharing_enabled":true,"jetpack_shortlink":"https:\/\/wp.me\/paKIfm-GrT","_links":{"self":[{"href":"http:\/\/www.tvturk.com\/index.php\/wp-json\/wp\/v2\/posts\/163177","targetHints":{"allow":["GET"]}}],"collection":[{"href":"http:\/\/www.tvturk.com\/index.php\/wp-json\/wp\/v2\/posts"}],"about":[{"href":"http:\/\/www.tvturk.com\/index.php\/wp-json\/wp\/v2\/types\/post"}],"author":[{"embeddable":true,"href":"http:\/\/www.tvturk.com\/index.php\/wp-json\/wp\/v2\/users\/1"}],"replies":[{"embeddable":true,"href":"http:\/\/www.tvturk.com\/index.php\/wp-json\/wp\/v2\/comments?post=163177"}],"version-history":[{"count":0,"href":"http:\/\/www.tvturk.com\/index.php\/wp-json\/wp\/v2\/posts\/163177\/revisions"}],"wp:featuredmedia":[{"embeddable":true,"href":"http:\/\/www.tvturk.com\/index.php\/wp-json\/wp\/v2\/media\/163178"}],"wp:attachment":[{"href":"http:\/\/www.tvturk.com\/index.php\/wp-json\/wp\/v2\/media?parent=163177"}],"wp:term":[{"taxonomy":"category","embeddable":true,"href":"http:\/\/www.tvturk.com\/index.php\/wp-json\/wp\/v2\/categories?post=163177"},{"taxonomy":"post_tag","embeddable":true,"href":"http:\/\/www.tvturk.com\/index.php\/wp-json\/wp\/v2\/tags?post=163177"}],"curies":[{"name":"wp","href":"https:\/\/api.w.org\/{rel}","templated":true}]}}