{"id":163183,"date":"2019-05-28T17:00:51","date_gmt":"2019-05-28T14:00:51","guid":{"rendered":"http:\/\/www.tvturk.com\/index.php\/pfdkdan-fatih-terime-3-mac-ceza\/"},"modified":"2019-05-28T17:00:51","modified_gmt":"2019-05-28T14:00:51","slug":"pfdkdan-fatih-terime-3-mac-ceza","status":"publish","type":"post","link":"http:\/\/www.tvturk.com\/index.php\/pfdkdan-fatih-terime-3-mac-ceza\/","title":{"rendered":"PFDK\u2019dan Fatih Terim\u2019e 3 ma\u00e7 ceza"},"content":{"rendered":"<p>T\u00fcrkiye Futbol Federasyonu (TFF) Profesyonel Futbol Disiplin Kurulu (PFDK), Galatasaray Teknik Direkt\u00f6r\u00fc Fatih Terim\u2019e, Medipol Ba\u015fak\u015fehir ma\u00e7\u0131nda \u2019rakip tak\u0131m antren\u00f6r\u00fcne y\u00f6nelik sald\u0131r\u0131s\u0131\u2019 nedeniyle 3 resmi m\u00fcsabakadan men cezas\u0131 verdi.<\/p>\n<p>PFDK kararlar\u0131 bug\u00fcn yap\u0131lan toplant\u0131n\u0131n ard\u0131ndan a\u00e7\u0131kland\u0131. Olayl\u0131 Galatasaray &#8211; M. Ba\u015fak\u015fehir ma\u00e7\u0131n\u0131n ard\u0131ndan Fatih Terim\u2019e 3, \u00dcmit Davala ve Orhan Ak\u2019a ise 1\u2019er ma\u00e7 men cezas\u0131 verildi.<\/p>\n<p>TFF\u2019nin resmi sitesinden PFDK sevklerine ili\u015fkin yap\u0131lan a\u00e7\u0131klama \u015f\u00f6yle:<\/p>\n<p>&#8220;Galatasaray\u2019\u0131n, 19.05.2019 tarihinde oynanan Galatasaray &#8211; Medipol Ba\u015fak\u015fehir Spor Toto S\u00fcper Lig Lefter K\u00fc\u00e7\u00fckandonyadis Sezonu m\u00fcsabakas\u0131nda, taraftarlar\u0131n\u0131n neden oldu\u011fu \u00e7irkin ve k\u00f6t\u00fc tezah\u00fcrat nedeniyle ve bu eylemin ayn\u0131 sezon i\u00e7inde ev sahibi kul\u00fcp oldu\u011fu m\u00fcsabakada 2. kez ger\u00e7ekle\u015ftirilmesinden dolay\u0131 50.000 TL para cezas\u0131 ile cezaland\u0131r\u0131lmas\u0131na, FDT\u2019nin 53\/3. maddesi uyar\u0131nca \u00e7irkin ve k\u00f6t\u00fc tezah\u00fcratta bulunan Kuzey Trib\u00fcn 104, 105, 106, 107, 108, 109, 205, 206, 207, 208, G\u00fcney Trib\u00fcn 118, 119, 120, 121, 219, 220, 221 blokta yer alan seyircilerin elektronik bilet kapsam\u0131ndaki kartlar\u0131n\u0131n bloke edilmesi suretiyle bir sonraki ev sahibi kul\u00fcp oldu\u011fu m\u00fcsabakaya giri\u015flerinin engellenmesine,<\/p>\n<p>Ayn\u0131 m\u00fcsabakada Galatasaray\u2019\u0131n, taraftarlar\u0131n\u0131n neden oldu\u011fu saha olaylar\u0131 nedeniyle takdiren 40.000 TL para cezas\u0131 ile cezaland\u0131r\u0131lmas\u0131na, FDT\u2019nin 52\/3. maddesi uyar\u0131nca saha olaylar\u0131na kar\u0131\u015fan taraftarlar\u0131n bulundu\u011fu Bat\u0131 Trib\u00fcn 102 nolu bloka giri\u015f yapan seyircilerin elektronik bilet kapsam\u0131ndaki kartlar\u0131n\u0131n bloke edilmesi suretiyle bir sonraki ev sahibi m\u00fcsabakaya giri\u015flerinin engellenmesine,<\/p>\n<p>Ayn\u0131 m\u00fcsabakada Galatasaray\u2019\u0131n, m\u00fcsabaka sonras\u0131 fla\u015f r\u00f6portaja futbolcu ve antren\u00f6r kat\u0131l\u0131m\u0131n\u0131n sa\u011flanmamas\u0131ndan dolay\u0131 talimatlara ayk\u0131r\u0131l\u0131k nedeniyle takdiren 20.000 TL para cezas\u0131 ile cezaland\u0131r\u0131lmas\u0131na,<\/p>\n<p>Ayn\u0131 m\u00fcsabakada Galatasaray teknik sorumlusu Fatih Terim\u2019in, rakip tak\u0131m antren\u00f6r\u00fcne y\u00f6nelik sald\u0131r\u0131s\u0131 nedeniyle takdiren 3 resmi m\u00fcsabakada soyunma odas\u0131na ve yedek kul\u00fcbesine giri\u015f yasa\u011f\u0131 ve 7.800 TL para cezas\u0131 ile cezaland\u0131r\u0131lmas\u0131na, ihra\u00e7 sonras\u0131 sahaya girerek tedbire uymamas\u0131 nedeniyle sevk yap\u0131lm\u0131\u015f ise de isnat olunan disiplin ihlalinin unsurlar\u0131 olu\u015fmad\u0131\u011f\u0131ndan ceza tayinine yer olmad\u0131\u011f\u0131na,<\/p>\n<p>Ayn\u0131 m\u00fcsabakada Galatasaray antren\u00f6r\u00fc \u00dcmit Davala\u2019n\u0131n, rakip tak\u0131m mensuplar\u0131na y\u00f6nelik sportmenli\u011fe ayk\u0131r\u0131 hareketi nedeniyle takdiren 1 resmi m\u00fcsabakada soyunma odas\u0131na ve yedek kul\u00fcbesine giri\u015f yasa\u011f\u0131 ve 13.000 TL para cezas\u0131 ile cezaland\u0131r\u0131lmas\u0131na, ihra\u00e7 sonras\u0131 sahaya girerek tedbire uymamas\u0131 nedeniyle sevk yap\u0131lm\u0131\u015f ise de isnat olunan disiplin ihlalinin unsurlar\u0131 olu\u015fmad\u0131\u011f\u0131ndan ceza tayinine yer olmad\u0131\u011f\u0131na,<\/p>\n<p>Medipol Ba\u015fak\u015fehir Futbol Kul\u00fcb\u00fc\u2019n\u00fcn, 19.05.2019 tarihinde oynanan Galatasaray &#8211; Medipol Ba\u015fak\u015fehir Spor Toto S\u00fcper Lig Lefter K\u00fc\u00e7\u00fckandonyadis Sezonu m\u00fcsabakas\u0131nda, taraftarlar\u0131n\u0131n neden oldu\u011fu saha olaylar\u0131 nedeniyle takdiren 20.000 TL para cezas\u0131 ile cezaland\u0131r\u0131lmas\u0131na,<\/p>\n<p>Ayn\u0131 m\u00fcsabakada Medipol Ba\u015fak\u015fehir Futbol Kul\u00fcb\u00fcn\u00fcn, yay\u0131nc\u0131 kurulu\u015fun soyunma odalar\u0131ndan g\u00f6r\u00fcnt\u00fc almas\u0131na izin verilmemesinden dolay\u0131 talimatlara ayk\u0131r\u0131l\u0131k nedeniyle takdiren 20.000 TL para cezas\u0131 ile cezaland\u0131r\u0131lmas\u0131na,<\/p>\n<p>Ayn\u0131 m\u00fcsabakada Medipol Ba\u015fak\u015fehir  antren\u00f6r\u00fc Orhan Ak\u2019\u0131n, sportmenli\u011fe ayk\u0131r\u0131 hareketi nedeniyle takdiren 1 resmi m\u00fcsabakada soyunma odas\u0131na ve yedek kul\u00fcbesine giri\u015f yasa\u011f\u0131 ve 13.000 TL para cezas\u0131 ile cezaland\u0131r\u0131lmas\u0131na karar verilmi\u015ftir.&#8221;<\/p>\n","protected":false},"excerpt":{"rendered":"<p>T\u00dcRK\u0130YE FUTBOL FEDERASYONU (TFF) PROFESYONEL FUTBOL D\u0130S\u0130PL\u0130N KURULU (PFDK), GALATASARAY TEKN\u0130K D\u0130REKT\u00d6R\u00dc FAT\u0130H TER\u0130M&#8217;E, MED\u0130POL BA\u015eAK\u015eEH\u0130R MA\u00c7INDA &#8216;RAK\u0130P TAKIM ANTREN\u00d6R\u00dcNE Y\u00d6NEL\u0130K SALDIRISI&#8217; NEDEN\u0130YLE 3 RESM\u0130 M\u00dcSABAKADAN MEN CEZASI VERD\u0130.<\/p>\n","protected":false},"author":1,"featured_media":163184,"comment_status":"closed","ping_status":"open","sticky":false,"template":"","format":"standard","meta":{"jetpack_post_was_ever_published":false,"_jetpack_newsletter_access":"","_jetpack_dont_email_post_to_subs":false,"_jetpack_newsletter_tier_id":0,"_jetpack_memberships_contains_paywalled_content":false,"_jetpack_memberships_contains_paid_content":false,"footnotes":"","jetpack_publicize_message":"","jetpack_publicize_feature_enabled":true,"jetpack_social_post_already_shared":true,"jetpack_social_options":{"image_generator_settings":{"template":"highway","default_image_id":0,"font":"","enabled":false},"version":2}},"categories":[657],"tags":[944,236,1517,12764,3439],"class_list":["post-163183","post","type-post","status-publish","format-standard","has-post-thumbnail","hentry","category-spor","tag-mac","tag-ceza","tag-fatih","tag-pfdkdan","tag-terime"],"jetpack_publicize_connections":[],"jetpack_featured_media_url":"https:\/\/i0.wp.com\/www.tvturk.com\/wp-content\/uploads\/2019\/05\/pfdkdan-fatih-terime-3-mac-ceza_3cd30b7.jpg?fit=1000%2C644","jetpack_sharing_enabled":true,"jetpack_shortlink":"https:\/\/wp.me\/paKIfm-GrZ","_links":{"self":[{"href":"http:\/\/www.tvturk.com\/index.php\/wp-json\/wp\/v2\/posts\/163183","targetHints":{"allow":["GET"]}}],"collection":[{"href":"http:\/\/www.tvturk.com\/index.php\/wp-json\/wp\/v2\/posts"}],"about":[{"href":"http:\/\/www.tvturk.com\/index.php\/wp-json\/wp\/v2\/types\/post"}],"author":[{"embeddable":true,"href":"http:\/\/www.tvturk.com\/index.php\/wp-json\/wp\/v2\/users\/1"}],"replies":[{"embeddable":true,"href":"http:\/\/www.tvturk.com\/index.php\/wp-json\/wp\/v2\/comments?post=163183"}],"version-history":[{"count":0,"href":"http:\/\/www.tvturk.com\/index.php\/wp-json\/wp\/v2\/posts\/163183\/revisions"}],"wp:featuredmedia":[{"embeddable":true,"href":"http:\/\/www.tvturk.com\/index.php\/wp-json\/wp\/v2\/media\/163184"}],"wp:attachment":[{"href":"http:\/\/www.tvturk.com\/index.php\/wp-json\/wp\/v2\/media?parent=163183"}],"wp:term":[{"taxonomy":"category","embeddable":true,"href":"http:\/\/www.tvturk.com\/index.php\/wp-json\/wp\/v2\/categories?post=163183"},{"taxonomy":"post_tag","embeddable":true,"href":"http:\/\/www.tvturk.com\/index.php\/wp-json\/wp\/v2\/tags?post=163183"}],"curies":[{"name":"wp","href":"https:\/\/api.w.org\/{rel}","templated":true}]}}