{"id":163185,"date":"2019-05-28T17:02:14","date_gmt":"2019-05-28T14:02:14","guid":{"rendered":"http:\/\/www.tvturk.com\/index.php\/yok-baskani-sarac-japonya-buyukelcisi-ile-gorustu\/"},"modified":"2019-05-28T17:02:14","modified_gmt":"2019-05-28T14:02:14","slug":"yok-baskani-sarac-japonya-buyukelcisi-ile-gorustu","status":"publish","type":"post","link":"http:\/\/www.tvturk.com\/index.php\/yok-baskani-sarac-japonya-buyukelcisi-ile-gorustu\/","title":{"rendered":"Y\u00d6K Ba\u015fkan\u0131 Sara\u00e7, Japonya B\u00fcy\u00fckel\u00e7isi ile g\u00f6r\u00fc\u015ft\u00fc"},"content":{"rendered":"<p>Japonya\u2019n\u0131n Ankara B\u00fcy\u00fckel\u00e7isi Akio Miyajima, Y\u00d6K Ba\u015fkan\u0131 Prof. Dr. M. A. Yekta Sara\u00e7\u2019\u0131 ziyaret etti.<\/p>\n<p>Y\u00fcksek\u00f6\u011fretim Kurulu Ba\u015fkanl\u0131\u011f\u0131nda ger\u00e7ekle\u015fen g\u00f6r\u00fc\u015fmede, T\u00fcrkiye ile Japonya aras\u0131nda y\u00fcksek\u00f6\u011fretim alan\u0131ndaki mevcut ili\u015fkilerin daha ileri seviyelere y\u00fckseltilmesi i\u00e7in yap\u0131lmas\u0131 gereken hususlar \u00fczerinde duruldu. G\u00f6r\u00fc\u015fmede ayr\u0131ca \u00fclkemizde 2017 y\u0131l\u0131nda kurulmu\u015f olan T\u00fcrk-Japon Bilim ve Teknoloji \u00dcniversitesine ili\u015fkin konular da etrafl\u0131ca ele al\u0131nd\u0131.<\/p>\n","protected":false},"excerpt":{"rendered":"<p>JAPONYA&#8217;NIN ANKARA B\u00dcY\u00dcKEL\u00c7\u0130S\u0130 AK\u0130O M\u0130YAJ\u0130MA, Y\u00d6K BA\u015eKANI PROF. DR. M. A. YEKTA SARA\u00c7&#8217;I Z\u0130YARET ETT\u0130.<\/p>\n","protected":false},"author":1,"featured_media":163186,"comment_status":"closed","ping_status":"open","sticky":false,"template":"","format":"standard","meta":{"jetpack_post_was_ever_published":false,"_jetpack_newsletter_access":"","_jetpack_dont_email_post_to_subs":false,"_jetpack_newsletter_tier_id":0,"_jetpack_memberships_contains_paywalled_content":false,"_jetpack_memberships_contains_paid_content":false,"footnotes":"","jetpack_publicize_message":"","jetpack_publicize_feature_enabled":true,"jetpack_social_post_already_shared":true,"jetpack_social_options":{"image_generator_settings":{"template":"highway","default_image_id":0,"font":"","enabled":false},"version":2}},"categories":[1],"tags":[216,4684,316,192,665,33847,664],"class_list":["post-163185","post","type-post","status-publish","format-standard","has-post-thumbnail","hentry","category-genel","tag-baskani","tag-buyukelcisi","tag-gorustu","tag-ile","tag-japonya","tag-sarac","tag-yok"],"jetpack_publicize_connections":[],"jetpack_featured_media_url":"https:\/\/i0.wp.com\/www.tvturk.com\/wp-content\/uploads\/2019\/05\/yok-baskani-sarac-japonya-buyukelcisi-ile-gorustu_446802a.jpg?fit=800%2C533","jetpack_sharing_enabled":true,"jetpack_shortlink":"https:\/\/wp.me\/paKIfm-Gs1","_links":{"self":[{"href":"http:\/\/www.tvturk.com\/index.php\/wp-json\/wp\/v2\/posts\/163185","targetHints":{"allow":["GET"]}}],"collection":[{"href":"http:\/\/www.tvturk.com\/index.php\/wp-json\/wp\/v2\/posts"}],"about":[{"href":"http:\/\/www.tvturk.com\/index.php\/wp-json\/wp\/v2\/types\/post"}],"author":[{"embeddable":true,"href":"http:\/\/www.tvturk.com\/index.php\/wp-json\/wp\/v2\/users\/1"}],"replies":[{"embeddable":true,"href":"http:\/\/www.tvturk.com\/index.php\/wp-json\/wp\/v2\/comments?post=163185"}],"version-history":[{"count":0,"href":"http:\/\/www.tvturk.com\/index.php\/wp-json\/wp\/v2\/posts\/163185\/revisions"}],"wp:featuredmedia":[{"embeddable":true,"href":"http:\/\/www.tvturk.com\/index.php\/wp-json\/wp\/v2\/media\/163186"}],"wp:attachment":[{"href":"http:\/\/www.tvturk.com\/index.php\/wp-json\/wp\/v2\/media?parent=163185"}],"wp:term":[{"taxonomy":"category","embeddable":true,"href":"http:\/\/www.tvturk.com\/index.php\/wp-json\/wp\/v2\/categories?post=163185"},{"taxonomy":"post_tag","embeddable":true,"href":"http:\/\/www.tvturk.com\/index.php\/wp-json\/wp\/v2\/tags?post=163185"}],"curies":[{"name":"wp","href":"https:\/\/api.w.org\/{rel}","templated":true}]}}