{"id":163203,"date":"2019-05-28T17:45:22","date_gmt":"2019-05-28T14:45:22","guid":{"rendered":"http:\/\/www.tvturk.com\/index.php\/tikadan-kubada-ramazan-programi\/"},"modified":"2019-05-28T17:45:22","modified_gmt":"2019-05-28T14:45:22","slug":"tikadan-kubada-ramazan-programi","status":"publish","type":"post","link":"http:\/\/www.tvturk.com\/index.php\/tikadan-kubada-ramazan-programi\/","title":{"rendered":"T\u0130KA\u2019dan K\u00fcba\u2019da Ramazan Program\u0131"},"content":{"rendered":"<p>T\u00fcrk \u0130\u015fbirli\u011fi ve Koordinasyon Ajans\u0131 Ba\u015fkanl\u0131\u011f\u0131\u2019n\u0131n (T\u0130KA) Orta Amerika ve Karayipler B\u00f6lgesi\u2019nde s\u00fcrd\u00fcrd\u00fc\u011f\u00fc 2019 y\u0131l\u0131 proje ve faaliyetleri kapsam\u0131nda, K\u00fcba\u2019n\u0131n Ba\u015fkenti Havana\u2019da yakla\u015f\u0131k 150 ki\u015fiye iftar program\u0131 d\u00fczenlendi.<\/p>\n<p>Ofislerinin bulundu\u011fu \u00fclkelerle beraber 5 k\u0131tada 150\u2019ye yak\u0131n  \u00fclkede kalk\u0131nma merkezli i\u015fbirli\u011fi \u00e7al\u0131\u015fmalar\u0131 yapan T\u0130KA, Pasifik\u2019ten Orta Asya\u2019ya, Ortado\u011fu ve Afrika\u2019dan Balkanlara, Kafkasya\u2019dan Latin Amerika\u2019ya kadar bir\u00e7ok \u00fclke ile bilgi ve tecr\u00fcbesini payla\u015fmaya devam ediyor.<\/p>\n<p>T\u00fcrkiye\u2019nin \u00e7ok y\u00f6nl\u00fc d\u0131\u015f politikas\u0131 \u00e7er\u00e7evesinde Latin Amerika ve Karayipler (LAK) b\u00f6lgesiyle ili\u015fkilerini geli\u015ftirmek amac\u0131yla \u00f6zellikle son y\u0131llarda b\u00f6lge \u00fclkelerine y\u00f6nelik olarak daha aktif bir kalk\u0131nma i\u015fbirli\u011fi politika izlemekte olan T\u0130KA taraf\u0131ndan, b\u00f6lgenin \u00f6nemli \u00fclkelerinden K\u00fcba\u2019n\u0131n ba\u015fkenti Havana\u2019da bir iftar program\u0131 d\u00fczenlendi.<\/p>\n<p>Program\u2019da konu\u015fan B\u00fcy\u00fckel\u00e7i Ekinci; T\u0130KA\u2019n\u0131n K\u00fcba\u2019da ger\u00e7ekle\u015ftirdi\u011fi projelere de\u011finerek bunlar\u0131n \u00fclkede en \u00fcst d\u00fczeyde ilgi g\u00f6rerek takip edildi\u011fini, bu \u00e7er\u00e7evede organize edilen iftar program\u0131n\u0131n da K\u00fcba\u2019n\u0131n i\u00e7erisinden ge\u00e7ti\u011fi zor g\u00fcnlerde olduk\u00e7a faydal\u0131 ve ba\u015far\u0131l\u0131 ge\u00e7ti\u011fini ifade etti.<\/p>\n<p>K\u00fcba \u0130slam Konseyi Ba\u015fkan\u0131 Yahya Rodrigez ise T\u00fcrkiye Cumhuriyeti Ba\u015fkan\u0131 Sn. Recep Tayyip Erdo\u011fan\u2019a te\u015fekk\u00fcrlerini ileterek T\u0130KA\u2019n\u0131n hayata ge\u00e7irdi\u011fi projeler ve d\u00fczenledi\u011fi iftarla ilgili memnuniyetini dile getirdi.<\/p>\n<p>D\u00fczenlenen programa, Havana B\u00fcy\u00fckel\u00e7isi Ay\u015fe Berris Ekinci, K\u00fcba \u0130slam Konseyi Temsilcileri, T\u0130KA ve THY yetkilileri, T\u00fcrk \u0130\u015fadamlar\u0131, Suriye, Yemen, \u00c7ad ve Afrika\u2019n\u0131n bir\u00e7ok b\u00f6lgesinden K\u00fcba\u2019ya e\u011fitim g\u00f6rmek ama\u00e7l\u0131 gelen \u00d6\u011frenciler, Diplomatik Misyon temsilcileri ile K\u00fcba Devlet Televizyon ve Radyo Kurumu yetkilileri kat\u0131ld\u0131.<\/p>\n","protected":false},"excerpt":{"rendered":"<p>T\u00dcRK \u0130\u015eB\u0130RL\u0130\u011e\u0130 VE KOORD\u0130NASYON AJANSI BA\u015eKANLI\u011eI (T\u0130KA)\u2019NIN ORTA AMER\u0130KA VE KARAY\u0130PLER B\u00d6LGES\u0130\u2019NDE S\u00dcRD\u00dcRD\u00dc\u011e\u00dc 2019 YILI PROJE VE FAAL\u0130YETLER\u0130 KAPSAMINDA, K\u00dcBA\u2019NIN BA\u015eKENT\u0130 HAVANA\u2019DA YAKLA\u015eIK 150 K\u0130\u015e\u0130YE \u0130FTAR PROGRAMI D\u00dcZENLEND\u0130.<\/p>\n","protected":false},"author":1,"featured_media":163204,"comment_status":"closed","ping_status":"open","sticky":false,"template":"","format":"standard","meta":{"jetpack_post_was_ever_published":false,"_jetpack_newsletter_access":"","_jetpack_dont_email_post_to_subs":false,"_jetpack_newsletter_tier_id":0,"_jetpack_memberships_contains_paywalled_content":false,"_jetpack_memberships_contains_paid_content":false,"footnotes":"","jetpack_publicize_message":"","jetpack_publicize_feature_enabled":true,"jetpack_social_post_already_shared":true,"jetpack_social_options":{"image_generator_settings":{"template":"highway","default_image_id":0,"font":"","enabled":false},"version":2}},"categories":[1],"tags":[38574,1999,28330,5615],"class_list":["post-163203","post","type-post","status-publish","format-standard","has-post-thumbnail","hentry","category-genel","tag-kubada","tag-programi","tag-ramazan","tag-tikadan"],"jetpack_publicize_connections":[],"jetpack_featured_media_url":"https:\/\/i0.wp.com\/www.tvturk.com\/wp-content\/uploads\/2019\/05\/tikadan-kubada-ramazan-programi_201a5b8.jpg?fit=1000%2C486","jetpack_sharing_enabled":true,"jetpack_shortlink":"https:\/\/wp.me\/paKIfm-Gsj","_links":{"self":[{"href":"http:\/\/www.tvturk.com\/index.php\/wp-json\/wp\/v2\/posts\/163203","targetHints":{"allow":["GET"]}}],"collection":[{"href":"http:\/\/www.tvturk.com\/index.php\/wp-json\/wp\/v2\/posts"}],"about":[{"href":"http:\/\/www.tvturk.com\/index.php\/wp-json\/wp\/v2\/types\/post"}],"author":[{"embeddable":true,"href":"http:\/\/www.tvturk.com\/index.php\/wp-json\/wp\/v2\/users\/1"}],"replies":[{"embeddable":true,"href":"http:\/\/www.tvturk.com\/index.php\/wp-json\/wp\/v2\/comments?post=163203"}],"version-history":[{"count":0,"href":"http:\/\/www.tvturk.com\/index.php\/wp-json\/wp\/v2\/posts\/163203\/revisions"}],"wp:featuredmedia":[{"embeddable":true,"href":"http:\/\/www.tvturk.com\/index.php\/wp-json\/wp\/v2\/media\/163204"}],"wp:attachment":[{"href":"http:\/\/www.tvturk.com\/index.php\/wp-json\/wp\/v2\/media?parent=163203"}],"wp:term":[{"taxonomy":"category","embeddable":true,"href":"http:\/\/www.tvturk.com\/index.php\/wp-json\/wp\/v2\/categories?post=163203"},{"taxonomy":"post_tag","embeddable":true,"href":"http:\/\/www.tvturk.com\/index.php\/wp-json\/wp\/v2\/tags?post=163203"}],"curies":[{"name":"wp","href":"https:\/\/api.w.org\/{rel}","templated":true}]}}