{"id":163229,"date":"2019-05-28T21:13:15","date_gmt":"2019-05-28T18:13:15","guid":{"rendered":"http:\/\/www.tvturk.com\/index.php\/agir-yarali-ambulans-helikopterle-hastaneye-sevk-edildi\/"},"modified":"2019-05-28T21:13:15","modified_gmt":"2019-05-28T18:13:15","slug":"agir-yarali-ambulans-helikopterle-hastaneye-sevk-edildi","status":"publish","type":"post","link":"http:\/\/www.tvturk.com\/index.php\/agir-yarali-ambulans-helikopterle-hastaneye-sevk-edildi\/","title":{"rendered":"A\u011f\u0131r yaral\u0131 ambulans helikopterle hastaneye sevk edildi"},"content":{"rendered":"<p>Sivas\u2019\u0131n Gemerek il\u00e7esinde meydana gelen trafik kazas\u0131nda biri a\u011f\u0131r 2 ki\u015fi yaraland\u0131. A\u011f\u0131r yaral\u0131 olan kad\u0131n ambulans helikopterle ara\u015ft\u0131rma hastanesine sevk edildi.<\/p>\n<p>Kaza, Gemerek il\u00e7esi Be\u015ftepeler k\u00f6y\u00fc yak\u0131nlar\u0131nda meydana geldi. Edinilen bilgiye g\u00f6re, Resul Gedik (26) y\u00f6netimindeki 06 AK 0550 plakal\u0131 otomobil Kayseri\u2013Sivas istikametine seyir halindeyken Be\u015ftepeler k\u00f6y\u00fc yak\u0131nlar\u0131nda yoldan \u00e7\u0131karak takla att\u0131. Kaza sonras\u0131 ara\u00e7 s\u00fcr\u00fcc\u00fcs\u00fc Resul Gedik hafif yaralan\u0131rken ara\u00e7ta bulunan B\u00fc\u015fra Gedik (24) a\u011f\u0131r \u015fekilde yaraland\u0131.  Yaral\u0131 Gemerek Devlet Hastanesinde yap\u0131lan ilk m\u00fcdahalenin ard\u0131ndan ambulans helikopterle Sivas Cumhuriyet \u00dcniversitesi Ara\u015ft\u0131rma ve Uygulama Hastanesine kald\u0131r\u0131ld\u0131.<\/p>\n","protected":false},"excerpt":{"rendered":"<p>S\u0130VAS\u2019IN GEMEREK \u0130L\u00c7ES\u0130NDE MEYDANA GELEN TRAF\u0130K KAZASINDA B\u0130R\u0130 A\u011eIR 2 K\u0130\u015e\u0130 YARALANDI. A\u011eIR YARALI OLAN KADIN AMBULANS HEL\u0130KOPTERLE ARA\u015eTIRMA HASTANES\u0130NE SEVK ED\u0130LD\u0130.<\/p>\n","protected":false},"author":1,"featured_media":163230,"comment_status":"closed","ping_status":"open","sticky":false,"template":"","format":"standard","meta":{"jetpack_post_was_ever_published":false,"_jetpack_newsletter_access":"","_jetpack_dont_email_post_to_subs":false,"_jetpack_newsletter_tier_id":0,"_jetpack_memberships_contains_paywalled_content":false,"_jetpack_memberships_contains_paid_content":false,"footnotes":"","jetpack_publicize_message":"","jetpack_publicize_feature_enabled":true,"jetpack_social_post_already_shared":true,"jetpack_social_options":{"image_generator_settings":{"template":"highway","default_image_id":0,"font":"","enabled":false},"version":2}},"categories":[1],"tags":[1001,4124,857,2097,10044,856,774],"class_list":["post-163229","post","type-post","status-publish","format-standard","has-post-thumbnail","hentry","category-genel","tag-agir","tag-ambulans","tag-edildi","tag-hastaneye","tag-helikopterle","tag-sevk","tag-yarali"],"jetpack_publicize_connections":[],"jetpack_featured_media_url":"https:\/\/i0.wp.com\/www.tvturk.com\/wp-content\/uploads\/2019\/05\/agir-yarali-ambulans-helikopterle-hastaneye-sevk-edildi_ff07669.jpg?fit=1000%2C690","jetpack_sharing_enabled":true,"jetpack_shortlink":"https:\/\/wp.me\/paKIfm-GsJ","_links":{"self":[{"href":"http:\/\/www.tvturk.com\/index.php\/wp-json\/wp\/v2\/posts\/163229","targetHints":{"allow":["GET"]}}],"collection":[{"href":"http:\/\/www.tvturk.com\/index.php\/wp-json\/wp\/v2\/posts"}],"about":[{"href":"http:\/\/www.tvturk.com\/index.php\/wp-json\/wp\/v2\/types\/post"}],"author":[{"embeddable":true,"href":"http:\/\/www.tvturk.com\/index.php\/wp-json\/wp\/v2\/users\/1"}],"replies":[{"embeddable":true,"href":"http:\/\/www.tvturk.com\/index.php\/wp-json\/wp\/v2\/comments?post=163229"}],"version-history":[{"count":0,"href":"http:\/\/www.tvturk.com\/index.php\/wp-json\/wp\/v2\/posts\/163229\/revisions"}],"wp:featuredmedia":[{"embeddable":true,"href":"http:\/\/www.tvturk.com\/index.php\/wp-json\/wp\/v2\/media\/163230"}],"wp:attachment":[{"href":"http:\/\/www.tvturk.com\/index.php\/wp-json\/wp\/v2\/media?parent=163229"}],"wp:term":[{"taxonomy":"category","embeddable":true,"href":"http:\/\/www.tvturk.com\/index.php\/wp-json\/wp\/v2\/categories?post=163229"},{"taxonomy":"post_tag","embeddable":true,"href":"http:\/\/www.tvturk.com\/index.php\/wp-json\/wp\/v2\/tags?post=163229"}],"curies":[{"name":"wp","href":"https:\/\/api.w.org\/{rel}","templated":true}]}}