{"id":163231,"date":"2019-05-28T22:04:13","date_gmt":"2019-05-28T19:04:13","guid":{"rendered":"http:\/\/www.tvturk.com\/index.php\/binali-yildirim-multeci-konusu-guvenlik-konularinda-bize-zarar-verirlerse-zerre-kadar-musemma-gostermeyiz\/"},"modified":"2019-05-28T22:04:13","modified_gmt":"2019-05-28T19:04:13","slug":"binali-yildirim-multeci-konusu-guvenlik-konularinda-bize-zarar-verirlerse-zerre-kadar-musemma-gostermeyiz","status":"publish","type":"post","link":"http:\/\/www.tvturk.com\/index.php\/binali-yildirim-multeci-konusu-guvenlik-konularinda-bize-zarar-verirlerse-zerre-kadar-musemma-gostermeyiz\/","title":{"rendered":"Binali Y\u0131ld\u0131r\u0131m: &#8220;(M\u00fclteci konusu) G\u00fcvenlik konular\u0131nda bize zarar verirlerse zerre kadar m\u00fcsemma g\u00f6stermeyiz&#8221;"},"content":{"rendered":"<p>AK Parti B\u00fcy\u00fck\u015fehir Belediye Ba\u015fkan Aday\u0131 Binali Y\u0131ld\u0131r\u0131m, oto sanayi esnaf\u0131 taraf\u0131ndan d\u00fczenlenen iftar program\u0131na kat\u0131ld\u0131. Y\u0131ld\u0131r\u0131m, m\u00fcltecilerle ilgili, \u201cG\u00fcvenlik konular\u0131nda bize zarar verirlerse zerre kadar m\u00fcsemma g\u00f6stermeyiz&#8221; dedi.<\/p>\n<p>AK Parti B\u00fcy\u00fck\u015fehir Belediye Ba\u015fkan Aday\u0131 Binali Y\u0131ld\u0131r\u0131m, Maslak\u2019ta Oto Sanayi esnaf\u0131 taraf\u0131ndan d\u00fczenlenen iftar program\u0131na kat\u0131ld\u0131. Burada esnafla uzun uzun sohbet eden Y\u0131ld\u0131r\u0131m, bas\u0131n mensuplar\u0131na da a\u00e7\u0131klamada bulundu. M\u00fclteci konusu hakk\u0131nda konu\u015fan Y\u0131ld\u0131r\u0131m, &#8220;\u0130stanbul\u2019da yabanc\u0131lar var. Belirli il\u00e7elerde yo\u011funla\u015fm\u0131\u015f vaziyette. Biz \u015funu diyoruz; \u2019buran\u0131n huzurunu bozarsan, g\u00fcvenlik sorunu olu\u015fturursan hi\u00e7 kusura bakma kula\u011f\u0131ndan tutar atar\u0131z\u2019 g\u00fcvenlik esast\u0131r. Yabanc\u0131lar konusundaki benim g\u00f6r\u00fc\u015f\u00fcm duru\u015fum \u00e7ok a\u00e7\u0131k nettir. Vatanda\u015flar\u0131m\u0131z\u0131n g\u00fcnl\u00fck hayatlar\u0131na zarar verirlerse, g\u00fcvenlik asayi\u015f konular\u0131nda bize zarar verirlerse zerre kadar m\u00fcsemma g\u00f6stermeyiz&#8221; \u015feklinde konu\u015ftu.<\/p>\n<p>\u201cS\u0131\u011f\u0131nmac\u0131lar \u00fclkelerinde \u015fartlar d\u00fczelince g\u00f6nderiliyor\u201d<\/p>\n<p>Yabanc\u0131 d\u00fc\u015fmanl\u0131\u011f\u0131n\u0131 \u00fclkeler i\u00e7in felaket olaca\u011f\u0131n\u0131 belirten Y\u0131ld\u0131r\u0131m, &#8220;\u0130\u015f yabanc\u0131 d\u00fc\u015fmanl\u0131\u011f\u0131na d\u00f6n\u00fc\u015f\u00fcrse bu \u00fclkeler i\u00e7in b\u00fcy\u00fck felakettir. Avrupa \u00fclkelerinin \u015fuanda i\u00e7inde bulundu\u011fu en b\u00fcy\u00fck felaket \u0131rk\u00e7\u0131l\u0131k. Bu insanl\u0131k i\u00e7in b\u00fcy\u00fck bir tehdit, bunun mutlaka \u00f6n\u00fcne ge\u00e7ilmesi laz\u0131m. Biz b\u00f6lgede ciddi sorumlulu\u011fu olan bir \u00fclkeyiz ama hi\u00e7bir \u015feyde s\u0131n\u0131rs\u0131z de\u011fildir. Biz diyoruz ki \u2019siz karde\u015fim ge\u00e7ici korumaya tabisiniz\u2019 \u00fclkelerinde \u015fartlar d\u00fczelince g\u00f6nderiliyor&#8221; ifadelerini kulland\u0131.<\/p>\n<p>&#8220;23 Haziran\u2019da \u0130stanbul demokrasi bayram\u0131n\u0131 kutlamaya haz\u0131r m\u0131s\u0131n\u0131z?&#8221;<\/p>\n<p>Binali Y\u0131ld\u0131r\u0131m, bas\u0131n a\u00e7\u0131klamas\u0131 s\u0131ras\u0131nda \u0130BB Spor \u0130stanbul\u2019un iftar\u0131na telefonla ba\u011fland\u0131. Spor \u0130stanbul\u2019un faaliyetlerini yak\u0131ndan takip etti\u011fini s\u00f6yleyen Y\u0131ld\u0131r\u0131m ba\u015far\u0131lar\u0131ndan dolay\u0131 tebrik etti. Y\u0131ld\u0131r\u0131m, &#8220;Biz b\u00fcy\u00fck bir aileyiz in\u015fallah bu ailemiz 23 Haziran\u2019da \u0130stanbul bayram\u0131n\u0131 kutlamaya haz\u0131rlan\u0131yor. Ramazan bayram\u0131ndan sonra 23 Haziran\u2019da \u0130stanbul demokrasi bayram\u0131n\u0131 kutlamaya haz\u0131r m\u0131s\u0131n\u0131z?&#8221; dedi.<\/p>\n<p>&#8220;Katakulli var, se\u00e7im falan kazan\u0131ld\u0131\u011f\u0131 yok&#8221;<\/p>\n<p>23 Haziran\u2019da tekrarlanacak olan \u0130stanbul se\u00e7imlerine de\u011finen Y\u0131ld\u0131r\u0131m, &#8220;\u0130stanbul d\u00fcnyan\u0131n merkezi, dolay\u0131s\u0131yla \u0130stanbul\u2019da yap\u0131lacak her \u015fey iyi veya k\u00f6t\u00fc do\u011frudan T\u00fcrkiye\u2019den etkiliyor. \u0130stanbul hap\u015f\u0131rsa T\u00fcrkiye nezle olur. \u0130stanbul ekonominin 3\u2019te 1\u2019i, n\u00fcfusun 5\u2019te 1\u2019i, turizmin 3\u2019te 1\u2019i dolays\u0131yla buran\u0131n belediye ba\u015fkan\u0131n g\u00f6revi de yeni yat\u0131r\u0131mc\u0131lar\u0131 buraya \u00e7ekmek, daha \u00e7ok istihdam, i\u015f imkanlar\u0131 sa\u011flamak. \u00c7\u00f6pt\u00fc, \u00e7ukurdu \u015fimdi bunlar konu\u015fuluyor mu? Hay\u0131r ama biz bunu ya\u015fad\u0131k. Evlatlar\u0131m\u0131z\u0131n bir daha ya\u015famamas\u0131 i\u00e7in i\u015fi 23 Haziran\u2019da s\u0131k\u0131 tutaca\u011f\u0131z. Katakulli var. \u0130stedi\u011finiz soruyu sorun cevaplar\u0131m. Se\u00e7im falan kazan\u0131ld\u0131\u011f\u0131 yok&#8221; diye konu\u015ftu.<\/p>\n<p>&#8220;Kim kiminle bir araya geliyor, ne ili\u015fkiler var, bakt\u0131\u011f\u0131n\u0131z zaman insan deh\u015fete d\u00fc\u015f\u00fcyor&#8221;<\/p>\n<p>Y\u0131ld\u0131r\u0131m s\u00f6zlerine \u015f\u00f6yle devam etti:<\/p>\n<p>&#8220;Zor zamanlar ge\u00e7iyoruz bu sadece bizim \u00fclkemizde olan bir \u015fey de\u011fil. 2009\u2019dan itibaren d\u00fcnyan\u0131n d\u00fczeni bozuldu. Amerika\u2019da ba\u015flayan bu hormonlu b\u00fcy\u00fcme patlad\u0131. O g\u00fcn bug\u00fcnd\u00fcr d\u00fcnya b\u00fcy\u00fcyemiyor. Ne yap\u0131yoruz. Yat\u0131r\u0131m yapt\u0131n, bor\u00e7land\u0131n daha \u00e7ok satman laz\u0131m. Sataca\u011f\u0131n \u00fclkelerde s\u0131k\u0131nt\u0131 var alam\u0131yor. Bir birini tetikleyen d\u00f6ng\u00fc. Bundan \u00e7\u0131kman\u0131n yolu g\u00fc\u00e7l\u00fc iktidar\u0131n devam etmesi ve tedbirler almak. \u0130n\u015fallah bu i\u015flerin \u00fcstesinden gelece\u011fiz. Ba\u015fka kadro yok \u015fuanda. Kim kiminle bir araya geliyor, ne ili\u015fkiler var, bakt\u0131\u011f\u0131n\u0131z zaman insan deh\u015fete d\u00fc\u015f\u00fcyor.&#8221;<\/p>\n","protected":false},"excerpt":{"rendered":"<p>AK PART\u0130 B\u00dcY\u00dcK\u015eEH\u0130R BELED\u0130YE BA\u015eKAN ADAYI B\u0130NAL\u0130 YILDIRIM, OTO SANAY\u0130 ESNAFI TARAFINDAN D\u00dcZENLENEN \u0130FTAR PROGRAMINA KATILDI.<\/p>\n","protected":false},"author":1,"featured_media":163232,"comment_status":"closed","ping_status":"open","sticky":false,"template":"","format":"standard","meta":{"jetpack_post_was_ever_published":false,"_jetpack_newsletter_access":"","_jetpack_dont_email_post_to_subs":false,"_jetpack_newsletter_tier_id":0,"_jetpack_memberships_contains_paywalled_content":false,"_jetpack_memberships_contains_paid_content":false,"footnotes":"","jetpack_publicize_message":"","jetpack_publicize_feature_enabled":true,"jetpack_social_post_already_shared":true,"jetpack_social_options":{"image_generator_settings":{"template":"highway","default_image_id":0,"font":"","enabled":false},"version":2}},"categories":[1],"tags":[3333,5972,38585,354,3702,14362,4660,2168,38584,38582,376,900,38583],"class_list":["post-163231","post","type-post","status-publish","format-standard","has-post-thumbnail","hentry","category-genel","tag-binali","tag-bize","tag-gostermeyiz","tag-guvenlik","tag-kadar","tag-konularinda","tag-konusu","tag-multeci","tag-musemma","tag-verirlerse","tag-yildirim","tag-zarar","tag-zerre"],"jetpack_publicize_connections":[],"jetpack_featured_media_url":"https:\/\/i0.wp.com\/www.tvturk.com\/wp-content\/uploads\/2019\/05\/binali-yildirim-multeci-konusu-guvenlik-konularinda-bize-zarar-verirlerse-zerre-kadar-musemma-gostermeyiz_8950313.jpg?fit=1000%2C666","jetpack_sharing_enabled":true,"jetpack_shortlink":"https:\/\/wp.me\/paKIfm-GsL","_links":{"self":[{"href":"http:\/\/www.tvturk.com\/index.php\/wp-json\/wp\/v2\/posts\/163231","targetHints":{"allow":["GET"]}}],"collection":[{"href":"http:\/\/www.tvturk.com\/index.php\/wp-json\/wp\/v2\/posts"}],"about":[{"href":"http:\/\/www.tvturk.com\/index.php\/wp-json\/wp\/v2\/types\/post"}],"author":[{"embeddable":true,"href":"http:\/\/www.tvturk.com\/index.php\/wp-json\/wp\/v2\/users\/1"}],"replies":[{"embeddable":true,"href":"http:\/\/www.tvturk.com\/index.php\/wp-json\/wp\/v2\/comments?post=163231"}],"version-history":[{"count":0,"href":"http:\/\/www.tvturk.com\/index.php\/wp-json\/wp\/v2\/posts\/163231\/revisions"}],"wp:featuredmedia":[{"embeddable":true,"href":"http:\/\/www.tvturk.com\/index.php\/wp-json\/wp\/v2\/media\/163232"}],"wp:attachment":[{"href":"http:\/\/www.tvturk.com\/index.php\/wp-json\/wp\/v2\/media?parent=163231"}],"wp:term":[{"taxonomy":"category","embeddable":true,"href":"http:\/\/www.tvturk.com\/index.php\/wp-json\/wp\/v2\/categories?post=163231"},{"taxonomy":"post_tag","embeddable":true,"href":"http:\/\/www.tvturk.com\/index.php\/wp-json\/wp\/v2\/tags?post=163231"}],"curies":[{"name":"wp","href":"https:\/\/api.w.org\/{rel}","templated":true}]}}