{"id":163233,"date":"2019-05-28T22:09:21","date_gmt":"2019-05-28T19:09:21","guid":{"rendered":"http:\/\/www.tvturk.com\/index.php\/yayladagi-kaymakamligi-tarafindan-sehit-aileleri-ve-gazilere-iftar-verildi\/"},"modified":"2019-05-28T22:09:21","modified_gmt":"2019-05-28T19:09:21","slug":"yayladagi-kaymakamligi-tarafindan-sehit-aileleri-ve-gazilere-iftar-verildi","status":"publish","type":"post","link":"http:\/\/www.tvturk.com\/index.php\/yayladagi-kaymakamligi-tarafindan-sehit-aileleri-ve-gazilere-iftar-verildi\/","title":{"rendered":"Yaylada\u011f\u0131 Kaymakaml\u0131\u011f\u0131 taraf\u0131ndan \u015fehit aileleri ve gazilere iftar verildi"},"content":{"rendered":"<p>Hatay\u2019\u0131n Yaylada\u011f\u0131 il\u00e7esinde kaymakaml\u0131k taraf\u0131ndan \u015fehit yak\u0131nlar\u0131, gazi ve ter\u00f6r ma\u011fduru ailelere iftar yeme\u011fi verildi.<\/p>\n<p>\u0130l\u00e7e Jandarma Komutanl\u0131\u011f\u0131 Bah\u00e7esinde verilen iftara kat\u0131lan Yaylada\u011f\u0131 Kaymakam\u0131 \u00d6mer Faruk Y\u00fcce, \u015fehit yak\u0131nlar\u0131, gazi ve ter\u00f6r ma\u011fduru aileler ile bir s\u00fcre sohbet ederek, talep ve s\u0131k\u0131nt\u0131lar\u0131n\u0131 dinledi.<\/p>\n<p>Kaymakam Y\u00fcce yapt\u0131\u011f\u0131 konu\u015fmada, &#8220;Kutsal vatan topra\u011f\u0131 i\u00e7in canlar\u0131n\u0131 seve seve vermi\u015f \u015fehitlerimizin yak\u0131nlar\u0131, vatan i\u00e7in m\u00fccadele ederken malul kalm\u0131\u015f kahraman gazilerimiz, hain ter\u00f6r eylemlerinde hayat\u0131n\u0131 kaybetmi\u015f sivil vatanda\u015flar\u0131m\u0131z ve gazilerimizle iftar yeme\u011finde bir arada olmaktan b\u00fcy\u00fck mutluluk duymaktay\u0131m. Bu vatan i\u00e7in kiminiz o\u011flunuzu, kiminiz baban\u0131z\u0131, kiminiz e\u015finizi bizler buralarda rahat iftarlar\u0131m\u0131z\u0131 yapal\u0131m, \u00fclkemizde huzur i\u00e7inde ya\u015fayal\u0131m diye en de\u011ferli varl\u0131\u011f\u0131n\u0131z\u0131 bu vatan i\u00e7in \u015fehit verdiniz. \u015eunu da biliyor inan\u0131yoruz ki \u015fehitlik, mertebelerin en g\u00fczeli, en y\u00fccesi. Bu mertebeye ula\u015fm\u0131\u015f \u015fehitlerimizin anneleri, babalar\u0131 ve ailelerisiniz. Devletimiz ve milletimiz ad\u0131na hepinize minnet ve \u015f\u00fckranlar\u0131m\u0131z\u0131 sunuyorum. Sizler, \u00f6nce devletimize ve bizlere emanetsiniz ve her zaman sizlere kap\u0131m\u0131z a\u00e7\u0131kt\u0131r&#8221; dedi.<\/p>\n<p>Yap\u0131lan iftar sonras\u0131 Kur-an\u2019\u0131 Kerim okunup, \u015fehitler i\u00e7in dua edildi. \u0130ftar yeme\u011fine \u0130l\u00e7e Garnizon Komutan\u0131 Piyade Binba\u015f\u0131 Mehmet Kanu\u015f, Cumhuriyet Savc\u0131s\u0131 Muhammet Bozda\u011f, \u0130l\u00e7e Jandarma Komutan\u0131 Y\u00fczba\u015f\u0131 Mehmet G\u00fcler, \u0130l\u00e7e Emniyet Amir Vekili H\u00fcseyin Tolga \u00d6zkay, daire amirleri ile \u015fehit aileleri, gaziler ve aileleri kat\u0131ld\u0131.<\/p>\n","protected":false},"excerpt":{"rendered":"<p>HATAY\u2019IN YAYLADA\u011eI \u0130L\u00c7ES\u0130NDE KAYMAKAMLIK TARAFINDAN \u015eEH\u0130T YAKINLARI, GAZ\u0130 VE TER\u00d6R MA\u011eDURU A\u0130LELERE \u0130FTAR YEME\u011e\u0130 VER\u0130LD\u0130.<\/p>\n","protected":false},"author":1,"featured_media":163234,"comment_status":"closed","ping_status":"open","sticky":false,"template":"","format":"standard","meta":{"jetpack_post_was_ever_published":false,"_jetpack_newsletter_access":"","_jetpack_dont_email_post_to_subs":false,"_jetpack_newsletter_tier_id":0,"_jetpack_memberships_contains_paywalled_content":false,"_jetpack_memberships_contains_paid_content":false,"footnotes":"","jetpack_publicize_message":"","jetpack_publicize_feature_enabled":true,"jetpack_social_post_already_shared":true,"jetpack_social_options":{"image_generator_settings":{"template":"highway","default_image_id":0,"font":"","enabled":false},"version":2}},"categories":[1],"tags":[21344,9215,23728,30333,38586,237,765,634],"class_list":["post-163233","post","type-post","status-publish","format-standard","has-post-thumbnail","hentry","category-genel","tag-yayladagi","tag-aileleri","tag-gazilere","tag-iftar","tag-kaymakamligi","tag-sehit","tag-tarafindan","tag-verildi"],"jetpack_publicize_connections":[],"jetpack_featured_media_url":"https:\/\/i0.wp.com\/www.tvturk.com\/wp-content\/uploads\/2019\/05\/yayladagi-kaymakamligi-tarafindan-sehit-aileleri-ve-gazilere-iftar-verildi_284b743.jpg?fit=1000%2C666","jetpack_sharing_enabled":true,"jetpack_shortlink":"https:\/\/wp.me\/paKIfm-GsN","_links":{"self":[{"href":"http:\/\/www.tvturk.com\/index.php\/wp-json\/wp\/v2\/posts\/163233","targetHints":{"allow":["GET"]}}],"collection":[{"href":"http:\/\/www.tvturk.com\/index.php\/wp-json\/wp\/v2\/posts"}],"about":[{"href":"http:\/\/www.tvturk.com\/index.php\/wp-json\/wp\/v2\/types\/post"}],"author":[{"embeddable":true,"href":"http:\/\/www.tvturk.com\/index.php\/wp-json\/wp\/v2\/users\/1"}],"replies":[{"embeddable":true,"href":"http:\/\/www.tvturk.com\/index.php\/wp-json\/wp\/v2\/comments?post=163233"}],"version-history":[{"count":0,"href":"http:\/\/www.tvturk.com\/index.php\/wp-json\/wp\/v2\/posts\/163233\/revisions"}],"wp:featuredmedia":[{"embeddable":true,"href":"http:\/\/www.tvturk.com\/index.php\/wp-json\/wp\/v2\/media\/163234"}],"wp:attachment":[{"href":"http:\/\/www.tvturk.com\/index.php\/wp-json\/wp\/v2\/media?parent=163233"}],"wp:term":[{"taxonomy":"category","embeddable":true,"href":"http:\/\/www.tvturk.com\/index.php\/wp-json\/wp\/v2\/categories?post=163233"},{"taxonomy":"post_tag","embeddable":true,"href":"http:\/\/www.tvturk.com\/index.php\/wp-json\/wp\/v2\/tags?post=163233"}],"curies":[{"name":"wp","href":"https:\/\/api.w.org\/{rel}","templated":true}]}}