{"id":163263,"date":"2019-05-29T00:11:08","date_gmt":"2019-05-28T21:11:08","guid":{"rendered":"http:\/\/www.tvturk.com\/index.php\/ab-liderleri-brukselde-bir-araya-geldi\/"},"modified":"2019-05-29T00:11:08","modified_gmt":"2019-05-28T21:11:08","slug":"ab-liderleri-brukselde-bir-araya-geldi","status":"publish","type":"post","link":"http:\/\/www.tvturk.com\/index.php\/ab-liderleri-brukselde-bir-araya-geldi\/","title":{"rendered":"AB liderleri Br\u00fcksel\u2019de bir araya geldi"},"content":{"rendered":"<p>Avrupa Birli\u011fi (AB) liderleri, Avrupa Parlamentosu (AP) se\u00e7imlerinin ard\u0131ndan Bel\u00e7ika\u2019n\u0131n ba\u015fkenti Br\u00fcksel\u2019de ak\u015fam yeme\u011finde bir araya geldi.<\/p>\n<p>Bel\u00e7ika\u2019n\u0131n ba\u015fkenti Br\u00fcksel\u2019de AB liderleri resmi takvimde yer almayan bir ak\u015fam yeme\u011finde bir araya geldi. Yeme\u011fin, AP se\u00e7imlerinden iki g\u00fcn sonra ve AB\u2019nin \u00f6nemli kurumlar\u0131n\u0131n yeni y\u00f6neticilerinin atanmas\u0131n\u0131n hemen \u00f6ncesine d\u00fczenlenmesi dikkat \u00e7ekti.   Avrupal\u0131 liderler, Avrupa Komisyonu Ba\u015fkan\u0131, Avrupa Konseyi Ba\u015fkan\u0131, AP Ba\u015fkan\u0131, Avrupa Merkez Bankas\u0131 Ba\u015fkan\u0131 ve AB D\u0131\u015f \u0130li\u015fkiler ve G\u00fcvenlik Politikas\u0131 Y\u00fcksek Temsilcisi gibi \u00fcst d\u00fczey pozisyonlar i\u00e7in m\u00fczakere s\u00fcrecine girdi.<\/p>\n<p>Fransa Cumhurba\u015fkan\u0131 Emmanuel Macron yemek sonras\u0131 gazetecilere yapt\u0131\u011f\u0131 a\u00e7\u0131klamada,  Jean-Claude Juncker gibi ba\u015far\u0131l\u0131 bir isme ihtiya\u00e7 oldu\u011funu belirterek, yeme\u011fin isimler \u00fczerine de\u011fil, projeler, \u00f6ncelikler ve kriterler \u00fczerine tart\u0131\u015fmalara sahne oldu\u011funu vurgulad\u0131. Macron, Haziran ay\u0131 sonuna kadar bir anla\u015fmaya varmak amac\u0131yla topland\u0131klar\u0131n\u0131 belirtti.<\/p>\n","protected":false},"excerpt":{"rendered":"<p>AVRUPA B\u0130RL\u0130\u011e\u0130 (AB) L\u0130DERLER\u0130, AVRUPA PARLAMENTOSU (AP) SE\u00c7\u0130MLER\u0130N\u0130N ARDINDAN BEL\u00c7\u0130KA\u2019NIN BA\u015eKENT\u0130 BR\u00dcKSEL\u2019DE AK\u015eAM YEME\u011e\u0130NDE B\u0130R ARAYA GELD\u0130.<\/p>\n","protected":false},"author":1,"featured_media":163264,"comment_status":"closed","ping_status":"open","sticky":false,"template":"","format":"standard","meta":{"jetpack_post_was_ever_published":false,"_jetpack_newsletter_access":"","_jetpack_dont_email_post_to_subs":false,"_jetpack_newsletter_tier_id":0,"_jetpack_memberships_contains_paywalled_content":false,"_jetpack_memberships_contains_paid_content":false,"footnotes":"","jetpack_publicize_message":"","jetpack_publicize_feature_enabled":true,"jetpack_social_post_already_shared":true,"jetpack_social_options":{"image_generator_settings":{"template":"highway","default_image_id":0,"font":"","enabled":false},"version":2}},"categories":[10],"tags":[126,125,935,127,7010],"class_list":["post-163263","post","type-post","status-publish","format-standard","has-post-thumbnail","hentry","category-dunya","tag-araya","tag-bir","tag-brukselde","tag-geldi","tag-liderleri"],"jetpack_publicize_connections":[],"jetpack_featured_media_url":"https:\/\/i0.wp.com\/www.tvturk.com\/wp-content\/uploads\/2019\/05\/ab-liderleri-brukselde-bir-araya-geldi_6b1f610.jpg?fit=1000%2C644","jetpack_sharing_enabled":true,"jetpack_shortlink":"https:\/\/wp.me\/paKIfm-Gth","_links":{"self":[{"href":"http:\/\/www.tvturk.com\/index.php\/wp-json\/wp\/v2\/posts\/163263","targetHints":{"allow":["GET"]}}],"collection":[{"href":"http:\/\/www.tvturk.com\/index.php\/wp-json\/wp\/v2\/posts"}],"about":[{"href":"http:\/\/www.tvturk.com\/index.php\/wp-json\/wp\/v2\/types\/post"}],"author":[{"embeddable":true,"href":"http:\/\/www.tvturk.com\/index.php\/wp-json\/wp\/v2\/users\/1"}],"replies":[{"embeddable":true,"href":"http:\/\/www.tvturk.com\/index.php\/wp-json\/wp\/v2\/comments?post=163263"}],"version-history":[{"count":0,"href":"http:\/\/www.tvturk.com\/index.php\/wp-json\/wp\/v2\/posts\/163263\/revisions"}],"wp:featuredmedia":[{"embeddable":true,"href":"http:\/\/www.tvturk.com\/index.php\/wp-json\/wp\/v2\/media\/163264"}],"wp:attachment":[{"href":"http:\/\/www.tvturk.com\/index.php\/wp-json\/wp\/v2\/media?parent=163263"}],"wp:term":[{"taxonomy":"category","embeddable":true,"href":"http:\/\/www.tvturk.com\/index.php\/wp-json\/wp\/v2\/categories?post=163263"},{"taxonomy":"post_tag","embeddable":true,"href":"http:\/\/www.tvturk.com\/index.php\/wp-json\/wp\/v2\/tags?post=163263"}],"curies":[{"name":"wp","href":"https:\/\/api.w.org\/{rel}","templated":true}]}}