{"id":163299,"date":"2019-05-29T10:05:14","date_gmt":"2019-05-29T07:05:14","guid":{"rendered":"http:\/\/www.tvturk.com\/index.php\/ozel-haber-turkiyenin-en-genc-dji-11-yasinda\/"},"modified":"2019-05-29T10:05:14","modified_gmt":"2019-05-29T07:05:14","slug":"ozel-haber-turkiyenin-en-genc-dji-11-yasinda","status":"publish","type":"post","link":"http:\/\/www.tvturk.com\/index.php\/ozel-haber-turkiyenin-en-genc-dji-11-yasinda\/","title":{"rendered":"(\u00d6zel Haber) T\u00fcrkiye\u2019nin en gen\u00e7 DJ\u2019i 11 ya\u015f\u0131nda"},"content":{"rendered":"<p>M\u00fczik sekt\u00f6r\u00fcn\u00fcn geli\u015fmesiyle birlikte DJ\u2019lik de aranan meslekler aras\u0131na girdi. Babas\u0131n\u0131n ofisinde 2016 y\u0131l\u0131nda tan\u0131\u015ft\u0131\u011f\u0131 DJ setine tutku ile ba\u011flanan 11 ya\u015f\u0131ndaki Yusuf Erdem, ald\u0131\u011f\u0131 e\u011fitimle T\u00fcrkiye\u2019nin en gen\u00e7 DJ\u2019i oldu.<\/p>\n<p>DJ\u2019li\u011fi ger\u00e7ek manas\u0131yla meslek olarak yapanlar\u0131n yan\u0131 s\u0131ra hobi olarak yapanlar\u0131n da say\u0131s\u0131 giderek art\u0131yor. T\u00fcrkiye\u2019de DJ\u2019lik hen\u00fcz bir meslek dal\u0131 olarak alg\u0131lanmasa da \u00f6zellikle son y\u0131llarda pop\u00fcleritesi artan y\u00fcksek getirisi olan kazan\u00e7l\u0131 bir i\u015f kap\u0131s\u0131 oldu. 2016 y\u0131l\u0131nda babas\u0131n\u0131n ofisinde tan\u0131\u015ft\u0131\u011f\u0131 DJ setine ba\u011flanan ve o tarihten sonra babas\u0131na DJ\u2019lik e\u011fitimi almak i\u00e7in s\u00fcrekli bask\u0131 yapan Yusuf Erdem de, 11 ya\u015f\u0131nda T\u00fcrkiye\u2019nin en gen\u00e7 DJ\u2019i oldu.<\/p>\n<p>E\u011fitim ald\u0131\u011f\u0131 kurumdan hocas\u0131 G\u00f6khan Ko\u015far\u2019a \u00e7ok \u015fey bor\u00e7lu oldu\u011funu ifade eden Yusuf, \u201cG\u00f6khan hocam burada her \u015feyimle ilgilendi, bana \u00e7ok yard\u0131mc\u0131 oldu. Ders saatlerimi okul saatlerimle \u00e7ak\u0131\u015fmayacak \u015fekilde ayarlad\u0131. Bu s\u00fcre\u00e7te e\u011fitimim hi\u00e7 aksamad\u0131, geriye ders \u00e7al\u0131\u015faca\u011f\u0131m \u00e7ok vaktim kald\u0131\u201d dedi.<\/p>\n<p>\u00d6rnek ald\u0131\u011f\u0131 DJ\u2019ler aras\u0131nda \u0130lkay \u015eencan ve Mahmut Oral\u2019\u0131n oldu\u011funu s\u00f6yleyen Yusuf, en sevdi\u011fi par\u00e7an\u0131nsa \u0130lkah \u015eencan\u2019\u0131n \u2018What you Want\u2019 isimli \u015fark\u0131s\u0131 oldu\u011funu belirtti. \u00d6\u011frenmenin ya\u015f\u0131 olmad\u0131\u011f\u0131n\u0131 belirterek herkese DJ\u2019li\u011fi tavsiye eden Yusuf, okul arkada\u015flar\u0131n\u0131n da kendisini tebrik etti\u011fini ve bu durumdan dolay\u0131 \u00e7ok mutlu oldu\u011funu s\u00f6zlerine ekledi.<\/p>\n<p>\u201cBiz Yusuf\u2019a her zaman destek olaca\u011f\u0131z\u201d<\/p>\n<p>O\u011flunun DJ\u2019li\u011fe nas\u0131l ba\u015flad\u0131\u011f\u0131n\u0131 anlatan baba Semih Erdem, \u201cYusuf\u2019un 2016 y\u0131l\u0131ndan bu yana DJ\u2019li\u011fe hevesi var. Bir arkada\u015f\u0131m\u0131n DJ seti vard\u0131, ofisimizde onu g\u00f6rd\u00fc, \u00e7ald\u0131. O zamandan sonra s\u00fcrekli beni s\u0131k\u0131\u015ft\u0131r\u0131yordu, \u2018Baba, ben bunun e\u011fitimini almak istiyorum, bana DJ seti al\u2019 diye. Sonunda biz buran\u0131n iyi bir e\u011fitim kurumu oldu\u011funu \u00f6\u011frendik, b\u00fcy\u00fck bir hevesle o\u011flumuzu getirdik. O\u011flum da bu i\u015fi b\u00fcy\u00fck bir hevesle yapmaya \u00e7al\u0131\u015f\u0131yor\u201d ifadelerini kulland\u0131.<\/p>\n<p>Yusuf\u2019un okulda da bateri kursuna gitti\u011fini s\u00f6yleyen anne Serpil Erdem ise, \u201cOkuluyla birlikte m\u00fczik kariyerini de ilerletmek istiyor. Okulda da bateri kursuna gidiyor. Biz de Yusuf\u2019a devam etmesi konusunda destek olaca\u011f\u0131z. Gelecekteki mesle\u011fine hen\u00fcz karar vermedi, \u015fu s\u0131ralar kararlar\u0131 \u00e7ok de\u011fi\u015fiyor. Konservatuar\u0131 da istiyor, ba\u015fka \u015feyler de s\u00f6yl\u00fcyor. Ne isterse, nereye y\u00f6nlenmek isterse biz destek olaca\u011f\u0131z\u201d \u015feklinde konu\u015ftu.<\/p>\n<p>\u201cDJ olmak isterseniz DJ olursunuz\u201d<\/p>\n<p>DJ Academy &amp; Agency prod\u00fckt\u00f6r\u00fc \u0130lkay \u015eencan, \u201c\u00c7ocuklu\u011fumdan beri bu i\u015fi yap\u0131yorum. Prod\u00fckt\u00f6r\u00fcm. DJ olmak istiyorsan\u0131z zaten buna karar vermi\u015fsiniz demektir. DJ olmak isterseniz DJ olursunuz. Bu i\u015fin bir DJ\u2019lik bir de m\u00fczik \u00fcretimi k\u0131sm\u0131 var. DJ\u2019lik par\u00e7alar\u0131 sahnede programda \u00e7almakt\u0131r. Bir de prod\u00fckt\u00f6rl\u00fck k\u0131sm\u0131 var. Par\u00e7alar\u0131n yap\u0131m a\u015famas\u0131. \u2018DJ olmak isteyen biri hangi yollardan ge\u00e7meli\u2019 diye sorarsan\u0131z bir defa bu i\u015fi profesyonellerden \u00f6\u011frenmeli. Bunun yan\u0131 s\u0131ra \u00e7ok m\u00fczik dinliyor olmal\u0131. DJ\u2019lerin \u00e7ald\u0131\u011f\u0131 tarzda m\u00fcziklere de ilgisi olmal\u0131. Zaten genelde b\u00f6yle ba\u015flar. \u00d6nce elektronik m\u00fczi\u011fe ilgi duyars\u0131n\u0131z, sonra \u2018Ben niye \u00e7alm\u0131yorum\u2019 dersiniz. En son a\u015famada da e\u011fitimini al\u0131rs\u0131n\u0131z. DJ\u2019li\u011fin ya\u015fla veya konumla bir alakas\u0131 yok. 45 ya\u015f\u0131nda \u00f6\u011frencimiz de var bizim. M\u00fczik g\u00f6n\u00fcl i\u015fidir. Yusuf bizim i\u00e7in bir ilk\u201d dedi.<\/p>\n<p>\u201cKendi hayal etti\u011fi m\u00fczi\u011fi yaps\u0131n\u201d<\/p>\n<p>Yusuf\u2019un DJ\u2019lik e\u011fitiminde \u00f6nemli pay\u0131 olan DJ Academy &amp; Agency \u00f6\u011fretmenlerinden G\u00f6khan Ko\u015far, \u201cYusuf \u00e7ok ba\u015far\u0131l\u0131 bir \u00f6\u011frenci. Buraya kay\u0131t olmadan \u00f6nce onu ufak bir teste tabi tuttuk. Babas\u0131yla ilk konu\u015ftu\u011fumuzda, o\u011flunun \u00e7ok yetenekli oldu\u011funu ve m\u00fczi\u011fe \u00e7ok duyarl\u0131 oldu\u011fundan bahsetti. Biz de Yusuf\u2019a burada ufak bir test yapt\u0131k. Yapt\u0131\u011f\u0131m\u0131z testten ba\u015far\u0131l\u0131 bir \u015fekilde ayr\u0131ld\u0131 ve buraya kay\u0131t a\u015famas\u0131nda biz de onun kadar hevesliydik. Okulda bateri \u00e7almas\u0131 da onu burada daha ba\u015far\u0131l\u0131 yapt\u0131. Ritim saymay\u0131 biliyor \u00e7\u00fcnk\u00fc. Biz, Yusuf\u2019a burada DJ\u2019li\u011fin t\u00fcm temel \u00f6zelli\u011fini ve b\u00fct\u00fcn teknik \u00f6zelliklerini g\u00f6sterdik. Kullanm\u0131\u015f oldu\u011fumuz ekipmanlar\u0131n tan\u0131t\u0131m\u0131n\u0131 da yapt\u0131k. Yusuf\u2019la tan\u0131\u015ft\u0131\u011f\u0131m\u0131z ilk g\u00fcnden bu yana kendisini belli bir seviyeye getirdi\u011fimize inan\u0131yoruz. Standart bir e\u011fitim politikam\u0131z var; gen\u00e7 ya da ya\u015fl\u0131 olarak bir ayr\u0131m g\u00f6zetmiyoruz. Vermi\u015f oldu\u011fumuz m\u00fcfredata g\u00f6re \u00f6\u011frencilerimize e\u011fitim uyguluyoruz. Bu e\u011fitimlerin do\u011fru oldu\u011funu d\u00fc\u015f\u00fcn\u00fcyoruz ki 20 tane \u00f6\u011frenci mezun ettik \u015fimdiye kadar. Hala da a\u015f\u0131r\u0131 derecede talep al\u0131yoruz. Yusuf\u2019un bundan sonraki hedefi, kendi hayal etti\u011fi m\u00fczi\u011fi kendi yaratmas\u0131 olmal\u0131d\u0131r&#8221; diye konu\u015ftu.<\/p>\n<p>T\u00fcrkiye\u2019nin en gen\u00e7 DJ\u2019i olma unvan\u0131na sahip olan 11 ya\u015f\u0131ndaki Yusuf Erdem, g\u00f6sterdi\u011fi canl\u0131 performans\u0131n ard\u0131ndan \u00f6\u011fretmeni G\u00f6khan Ko\u015far\u2019dan mezuniyet sertifikas\u0131n\u0131 ald\u0131.<\/p>\n","protected":false},"excerpt":{"rendered":"<p>M\u00dcZ\u0130K SEKT\u00d6R\u00dcN\u00dcN GEL\u0130\u015eMES\u0130YLE B\u0130RL\u0130KTE DJ\u2019L\u0130K DE ARANAN MESLEKLER ARASINA G\u0130RD\u0130. BABASININ OF\u0130S\u0130NDE 2016 YILINDA TANI\u015eTI\u011eI DJ SET\u0130NE TUTKU \u0130LE BA\u011eLANAN 11 YA\u015eINDAK\u0130 YUSUF ERDEM, ALDI\u011eI E\u011e\u0130T\u0130MLE T\u00dcRK\u0130YE\u2019N\u0130N EN GEN\u00c7 DJ\u2019\u0130 OLDU.<\/p>\n","protected":false},"author":1,"featured_media":163300,"comment_status":"closed","ping_status":"open","sticky":false,"template":"","format":"standard","meta":{"jetpack_post_was_ever_published":false,"_jetpack_newsletter_access":"","_jetpack_dont_email_post_to_subs":false,"_jetpack_newsletter_tier_id":0,"_jetpack_memberships_contains_paywalled_content":false,"_jetpack_memberships_contains_paid_content":false,"footnotes":"","jetpack_publicize_message":"","jetpack_publicize_feature_enabled":true,"jetpack_social_post_already_shared":true,"jetpack_social_options":{"image_generator_settings":{"template":"highway","default_image_id":0,"font":"","enabled":false},"version":2}},"categories":[1],"tags":[1073,18406,803,1545,177,2487],"class_list":["post-163299","post","type-post","status-publish","format-standard","has-post-thumbnail","hentry","category-genel","tag-ozel","tag-dji","tag-genc","tag-haber","tag-turkiyenin","tag-yasinda"],"jetpack_publicize_connections":[],"jetpack_featured_media_url":"https:\/\/i0.wp.com\/www.tvturk.com\/wp-content\/uploads\/2019\/05\/ozel-haber-turkiyenin-en-genc-dji-11-yasinda_81a36bc.jpg?fit=1000%2C644","jetpack_sharing_enabled":true,"jetpack_shortlink":"https:\/\/wp.me\/paKIfm-GtR","_links":{"self":[{"href":"http:\/\/www.tvturk.com\/index.php\/wp-json\/wp\/v2\/posts\/163299","targetHints":{"allow":["GET"]}}],"collection":[{"href":"http:\/\/www.tvturk.com\/index.php\/wp-json\/wp\/v2\/posts"}],"about":[{"href":"http:\/\/www.tvturk.com\/index.php\/wp-json\/wp\/v2\/types\/post"}],"author":[{"embeddable":true,"href":"http:\/\/www.tvturk.com\/index.php\/wp-json\/wp\/v2\/users\/1"}],"replies":[{"embeddable":true,"href":"http:\/\/www.tvturk.com\/index.php\/wp-json\/wp\/v2\/comments?post=163299"}],"version-history":[{"count":0,"href":"http:\/\/www.tvturk.com\/index.php\/wp-json\/wp\/v2\/posts\/163299\/revisions"}],"wp:featuredmedia":[{"embeddable":true,"href":"http:\/\/www.tvturk.com\/index.php\/wp-json\/wp\/v2\/media\/163300"}],"wp:attachment":[{"href":"http:\/\/www.tvturk.com\/index.php\/wp-json\/wp\/v2\/media?parent=163299"}],"wp:term":[{"taxonomy":"category","embeddable":true,"href":"http:\/\/www.tvturk.com\/index.php\/wp-json\/wp\/v2\/categories?post=163299"},{"taxonomy":"post_tag","embeddable":true,"href":"http:\/\/www.tvturk.com\/index.php\/wp-json\/wp\/v2\/tags?post=163299"}],"curies":[{"name":"wp","href":"https:\/\/api.w.org\/{rel}","templated":true}]}}