{"id":163307,"date":"2019-05-29T10:07:14","date_gmt":"2019-05-29T07:07:14","guid":{"rendered":"http:\/\/www.tvturk.com\/index.php\/turkoba-meydani-binlerce-kisiyi-iftarda-bulusturdu\/"},"modified":"2019-05-29T10:07:14","modified_gmt":"2019-05-29T07:07:14","slug":"turkoba-meydani-binlerce-kisiyi-iftarda-bulusturdu","status":"publish","type":"post","link":"http:\/\/www.tvturk.com\/index.php\/turkoba-meydani-binlerce-kisiyi-iftarda-bulusturdu\/","title":{"rendered":"T\u00fcrkoba Meydan\u0131 binlerce ki\u015fiyi iftarda bulu\u015fturdu"},"content":{"rendered":"<p>B\u00fcy\u00fck\u00e7ekmece Belediye Ba\u015fkan\u0131 Hasan Akg\u00fcn, Ramazan ay\u0131n\u0131n g\u00fczelliklerini ve bereketini bu kez de T\u00fcrkoba sakinleriyle payla\u015ft\u0131.<\/p>\n<p>CHP \u0130stanbul Milletvekili Sibel \u00d6zdemir\u2019in de kat\u0131ld\u0131\u011f\u0131 T\u00fcrkoba mahalle iftar\u0131nda binlerce vatanda\u015f oru\u00e7lar\u0131n\u0131 bir arada a\u00e7man\u0131n mutlulu\u011funu ya\u015fad\u0131. B\u00fcy\u00fck\u00e7ekmecelilerle birlikte iftar sofras\u0131nda bulu\u015fmaktan mutluluk duydu\u011funu belirten \u00d6zdemir, &#8220;Allah seneye de bu sofralarda bir araya gelmemizi nasip etsin. Ramazan ay\u0131n\u0131n bereketini, huzurunu, mutlulu\u011funu hep birlikte payla\u015f\u0131yoruz. B\u00fcy\u00fck\u00e7ekmece\u2019nin neden mutluluk \u015fehri oldu\u011funu \u015fimdi anlad\u0131m. Y\u00fcce Allah tuttu\u011funuz oru\u00e7lar\u0131 kabul etsin\u201d dedi.<\/p>\n<p>\u201cRamazan hep birlikte olunca g\u00fczel\u201d<\/p>\n<p>Birlik ve beraberlik i\u00e7erisinde nice Ramazanlar ge\u00e7irmek dile\u011fiyle diyen B\u00fcy\u00fck\u00e7ekmece Belediye Ba\u015fkan\u0131 Hasan Akg\u00fcn, iftara gelen vatanda\u015flar\u0131n sorular\u0131n\u0131 yan\u0131tlayarak sohbet etti. Ramazan ay\u0131 s\u00fcresince geleneksel mahalle iftarlar\u0131n\u0131n devam edece\u011fini belirten Ba\u015fkan Akg\u00fcn, \u201cRamazan\u0131n ruhunu b\u00fcy\u00fck B\u00fcy\u00fck\u00e7ekmece ailemle birlikte ya\u015f\u0131yorum. Mahalle iftarlar\u0131nda hep bir araya gelmek, ekme\u011fimizi birbirimizle payla\u015fmak beni mutlu ediyor. Allah bizleri bu g\u00fczelliklerden ma\u011fdur etmesin. Seneye de hep birlikte yine ayn\u0131 sofralarda oturmay\u0131 nasip etsin. Ramazan hep birlikte olunca g\u00fczel\u201d ifadesini kulland\u0131.<\/p>\n","protected":false},"excerpt":{"rendered":"<p>B\u00dcY\u00dcK\u00c7EKMECE BELED\u0130YE BA\u015eKANI HASAN AKG\u00dcN, RAMAZAN AYININ G\u00dcZELL\u0130KLER\u0130N\u0130 VE BEREKET\u0130N\u0130 BU KEZ DE T\u00dcRKOBA SAK\u0130NLER\u0130YLE PAYLA\u015eTI.<\/p>\n","protected":false},"author":1,"featured_media":163308,"comment_status":"closed","ping_status":"open","sticky":false,"template":"","format":"standard","meta":{"jetpack_post_was_ever_published":false,"_jetpack_newsletter_access":"","_jetpack_dont_email_post_to_subs":false,"_jetpack_newsletter_tier_id":0,"_jetpack_memberships_contains_paywalled_content":false,"_jetpack_memberships_contains_paid_content":false,"footnotes":"","jetpack_publicize_message":"","jetpack_publicize_feature_enabled":true,"jetpack_social_post_already_shared":true,"jetpack_social_options":{"image_generator_settings":{"template":"highway","default_image_id":0,"font":"","enabled":false},"version":2}},"categories":[1],"tags":[3818,3082,34883,3401,5070,38611],"class_list":["post-163307","post","type-post","status-publish","format-standard","has-post-thumbnail","hentry","category-genel","tag-binlerce","tag-bulusturdu","tag-iftarda","tag-kisiyi","tag-meydani","tag-turkoba"],"jetpack_publicize_connections":[],"jetpack_featured_media_url":"https:\/\/i0.wp.com\/www.tvturk.com\/wp-content\/uploads\/2019\/05\/turkoba-meydani-binlerce-kisiyi-iftarda-bulusturdu_0c97d09.jpg?fit=1000%2C666","jetpack_sharing_enabled":true,"jetpack_shortlink":"https:\/\/wp.me\/paKIfm-GtZ","_links":{"self":[{"href":"http:\/\/www.tvturk.com\/index.php\/wp-json\/wp\/v2\/posts\/163307","targetHints":{"allow":["GET"]}}],"collection":[{"href":"http:\/\/www.tvturk.com\/index.php\/wp-json\/wp\/v2\/posts"}],"about":[{"href":"http:\/\/www.tvturk.com\/index.php\/wp-json\/wp\/v2\/types\/post"}],"author":[{"embeddable":true,"href":"http:\/\/www.tvturk.com\/index.php\/wp-json\/wp\/v2\/users\/1"}],"replies":[{"embeddable":true,"href":"http:\/\/www.tvturk.com\/index.php\/wp-json\/wp\/v2\/comments?post=163307"}],"version-history":[{"count":0,"href":"http:\/\/www.tvturk.com\/index.php\/wp-json\/wp\/v2\/posts\/163307\/revisions"}],"wp:featuredmedia":[{"embeddable":true,"href":"http:\/\/www.tvturk.com\/index.php\/wp-json\/wp\/v2\/media\/163308"}],"wp:attachment":[{"href":"http:\/\/www.tvturk.com\/index.php\/wp-json\/wp\/v2\/media?parent=163307"}],"wp:term":[{"taxonomy":"category","embeddable":true,"href":"http:\/\/www.tvturk.com\/index.php\/wp-json\/wp\/v2\/categories?post=163307"},{"taxonomy":"post_tag","embeddable":true,"href":"http:\/\/www.tvturk.com\/index.php\/wp-json\/wp\/v2\/tags?post=163307"}],"curies":[{"name":"wp","href":"https:\/\/api.w.org\/{rel}","templated":true}]}}