{"id":163321,"date":"2019-05-29T10:19:11","date_gmt":"2019-05-29T07:19:11","guid":{"rendered":"http:\/\/www.tvturk.com\/index.php\/ihlas-koleji-ogrencisi-avrupa-genclik-parlamentosunda-turkiyeyi-temsil-edecek\/"},"modified":"2019-05-29T10:19:11","modified_gmt":"2019-05-29T07:19:11","slug":"ihlas-koleji-ogrencisi-avrupa-genclik-parlamentosunda-turkiyeyi-temsil-edecek","status":"publish","type":"post","link":"http:\/\/www.tvturk.com\/index.php\/ihlas-koleji-ogrencisi-avrupa-genclik-parlamentosunda-turkiyeyi-temsil-edecek\/","title":{"rendered":"\u0130hlas Koleji \u00d6\u011frencisi Avrupa Gen\u00e7lik Parlamentosu\u2019nda T\u00fcrkiye\u2019yi temsil edecek"},"content":{"rendered":"<p>\u00d6zel Marmara Evleri \u0130hlas Fen Lisesi \u00f6\u011frencisi Beraa Nazif G\u00fclhan, G\u00fcrcistan\u2019\u0131n Gori kentinde 28 Haziran-1 Temmuz 2019 tarihlerinde d\u00fczenlenecek olan Avrupa Gen\u00e7lik Parlamentosu B\u00f6lgesel Se\u00e7im Konferans\u0131\u2019nda T\u00fcrkiye\u2019yi temsil edecek.<\/p>\n<p>Nisan ay\u0131nda Samsun\u2019da yap\u0131lan Avrupa Gen\u00e7lik Parlamentosu 23. Ulusal Se\u00e7im Konferans\u0131\u2019na \u0130hlas Kolejini temsilen kat\u0131lan G\u00fclhan, yap\u0131lan de\u011ferlendirmeler sonucunda \u201cEn \u0130yi Delege\u201d se\u00e7ilerek T\u00fcrkiye\u2019yi G\u00fcrcistan\u2019da temsil edecek otuz \u00f6\u011frenciden biri oldu.<\/p>\n<p>Samsun\u2019da kat\u0131lm\u0131\u015f oldu\u011fu konferans hakk\u0131nda bilgi veren G\u00fclhan, \u201cKomitemizin g\u00fcndem ba\u015fl\u0131\u011f\u0131 olan \u2019Temmuz 2018 AB-NATO \u0130\u015f birli\u011fi Ortak Deklarasyonunu takiben AB\u2019nin kom\u015fu devletlerde \u00e7at\u0131\u015fmalar\u0131n bast\u0131r\u0131lmas\u0131 konusundaki politikas\u0131na ili\u015fkin olarak ba\u015fka ne ad\u0131mlar at\u0131lmal\u0131?\u2019 konusu ile ilgili fikir al\u0131\u015fveri\u015fi yapt\u0131k ve problemlere \u00e7\u00f6z\u00fcm yollar\u0131 arad\u0131k\u201d dedi.<\/p>\n<p>Delege olarak Avrupa Gen\u00e7lik Parlamentosu\u2019na kat\u0131laca\u011f\u0131 i\u00e7in mutlu oldu\u011funu ifade eden G\u00fclhan, \u201cG\u00fcrcistan\u2019da hem T\u00fcrkiye\u2019yi hem de \u0130hlas Kolejini en iyi \u015fekilde temsil edece\u011fim\u201d diye konu\u015ftu.<\/p>\n<p>Okullar\u0131nda kurduklar\u0131 EYP ve MUN kul\u00fcplerinde \u00f6\u011frencilerle s\u00fcrekli bir araya geldiklerini ifade eden \u00d6zel Marmara Evleri \u0130hlas Anadolu ve Fen Lisesi Yabanc\u0131 Diller Z\u00fcmre Ba\u015fkan\u0131 Ay\u015fe \u00d6lmez, &#8220;\u00d6\u011frencilerimiz Avrupa\u2019n\u0131n ve d\u00fcnyan\u0131n meselelerini \u0130ngilizce tart\u0131\u015farak beyin f\u0131rt\u0131nalar\u0131 yap\u0131yorlar ve \u00e7\u00f6z\u00fcmler \u00fcretiyorlar. Delege olarak kat\u0131ld\u0131klar\u0131 konferanslarda da g\u00f6sterdikleri performanslar\u0131yla \u00f6d\u00fcller kazanarak bizleri mutlu ediyorlar\u201d dedi.<\/p>\n<p>\u0130hlas E\u011fitim Kurumlar\u0131 Genel M\u00fcd\u00fcr\u00fc Bedri Yeltekin, Beraa Nazif G\u00fclhan\u2019\u0131 G\u00fcrcistan\u2019da d\u00fczenlenecek olan Avrupa Gen\u00e7lik Parlamentosu B\u00f6lgesel Se\u00e7im Konferans\u0131\u2019nda T\u00fcrkiye\u2019yi temsil edecek olmas\u0131ndan dolay\u0131 tebrik etti.<\/p>\n<p>G\u00fclhan\u2019\u0131n Samsun\u2019da d\u00fczenlenen konferansta en iyi delege olarak se\u00e7ilmesine dikkat \u00e7eken Yeltekin, \u201c\u00d6\u011frencimiz, g\u00f6sterdi\u011fi performans ve fikirlerini dile getiri\u015f bi\u00e7imiyle j\u00fcri taraf\u0131ndan yurt d\u0131\u015f\u0131na gidecek ekibe se\u00e7ildi. \u00d6\u011frencimizi ve EYP\/MUN kul\u00fcb\u00fcm\u00fcz\u00fcn dan\u0131\u015fmanl\u0131\u011f\u0131n\u0131 yapan Yabanc\u0131 Diller Z\u00fcmre Ba\u015fkan\u0131m\u0131z Ay\u015fe \u00d6lmez\u2019i ba\u015far\u0131lar\u0131ndan dolay\u0131 kutluyorum&#8221; dedi.<\/p>\n<p>Avrupa\u2019n\u0131n \u00f6nemli sorunlarla bo\u011fu\u015ftu\u011funa dikkat \u00e7eken Yeltekin, Avrupa Birli\u011fi kavram\u0131n\u0131n devam edebilmesi i\u00e7in bu sorunlar\u0131n bir an \u00f6nce a\u015f\u0131lmas\u0131 gerekti\u011fini vurgulad\u0131. \u00dclkemizin Avrupa Birli\u011fi\u2019ne \u00fcye olmasa da gen\u00e7lerimizin \u00e7\u00f6z\u00fcm \u00f6nerileri \u00fcretti\u011finin alt\u0131n\u0131 \u00e7izen Yeltekin, her t\u00fcrl\u00fc fikrin de\u011ferlendirilmesi gerekti\u011fini ifade etti.<\/p>\n","protected":false},"excerpt":{"rendered":"<p>\u00d6ZEL MARMARA EVLER\u0130 \u0130HLAS FEN L\u0130SES\u0130 \u00d6\u011eRENC\u0130S\u0130 BERAA NAZ\u0130F G\u00dcLHAN G\u00dcRC\u0130STAN\u2019IN GOR\u0130 KENT\u0130NDE 28 HAZ\u0130RAN-1 TEMMUZ 2019 TAR\u0130HLER\u0130NDE D\u00dcZENLENECEK OLAN AVRUPA GEN\u00c7L\u0130K PARLAMENTOSU B\u00d6LGESEL SE\u00c7\u0130M KONFERANSI\u2019NDA T\u00dcRK\u0130YE\u2019Y\u0130 TEMS\u0130L EDECEK.<\/p>\n","protected":false},"author":1,"featured_media":163322,"comment_status":"closed","ping_status":"open","sticky":false,"template":"","format":"standard","meta":{"jetpack_post_was_ever_published":false,"_jetpack_newsletter_access":"","_jetpack_dont_email_post_to_subs":false,"_jetpack_newsletter_tier_id":0,"_jetpack_memberships_contains_paywalled_content":false,"_jetpack_memberships_contains_paid_content":false,"footnotes":"","jetpack_publicize_message":"","jetpack_publicize_feature_enabled":true,"jetpack_social_post_already_shared":true,"jetpack_social_options":{"image_generator_settings":{"template":"highway","default_image_id":0,"font":"","enabled":false},"version":2}},"categories":[1],"tags":[392,4253,512,2814,3630,2056,26490,2671,6844],"class_list":["post-163321","post","type-post","status-publish","format-standard","has-post-thumbnail","hentry","category-genel","tag-avrupa","tag-edecek","tag-genclik","tag-ihlas","tag-koleji","tag-ogrencisi","tag-parlamentosunda","tag-temsil","tag-turkiyeyi"],"jetpack_publicize_connections":[],"jetpack_featured_media_url":"https:\/\/i0.wp.com\/www.tvturk.com\/wp-content\/uploads\/2019\/05\/ihlas-koleji-ogrencisi-avrupa-genclik-parlamentosunda-turkiyeyi-temsil-edecek_a3dfb50.jpg?fit=807%2C1000","jetpack_sharing_enabled":true,"jetpack_shortlink":"https:\/\/wp.me\/paKIfm-Gud","_links":{"self":[{"href":"http:\/\/www.tvturk.com\/index.php\/wp-json\/wp\/v2\/posts\/163321","targetHints":{"allow":["GET"]}}],"collection":[{"href":"http:\/\/www.tvturk.com\/index.php\/wp-json\/wp\/v2\/posts"}],"about":[{"href":"http:\/\/www.tvturk.com\/index.php\/wp-json\/wp\/v2\/types\/post"}],"author":[{"embeddable":true,"href":"http:\/\/www.tvturk.com\/index.php\/wp-json\/wp\/v2\/users\/1"}],"replies":[{"embeddable":true,"href":"http:\/\/www.tvturk.com\/index.php\/wp-json\/wp\/v2\/comments?post=163321"}],"version-history":[{"count":0,"href":"http:\/\/www.tvturk.com\/index.php\/wp-json\/wp\/v2\/posts\/163321\/revisions"}],"wp:featuredmedia":[{"embeddable":true,"href":"http:\/\/www.tvturk.com\/index.php\/wp-json\/wp\/v2\/media\/163322"}],"wp:attachment":[{"href":"http:\/\/www.tvturk.com\/index.php\/wp-json\/wp\/v2\/media?parent=163321"}],"wp:term":[{"taxonomy":"category","embeddable":true,"href":"http:\/\/www.tvturk.com\/index.php\/wp-json\/wp\/v2\/categories?post=163321"},{"taxonomy":"post_tag","embeddable":true,"href":"http:\/\/www.tvturk.com\/index.php\/wp-json\/wp\/v2\/tags?post=163321"}],"curies":[{"name":"wp","href":"https:\/\/api.w.org\/{rel}","templated":true}]}}