{"id":163349,"date":"2019-05-29T10:51:11","date_gmt":"2019-05-29T07:51:11","guid":{"rendered":"http:\/\/www.tvturk.com\/index.php\/hafter-gucleri-hisam-asmaviyi-misira-teslim-etti\/"},"modified":"2019-05-29T10:51:11","modified_gmt":"2019-05-29T07:51:11","slug":"hafter-gucleri-hisam-asmaviyi-misira-teslim-etti","status":"publish","type":"post","link":"http:\/\/www.tvturk.com\/index.php\/hafter-gucleri-hisam-asmaviyi-misira-teslim-etti\/","title":{"rendered":"Hafter g\u00fc\u00e7leri Hi\u015fam A\u015fmavi\u2019yi M\u0131s\u0131r\u2019a teslim etti"},"content":{"rendered":"<p>Libya\u2019da General Halife Hafter g\u00fc\u00e7leri taraf\u0131ndan yakalanan M\u0131s\u0131rl\u0131 ter\u00f6rist Hi\u015fam A\u015fmavi, M\u0131s\u0131r makamlar\u0131na teslim edildi.<\/p>\n<p>Libya\u2019da General Halife Hafter g\u00fc\u00e7leri, ter\u00f6r eylemleri yapmakla su\u00e7lanan eski M\u0131s\u0131rl\u0131 subay Hi\u015fam A\u015fmavi\u2019yi M\u0131s\u0131r makamlar\u0131na teslim etti. A\u015fmavi, Libya\u2019dan M\u0131s\u0131r\u2019daki Kahire Uluslararas\u0131 Havaalan\u0131\u2019na askeri u\u00e7akla g\u00f6t\u00fcr\u00fcld\u00fc. Ge\u00e7ti\u011fimiz Ekim ay\u0131nda Libya Ulusal Ordusu S\u00f6zc\u00fcs\u00fc Albay Ahmed el-Mismari, Hi\u015fam A\u015fmavi\u2019nin Libya\u2019n\u0131n do\u011fusundaki Derne kentinde yap\u0131lan operasyonda yakaland\u0131\u011f\u0131n\u0131 a\u00e7\u0131klam\u0131\u015ft\u0131.<\/p>\n<p>M\u0131s\u0131r bas\u0131n\u0131, Libya\u2019daki en tehlikeli ter\u00f6ristlerden biri olan A\u015fmavi\u2019nin 17 ter\u00f6r operasyonuyla ba\u011flant\u0131s\u0131 oldu\u011funu belirtti. Bu operasyonlar aras\u0131nda 29 ki\u015finin \u00f6ld\u00fc\u011f\u00fc ve 60 ki\u015finin yaraland\u0131\u011f\u0131 \u015eubat 2015\u2019te d\u00fczenlenen 3. El-Ari\u015f katliam\u0131n\u0131n da bulundu\u011fu aktar\u0131ld\u0131. Bas\u0131nda yer alan haberlere g\u00f6re Eyl\u00fcl 2013\u2019te M\u0131s\u0131r\u2019\u0131n eski \u0130\u00e7i\u015fleri Bakan\u0131 T\u00fcmgeneral Muhammed \u0130brahim\u2019e y\u00f6nelik suikasta kar\u0131\u015fmakla su\u00e7lan\u0131yor.<\/p>\n","protected":false},"excerpt":{"rendered":"<p>L\u0130BYA&#8217;DA GENERAL HAL\u0130FE HAFTER G\u00dc\u00c7LER\u0130 TARAFINDAN YAKALANAN MISIRLI TER\u00d6R\u0130ST H\u0130\u015eAM A\u015eMAV\u0130 MISIR MAKAMLARINA TESL\u0130M ED\u0130LD\u0130.<\/p>\n","protected":false},"author":1,"featured_media":163350,"comment_status":"closed","ping_status":"open","sticky":false,"template":"","format":"standard","meta":{"jetpack_post_was_ever_published":false,"_jetpack_newsletter_access":"","_jetpack_dont_email_post_to_subs":false,"_jetpack_newsletter_tier_id":0,"_jetpack_memberships_contains_paywalled_content":false,"_jetpack_memberships_contains_paid_content":false,"footnotes":"","jetpack_publicize_message":"","jetpack_publicize_feature_enabled":true,"jetpack_social_post_already_shared":true,"jetpack_social_options":{"image_generator_settings":{"template":"highway","default_image_id":0,"font":"","enabled":false},"version":2}},"categories":[10],"tags":[38627,207,14621,31150,38626,38628,169],"class_list":["post-163349","post","type-post","status-publish","format-standard","has-post-thumbnail","hentry","category-dunya","tag-asmaviyi","tag-etti","tag-gucleri","tag-hafter","tag-hisam","tag-misira","tag-teslim"],"jetpack_publicize_connections":[],"jetpack_featured_media_url":"https:\/\/i0.wp.com\/www.tvturk.com\/wp-content\/uploads\/2019\/05\/hafter-gucleri-hisam-asmaviyi-misira-teslim-etti_f679a2f.jpg?fit=960%2C640","jetpack_sharing_enabled":true,"jetpack_shortlink":"https:\/\/wp.me\/paKIfm-GuF","_links":{"self":[{"href":"http:\/\/www.tvturk.com\/index.php\/wp-json\/wp\/v2\/posts\/163349","targetHints":{"allow":["GET"]}}],"collection":[{"href":"http:\/\/www.tvturk.com\/index.php\/wp-json\/wp\/v2\/posts"}],"about":[{"href":"http:\/\/www.tvturk.com\/index.php\/wp-json\/wp\/v2\/types\/post"}],"author":[{"embeddable":true,"href":"http:\/\/www.tvturk.com\/index.php\/wp-json\/wp\/v2\/users\/1"}],"replies":[{"embeddable":true,"href":"http:\/\/www.tvturk.com\/index.php\/wp-json\/wp\/v2\/comments?post=163349"}],"version-history":[{"count":0,"href":"http:\/\/www.tvturk.com\/index.php\/wp-json\/wp\/v2\/posts\/163349\/revisions"}],"wp:featuredmedia":[{"embeddable":true,"href":"http:\/\/www.tvturk.com\/index.php\/wp-json\/wp\/v2\/media\/163350"}],"wp:attachment":[{"href":"http:\/\/www.tvturk.com\/index.php\/wp-json\/wp\/v2\/media?parent=163349"}],"wp:term":[{"taxonomy":"category","embeddable":true,"href":"http:\/\/www.tvturk.com\/index.php\/wp-json\/wp\/v2\/categories?post=163349"},{"taxonomy":"post_tag","embeddable":true,"href":"http:\/\/www.tvturk.com\/index.php\/wp-json\/wp\/v2\/tags?post=163349"}],"curies":[{"name":"wp","href":"https:\/\/api.w.org\/{rel}","templated":true}]}}