{"id":163353,"date":"2019-05-29T10:51:17","date_gmt":"2019-05-29T07:51:17","guid":{"rendered":"http:\/\/www.tvturk.com\/index.php\/avustralya-helikopterlerine-guney-cin-denizinde-lazerli-saldiri\/"},"modified":"2019-05-29T10:51:17","modified_gmt":"2019-05-29T07:51:17","slug":"avustralya-helikopterlerine-guney-cin-denizinde-lazerli-saldiri","status":"publish","type":"post","link":"http:\/\/www.tvturk.com\/index.php\/avustralya-helikopterlerine-guney-cin-denizinde-lazerli-saldiri\/","title":{"rendered":"Avustralya helikopterlerine G\u00fcney \u00c7in Denizi\u2019nde lazerli sald\u0131r\u0131"},"content":{"rendered":"<p>Avustralya Deniz Kuvvetleri\u2019ne ait helikopterlerin e\u011fitim u\u00e7u\u015fu s\u0131ras\u0131nda G\u00fcney \u00c7in Denizi\u2019nde bal\u0131k\u00e7\u0131 tekneleri taraf\u0131ndan lazerli sald\u0131r\u0131ya u\u011frad\u0131\u011f\u0131 belirtildi.<\/p>\n<p>E\u011fitim u\u00e7u\u015fu yapan ve Avustralya Donanmas\u0131\u2019na ait sava\u015f gemisinden hareketlenen helikopterlerin ABD ve \u00c7in aras\u0131nda tart\u0131\u015fmal\u0131 durumda olan uluslararas\u0131 sularda lazerli sald\u0131r\u0131ya u\u011frad\u0131\u011f\u0131 ve helikopterlerin zorunlu ini\u015fe zorland\u0131\u011f\u0131 kaydedildi. Bal\u0131k\u00e7\u0131 teknesi g\u00f6r\u00fcn\u00fcm\u00fcndeki devriyelerin lazerlerle taciz etti\u011fi helikopterlerin pilotlar taraf\u0131ndan g\u00fcvenli b\u00f6lgeye indirildi\u011fi \u00f6\u011frenildi.<\/p>\n<p>D\u00fcnyan\u0131n ticaret hacmi en b\u00fcy\u00fck deniz yollar\u0131ndan biri olan G\u00fcney \u00c7in Denizi\u2019nden y\u0131ll\u0131k yakla\u015f\u0131k 4 trilyon sterlin de\u011ferinde ticari mal ge\u00e7i\u015fi oluyor. ABD ve \u00c7in aras\u0131ndaki ticaret sava\u015flar\u0131ndan dolay\u0131 gerginle\u015fen ve bir kat daha \u00f6nem kazanan G\u00fcney \u00c7in Denizi\u2019nde bu olaydan sonra sular daha da \u0131s\u0131nd\u0131. Avustralya Savunma Bakanl\u0131\u011f\u0131, hen\u00fcz resmi bir a\u00e7\u0131klama yapmazken helikopterlerin gece u\u00e7u\u015fu s\u0131ras\u0131nda hedef al\u0131nd\u0131\u011f\u0131, pilotlar\u0131n ise olay sonras\u0131nda t\u0131bbi muayenelerinin yap\u0131lmas\u0131 amac\u0131yla gemiye d\u00f6nmelerinin sa\u011fland\u0131\u011f\u0131 bildirildi.<\/p>\n","protected":false},"excerpt":{"rendered":"<p>AVUSTRALYA DEN\u0130Z KUVVETLER\u0130\u2019NE A\u0130T HEL\u0130KOPTERLER\u0130N E\u011e\u0130T\u0130M U\u00c7U\u015eU SIRASINDA G\u00dcNEY \u00c7\u0130N DEN\u0130Z\u0130\u2019NDE BALIK\u00c7I TEKNELER\u0130 TARAFINDAN LAZERL\u0130 SALDIRIYA U\u011eRADI\u011eI BEL\u0130RT\u0130LD\u0130.<\/p>\n","protected":false},"author":1,"featured_media":163354,"comment_status":"closed","ping_status":"open","sticky":false,"template":"","format":"standard","meta":{"jetpack_post_was_ever_published":false,"_jetpack_newsletter_access":"","_jetpack_dont_email_post_to_subs":false,"_jetpack_newsletter_tier_id":0,"_jetpack_memberships_contains_paywalled_content":false,"_jetpack_memberships_contains_paid_content":false,"footnotes":"","jetpack_publicize_message":"","jetpack_publicize_feature_enabled":true,"jetpack_social_post_already_shared":true,"jetpack_social_options":{"image_generator_settings":{"template":"highway","default_image_id":0,"font":"","enabled":false},"version":2}},"categories":[10],"tags":[11571,4733,2375,9258,38629,35751,999],"class_list":["post-163353","post","type-post","status-publish","format-standard","has-post-thumbnail","hentry","category-dunya","tag-avustralya","tag-cin","tag-denizinde","tag-guney","tag-helikopterlerine","tag-lazerli","tag-saldiri"],"jetpack_publicize_connections":[],"jetpack_featured_media_url":"https:\/\/i0.wp.com\/www.tvturk.com\/wp-content\/uploads\/2019\/05\/avustralya-helikopterlerine-guney-cin-denizinde-lazerli-saldiri_141f12d.jpg?fit=800%2C497","jetpack_sharing_enabled":true,"jetpack_shortlink":"https:\/\/wp.me\/paKIfm-GuJ","_links":{"self":[{"href":"http:\/\/www.tvturk.com\/index.php\/wp-json\/wp\/v2\/posts\/163353","targetHints":{"allow":["GET"]}}],"collection":[{"href":"http:\/\/www.tvturk.com\/index.php\/wp-json\/wp\/v2\/posts"}],"about":[{"href":"http:\/\/www.tvturk.com\/index.php\/wp-json\/wp\/v2\/types\/post"}],"author":[{"embeddable":true,"href":"http:\/\/www.tvturk.com\/index.php\/wp-json\/wp\/v2\/users\/1"}],"replies":[{"embeddable":true,"href":"http:\/\/www.tvturk.com\/index.php\/wp-json\/wp\/v2\/comments?post=163353"}],"version-history":[{"count":0,"href":"http:\/\/www.tvturk.com\/index.php\/wp-json\/wp\/v2\/posts\/163353\/revisions"}],"wp:featuredmedia":[{"embeddable":true,"href":"http:\/\/www.tvturk.com\/index.php\/wp-json\/wp\/v2\/media\/163354"}],"wp:attachment":[{"href":"http:\/\/www.tvturk.com\/index.php\/wp-json\/wp\/v2\/media?parent=163353"}],"wp:term":[{"taxonomy":"category","embeddable":true,"href":"http:\/\/www.tvturk.com\/index.php\/wp-json\/wp\/v2\/categories?post=163353"},{"taxonomy":"post_tag","embeddable":true,"href":"http:\/\/www.tvturk.com\/index.php\/wp-json\/wp\/v2\/tags?post=163353"}],"curies":[{"name":"wp","href":"https:\/\/api.w.org\/{rel}","templated":true}]}}