{"id":163361,"date":"2019-05-29T10:59:55","date_gmt":"2019-05-29T07:59:55","guid":{"rendered":"http:\/\/www.tvturk.com\/index.php\/acikogretimden-milyonlari-ilgilendiren-uygulama\/"},"modified":"2019-05-29T10:59:55","modified_gmt":"2019-05-29T07:59:55","slug":"acikogretimden-milyonlari-ilgilendiren-uygulama","status":"publish","type":"post","link":"http:\/\/www.tvturk.com\/index.php\/acikogretimden-milyonlari-ilgilendiren-uygulama\/","title":{"rendered":"A\u00e7\u0131k\u00f6\u011fretim\u2019den milyonlar\u0131 ilgilendiren uygulama"},"content":{"rendered":"<p>Anadolu \u00dcniversitesi Rekt\u00f6r\u00fc Prof. Dr. \u015eafak Ertan \u00c7omakl\u0131, A\u00e7\u0131k\u00f6\u011fretim, \u0130ktisat ve \u0130\u015fletme Fak\u00fcltesinde ilk kez uygulanan \u2019Yaz okulu\u2019 uygulamas\u0131n\u0131n \u00f6\u011frencilere b\u00fcy\u00fck kolayl\u0131k sa\u011flayaca\u011f\u0131n\u0131 kaydetti.<\/p>\n<p>Uzaktan ve a\u00e7\u0131k e\u011fitim modelinde T\u00fcrkiye\u2019nin \u00f6nc\u00fc kurumu Anadolu \u00dcniversitesi, sa\u011flad\u0131\u011f\u0131 olanaklarla y\u00fcz binlerce \u00f6\u011frencisine b\u00fcy\u00fck kolayl\u0131k sa\u011fl\u0131yor. Pek \u00e7ok alanda \u00f6rnek olan A\u00e7\u0131k\u00f6\u011fretim Sisteminde bir ilke daha imza at\u0131ld\u0131. Anadolu \u00dcniversitesi, 2018-2019 \u00f6\u011fretim y\u0131l\u0131 yaz d\u00f6neminde A\u00e7\u0131k\u00f6\u011fretim, \u0130ktisat ve \u0130\u015fletme Fak\u00fcltesi \u00f6\u011frencileri i\u00e7in yaz okulu a\u00e7ma karar\u0131 ald\u0131. Bu d\u00f6nem itibariyle uygulanacak sistem ile yaz okulunun \u00f6\u011frencilere \u00f6\u011frenimlerini belirlenen s\u00fcreden \u00f6nce tamamlama f\u0131rsat\u0131 vermesinin yan\u0131 s\u0131ra b\u00fct\u00fcnleme s\u0131nav\u0131 taleplerinin de kar\u015f\u0131lanmas\u0131 bekleniyor. Toplamda 11 hafta s\u00fcrecek e\u011fitimin kay\u0131tlar\u0131 24 Haziran Pazartesi g\u00fcn\u00fc ba\u015flarken 28 Haziran Cuma g\u00fcn\u00fc bitecek. Yaz okulu ayr\u0131ca bahar d\u00f6nemi sonunda yap\u0131lan 3 Ders S\u0131nav\u0131na kat\u0131lamayan \u00f6\u011frenciler i\u00e7in de bir \u015fans olacak. \u00d6te yandan Anadolu \u00dcniversitesi A\u00e7\u0131k\u00f6\u011fretim, \u0130ktisat ve \u0130\u015fletme Fak\u00fcltelerine kay\u0131tl\u0131 t\u00fcm \u00f6\u011frenciler yaz okuluna ba\u015fvurabilecek.<\/p>\n<p>\u201cBiz bunu \u00f6rg\u00fcn\u00fcn ard\u0131ndan ilk kez A\u00e7\u0131k\u00f6\u011fretim Sistemine uyguluyoruz\u201d<\/p>\n<p>S\u00fcreci \u0130HA muhabirine de\u011ferlendiren Anadolu \u00dcniversitesi Rekt\u00f6r\u00fc \u015eafak Ertan \u00c7omakl\u0131, birikmi\u015f dersleri olan \u00f6\u011frenciler i\u00e7in bir \u00e7\u00f6z\u00fcm yolu arad\u0131klar\u0131n\u0131 ifade ederek, \u201cAnadolu \u00dcniversitesi olarak \u00f6ncelikle A\u00e7\u0131k\u00f6\u011fretim Sistemindeki \u00f6\u011frencilerin taleplerine cevap vermeye \u00e7al\u0131\u015f\u0131yoruz. 1 milyon 110 bin aktif \u00f6\u011frenci, toplamda ise 2.5 milyonu ge\u00e7en \u00f6\u011frenci say\u0131m\u0131z var. \u00d6\u011frencilerimizin talepleri oluyor. Taleplerin en \u00f6nemlisi de bir d\u00f6nem i\u00e7erisinde ge\u00e7emedikleri derslerin \u20193 ders\u2019 gibi bir b\u00fct\u00fcnleme niteli\u011finde olan bir s\u0131navla ge\u00e7ilmesi. Fakat burada birikmi\u015f dersleri olan \u00f6\u011frencilerimiz de var. Biz de bunlar i\u00e7in bir \u00e7\u00f6z\u00fcm yolu ar\u0131yoruz. Ge\u00e7ti\u011fimiz bu s\u00fcre\u00e7 i\u00e7erisinden de yaz okulunun uygun olaca\u011f\u0131na karar verdik. Yaz okulu \u00f6rg\u00fcn \u00f6\u011fretimlerde uygulanmakta olan bir sistem. Biz bunu ilk kez A\u00e7\u0131k\u00f6\u011fretim Sistemine uyguluyoruz. Bunu \u00f6nemli k\u0131lan husus da A\u00e7\u0131k\u00f6\u011fretim Sisteminde d\u00f6nem i\u00e7erisinde \u00e7al\u0131\u015fan ve yo\u011funluk sebebiyle ders ba\u015far\u0131s\u0131n\u0131 istedi\u011fi gibi sa\u011flayamayan \u00f6\u011frencilerin yaz okulunda daha aktif olarak \u00e7al\u0131\u015farak bu dersleri ge\u00e7ebilme imk\u00e2n\u0131 getiriyor. Bo\u015fluk b\u0131rak\u0131p yaz okulundan ge\u00e7sinler de\u011fil de d\u00f6nem i\u00e7erisinde f\u0131rsat bulamad\u0131klar\u0131 veya f\u0131rsat bulup da tamamen yo\u011funla\u015famad\u0131klar\u0131 dersleri yaz okulunda yo\u011funla\u015farak yaps\u0131n istiyoruz. Burada bizi en g\u00fc\u00e7l\u00fc k\u0131lan hususlardan bir tanesi dijitalle\u015fme s\u00fcrecindeki ders materyallerinin alm\u0131\u015f oldu\u011fu yol. Bu nedenle \u00f6\u011frencilerimize sunaca\u011f\u0131m\u0131z materyaller, videolar derslere ili\u015fkin takip edece\u011fi hususlar onlara yard\u0131mc\u0131 olacakt\u0131r. Zaten sistemin teknik boyutlar\u0131 da y\u00f6netmelikle belirleniyor. Y\u00f6netmelik \u00e7er\u00e7evesinde gerekli i\u015flemleri yapaca\u011f\u0131z\u201d dedi.<\/p>\n<p>&#8220;3 ders s\u0131nav\u0131ndan \u00f6\u011frencilerimiz bu sene son kez yararlanacaklar&#8221;<\/p>\n<p>Yaz okulundan ders notlar\u0131n\u0131 y\u00fckseltmek isteyen \u00f6\u011frencilerin de yararlanabilece\u011fini vurgulayan Rekt\u00f6r \u00c7omakl\u0131, &#8220;3 ders s\u0131nav\u0131ndan \u00f6\u011frencilerimiz bu sene son kez yararlanacaklar. \u00c7\u00fcnk\u00fc biz burada 5 derslik bir yaz okulu veriyoruz. Bu \u00e7ok \u00f6nemli. Ki\u015finin tamamen yo\u011funla\u015famad\u0131\u011f\u0131 veya yo\u011funla\u015f\u0131p s\u0131n\u0131rda ge\u00e7ti\u011fi dersi bir daha alabilme imkan\u0131na sahip oluyor. Giriyor ve biraz daha yo\u011fun \u00e7al\u0131\u015fmaya ba\u015fl\u0131yor. Sadece dersten kalanlar de\u011fil, tekrar o dersi g\u00f6r\u00fcp yo\u011funla\u015famad\u0131\u011f\u0131n\u0131 d\u00fc\u015f\u00fcnen ki\u015filer de buna ba\u015fvuracaklar. O nedenle \u00f6nemli bir yaz okulu uygulamas\u0131. \u00d6rg\u00fcnden farkl\u0131 bir niteli\u011fi varsa o da budur. Bizim Anadolu \u00dcniversitesinin materyalleri konusunda uluslararas\u0131 standartlar var. O standartlarla \u00f6\u011frenciler kendilerini daha rahat \u00f6l\u00e7ebiliyorlar. O nedenle bizim i\u00e7in \u00f6nemli olan da \u00f6\u011frencinin tekrar kendisini g\u00f6recek olmas\u0131. Ba\u015far\u0131s\u0131z olursa da kendisine ge\u00e7me f\u0131rsat\u0131 tan\u0131m\u0131\u015f olacak. \u00c7\u00fcnk\u00fc ad\u0131ndan anla\u015f\u0131laca\u011f\u0131 gibi yaz okulu, yaza denk gelen ve biraz daha bo\u015flu\u011fun oldu\u011fu bir d\u00f6nem. Ki\u015fi yazl\u0131\u011f\u0131ndaysa yazl\u0131\u011f\u0131ndan tabletini a\u00e7\u0131p ders \u00e7al\u0131\u015fabilir. K\u0131\u015f\u0131n i\u015f temposunda derslerine \u00e7al\u0131\u015famayanlar yaz\u0131n denizden \u00e7\u0131k\u0131p A\u00e7\u0131k\u00f6\u011fretim derslerine \u00e7al\u0131\u015fabilir. Kimisi tarladaysa tarladan \u00e7\u0131kt\u0131ktan sonra \u00e7al\u0131\u015fabilir. Memursa y\u0131ll\u0131k izninde daha rahat \u00e7al\u0131\u015fabilir. \u00c7e\u015fitli alternatifler olu\u015facak kendilerine. Bu da bizim ba\u015far\u0131m\u0131z\u0131 olumlu etkileyecektir diye d\u00fc\u015f\u00fcn\u00fcyorum&#8221; ifadelerini kulland\u0131.<\/p>\n<p>&#8220;Y\u00d6K de bize destek oldu&#8221;<\/p>\n<p>\u00d6\u011frencilerden gelen tepkilerin \u00e7ok olumlu oldu\u011funu a\u00e7\u0131klamalar\u0131na ekleyen Rekt\u00f6r \u00c7omakl\u0131, s\u00f6zlerine \u015fu \u015fekilde devam etti:<\/p>\n<p>&#8220;Herkes devrim niteli\u011finde bir \u015fey say\u0131yor bunu. \u00c7\u00fcnk\u00fc A\u00e7\u0131k\u00f6\u011fretim Sisteminde yaz okulu uygulamas\u0131 kimsenin akl\u0131ndan ge\u00e7memi\u015fti. Ge\u00e7mi\u015f olsa da uygulamaya konulmam\u0131\u015f \u015fimdiye kadar. Biz bunun i\u00e7in yo\u011fun bir y\u00f6netmelik \u00e7al\u0131\u015fmas\u0131 haz\u0131rlad\u0131k. \u00c7al\u0131\u015fmay\u0131 Resmi Gazete\u2019de yay\u0131mlad\u0131k. Daha sonra Y\u00fcksek \u00d6\u011fretim Kurumu (Y\u00d6K) Ba\u015fkan\u0131 Yekta Sara\u00e7 desteklerini esirgemedi. Y\u00d6K Y\u00f6netim Kurulu da a\u00e7\u0131labilir konusunda bize destek vererek uygulamaya ba\u015flad\u0131k. Herkes hem Y\u00d6K\u2019e hem Anadolu \u00dcniversitesi\u2019ne te\u015fekk\u00fcr ediyor. Bu sistemin bir\u00e7ok bekleyeni var. Bizim i\u00e7in \u00f6nemli olan husus \u00f6\u011frencilerin taleplerinin yerine getirilmesi.&#8221;<\/p>\n","protected":false},"excerpt":{"rendered":"<p>ANADOLU \u00dcN\u0130VERS\u0130TES\u0130 REKT\u00d6R\u00dc PROF. DR. \u015eAFAK ERTAN \u00c7OMAKLI, A\u00c7IK\u00d6\u011eRET\u0130M, \u0130KT\u0130SAT VE \u0130\u015eLETME FAK\u00dcLTES\u0130NDE \u0130LK KEZ UYGULANAN &#8216;YAZ OKULU&#8217; UYGULAMASININ \u00d6\u011eRENC\u0130LERE B\u00dcY\u00dcK KOLAYLIK SA\u011eLAYACA\u011eINI KAYDETT\u0130.<\/p>\n","protected":false},"author":1,"featured_media":163362,"comment_status":"closed","ping_status":"open","sticky":false,"template":"","format":"standard","meta":{"jetpack_post_was_ever_published":false,"_jetpack_newsletter_access":"","_jetpack_dont_email_post_to_subs":false,"_jetpack_newsletter_tier_id":0,"_jetpack_memberships_contains_paywalled_content":false,"_jetpack_memberships_contains_paid_content":false,"footnotes":"","jetpack_publicize_message":"","jetpack_publicize_feature_enabled":true,"jetpack_social_post_already_shared":true,"jetpack_social_options":{"image_generator_settings":{"template":"highway","default_image_id":0,"font":"","enabled":false},"version":2}},"categories":[1],"tags":[22183,15695,38633,4460],"class_list":["post-163361","post","type-post","status-publish","format-standard","has-post-thumbnail","hentry","category-genel","tag-acikogretimden","tag-ilgilendiren","tag-milyonlari","tag-uygulama"],"jetpack_publicize_connections":[],"jetpack_featured_media_url":"https:\/\/i0.wp.com\/www.tvturk.com\/wp-content\/uploads\/2019\/05\/acikogretimden-milyonlari-ilgilendiren-uygulama_033cf94.jpg?fit=1000%2C666","jetpack_sharing_enabled":true,"jetpack_shortlink":"https:\/\/wp.me\/paKIfm-GuR","_links":{"self":[{"href":"http:\/\/www.tvturk.com\/index.php\/wp-json\/wp\/v2\/posts\/163361","targetHints":{"allow":["GET"]}}],"collection":[{"href":"http:\/\/www.tvturk.com\/index.php\/wp-json\/wp\/v2\/posts"}],"about":[{"href":"http:\/\/www.tvturk.com\/index.php\/wp-json\/wp\/v2\/types\/post"}],"author":[{"embeddable":true,"href":"http:\/\/www.tvturk.com\/index.php\/wp-json\/wp\/v2\/users\/1"}],"replies":[{"embeddable":true,"href":"http:\/\/www.tvturk.com\/index.php\/wp-json\/wp\/v2\/comments?post=163361"}],"version-history":[{"count":0,"href":"http:\/\/www.tvturk.com\/index.php\/wp-json\/wp\/v2\/posts\/163361\/revisions"}],"wp:featuredmedia":[{"embeddable":true,"href":"http:\/\/www.tvturk.com\/index.php\/wp-json\/wp\/v2\/media\/163362"}],"wp:attachment":[{"href":"http:\/\/www.tvturk.com\/index.php\/wp-json\/wp\/v2\/media?parent=163361"}],"wp:term":[{"taxonomy":"category","embeddable":true,"href":"http:\/\/www.tvturk.com\/index.php\/wp-json\/wp\/v2\/categories?post=163361"},{"taxonomy":"post_tag","embeddable":true,"href":"http:\/\/www.tvturk.com\/index.php\/wp-json\/wp\/v2\/tags?post=163361"}],"curies":[{"name":"wp","href":"https:\/\/api.w.org\/{rel}","templated":true}]}}