{"id":163387,"date":"2019-05-29T11:26:25","date_gmt":"2019-05-29T08:26:25","guid":{"rendered":"http:\/\/www.tvturk.com\/index.php\/kartalda-coken-binadan-45-saat-sonra-kurtarilan-mert-aydin-ilk-kez-goruntulendi\/"},"modified":"2019-05-29T11:26:25","modified_gmt":"2019-05-29T08:26:25","slug":"kartalda-coken-binadan-45-saat-sonra-kurtarilan-mert-aydin-ilk-kez-goruntulendi","status":"publish","type":"post","link":"http:\/\/www.tvturk.com\/index.php\/kartalda-coken-binadan-45-saat-sonra-kurtarilan-mert-aydin-ilk-kez-goruntulendi\/","title":{"rendered":"Kartal\u2019da \u00e7\u00f6ken binadan 45 saat sonra kurtar\u0131lan Mert Ayd\u0131n ilk kez g\u00f6r\u00fcnt\u00fclendi"},"content":{"rendered":"<p>Kartal Orhantepe Mahallesi\u2019nde \u00e7\u00f6ken Ye\u015filyurt Apartman\u0131\u2019n\u0131n enkaz\u0131ndan 45 saat sonra a\u011f\u0131r yaral\u0131 olarak kurtulan 16 ya\u015f\u0131ndaki Mert Ayd\u0131n sa\u011fl\u0131\u011f\u0131na kavu\u015fuyor. Hastanede ilk kez g\u00f6r\u00fcnt\u00fclenen Ayd\u0131n\u2019\u0131n sa\u011fl\u0131k durumunun iyi oldu\u011fu belirtilirken, Kartal Belediye Ba\u015fkan\u0131 G\u00f6khan Y\u00fcksel hastanede ziyaret etti\u011fi gence Fenerbah\u00e7e formas\u0131 hediye etti.<\/p>\n<p>Kartal Orhantepe Mahallesi\u2019nde 6 \u015eubat tarihinde \u00e7\u00f6ken Ye\u015filyurt Apartman\u0131\u2019n\u0131n enkaz\u0131ndan 45 saat sonra yaral\u0131 olarak kurtulan 16 ya\u015f\u0131ndaki Mert Ayd\u0131n, tedavi g\u00f6rd\u00fc\u011f\u00fc Kartal Dr. L\u00fctfi K\u0131rdar E\u011fitim ve Ara\u015ft\u0131rma Hastanesinde ilk kez g\u00f6r\u00fcnt\u00fclendi. A\u011f\u0131r yaral\u0131 olarak enkazdan kurtar\u0131lan Mert Ayd\u0131n\u2019\u0131n sa\u011fl\u0131\u011f\u0131na kavu\u015ftu\u011fu g\u00f6zlenirken, Kartal Belediye Ba\u015fkan\u0131 G\u00f6khan Y\u00fcksel genci hastanede ziyaret etti. Hastane yetkilileri ile g\u00f6r\u00fc\u015fen Ba\u015fkan Y\u00fcksel, Mert Ayd\u0131n\u2019\u0131n sa\u011fl\u0131k durumu ile ilgili bilgi ald\u0131. Ayd\u0131n\u2019\u0131n doktoru, sa\u011fl\u0131k durumunun iyiye gitti\u011fi m\u00fcjdesini verdi. Ba\u015fkan G\u00f6khan Y\u00fcksel, Mert Ayd\u0131n\u2019\u0131 beraberindekilerle birlikte ziyaret ederek \u2019ge\u00e7mi\u015f olsun\u2019 dile\u011finde bulundu. Hastanedeki ziyarete CHP\u2019nin eski cumhurba\u015fkan\u0131 aday\u0131 Muharrem \u0130nce, Eski\u015fehir Milletvekili Utku \u00c7ak\u0131r\u00f6zer, Bilecik Milletvekili Ya\u015far T\u00fcz\u00fcn ve CHP Kartal \u0130l\u00e7e Ba\u015fkan\u0131 Muammer \u00c7elebi de kat\u0131ld\u0131. Ziyaret s\u0131ras\u0131nda Mert Ayd\u0131n\u2019a sevdal\u0131s\u0131 oldu\u011fu Fenerbah\u00e7e formas\u0131 hediye edilerek, taburca oldu\u011funda birlikte Fenerbah\u00e7e ma\u00e7\u0131na gitme s\u00f6z\u00fc verildi.<\/p>\n","protected":false},"excerpt":{"rendered":"<p>KARTAL ORHANTEPE MAHALLES\u0130&#8217;NDE \u00c7\u00d6KEN YE\u015e\u0130LYURT APARTMANI&#8217;NIN ENKAZINDAN 45 SAAT SONRA A\u011eIR YARALI OLARAK KURTULAN 16 YA\u015eINDAK\u0130 MERT AYDIN SA\u011eLI\u011eINA KAVU\u015eUYOR. HASTANEDE \u0130LK KEZ G\u00d6R\u00dcNT\u00dcLENEN AYDIN&#8217;IN SA\u011eLIK DURUMUNUN \u0130Y\u0130 OLDU\u011eU BEL\u0130RT\u0130L\u0130RKEN, KARTAL BELED\u0130YE BA\u015eKANI G\u00d6KHAN Y\u00dcKSEL HASTANEDE Z\u0130YARET ETT\u0130\u011e\u0130 GENCE FENERBAH\u00c7E FORMASI HED\u0130YE ETT\u0130.<\/p>\n","protected":false},"author":1,"featured_media":163388,"comment_status":"closed","ping_status":"open","sticky":false,"template":"","format":"standard","meta":{"jetpack_post_was_ever_published":false,"_jetpack_newsletter_access":"","_jetpack_dont_email_post_to_subs":false,"_jetpack_newsletter_tier_id":0,"_jetpack_memberships_contains_paywalled_content":false,"_jetpack_memberships_contains_paid_content":false,"footnotes":"","jetpack_publicize_message":"","jetpack_publicize_feature_enabled":true,"jetpack_social_post_already_shared":true,"jetpack_social_options":{"image_generator_settings":{"template":"highway","default_image_id":0,"font":"","enabled":false},"version":2}},"categories":[1],"tags":[426,5551,3597,3388,37,2944,1497,5332,22199,902,2022],"class_list":["post-163387","post","type-post","status-publish","format-standard","has-post-thumbnail","hentry","category-genel","tag-aydin","tag-binadan","tag-coken","tag-goruntulendi","tag-ilk","tag-kartalda","tag-kez","tag-kurtarilan","tag-mert","tag-saat","tag-sonra"],"jetpack_publicize_connections":[],"jetpack_featured_media_url":"https:\/\/i0.wp.com\/www.tvturk.com\/wp-content\/uploads\/2019\/05\/kartalda-coken-binadan-45-saat-sonra-kurtarilan-mert-aydin-ilk-kez-goruntulendi_557f5f6.jpg?fit=1000%2C666","jetpack_sharing_enabled":true,"jetpack_shortlink":"https:\/\/wp.me\/paKIfm-Gvh","_links":{"self":[{"href":"http:\/\/www.tvturk.com\/index.php\/wp-json\/wp\/v2\/posts\/163387","targetHints":{"allow":["GET"]}}],"collection":[{"href":"http:\/\/www.tvturk.com\/index.php\/wp-json\/wp\/v2\/posts"}],"about":[{"href":"http:\/\/www.tvturk.com\/index.php\/wp-json\/wp\/v2\/types\/post"}],"author":[{"embeddable":true,"href":"http:\/\/www.tvturk.com\/index.php\/wp-json\/wp\/v2\/users\/1"}],"replies":[{"embeddable":true,"href":"http:\/\/www.tvturk.com\/index.php\/wp-json\/wp\/v2\/comments?post=163387"}],"version-history":[{"count":0,"href":"http:\/\/www.tvturk.com\/index.php\/wp-json\/wp\/v2\/posts\/163387\/revisions"}],"wp:featuredmedia":[{"embeddable":true,"href":"http:\/\/www.tvturk.com\/index.php\/wp-json\/wp\/v2\/media\/163388"}],"wp:attachment":[{"href":"http:\/\/www.tvturk.com\/index.php\/wp-json\/wp\/v2\/media?parent=163387"}],"wp:term":[{"taxonomy":"category","embeddable":true,"href":"http:\/\/www.tvturk.com\/index.php\/wp-json\/wp\/v2\/categories?post=163387"},{"taxonomy":"post_tag","embeddable":true,"href":"http:\/\/www.tvturk.com\/index.php\/wp-json\/wp\/v2\/tags?post=163387"}],"curies":[{"name":"wp","href":"https:\/\/api.w.org\/{rel}","templated":true}]}}