{"id":163393,"date":"2019-05-29T11:29:20","date_gmt":"2019-05-29T08:29:20","guid":{"rendered":"http:\/\/www.tvturk.com\/index.php\/yetim-cocuklarin-yuzu-bayramda-tdv-ile-gulecek\/"},"modified":"2019-05-29T11:29:20","modified_gmt":"2019-05-29T08:29:20","slug":"yetim-cocuklarin-yuzu-bayramda-tdv-ile-gulecek","status":"publish","type":"post","link":"http:\/\/www.tvturk.com\/index.php\/yetim-cocuklarin-yuzu-bayramda-tdv-ile-gulecek\/","title":{"rendered":"Yetim \u00e7ocuklar\u0131n y\u00fcz\u00fc bayramda TDV ile g\u00fclecek"},"content":{"rendered":"<p>T\u00fcrkiye Diyanet Vakf\u0131 (TDV), yurt i\u00e7i ve yurt d\u0131\u015f\u0131nda binlerce \u00e7ocu\u011fa bayram sevinci ya\u015fatacak.<\/p>\n<p>Ramazan ay\u0131n\u0131n manevi iklimini d\u00fcnyan\u0131n d\u00f6rt bir taraf\u0131na ta\u015f\u0131yan, toplumun her kesimine ula\u015fan, binlerce ki\u015fiyi iftar sofralar\u0131nda bir araya getiren T\u00fcrkiye Diyanet Vakf\u0131, bayramda da yetim \u00e7ocuklar\u0131n g\u00fclen y\u00fcz\u00fc olacak. \u201cKarde\u015flerini Unutma, Beklenen Sensin\u201d slogan\u0131yla ba\u015flat\u0131lan Ramazan yard\u0131m kampanyas\u0131 kapsam\u0131nda ihtiya\u00e7 sahiplerinin tek tek kap\u0131s\u0131n\u0131 \u00e7alarak milletin yard\u0131m elini ula\u015ft\u0131ran ve gitti\u011fi her co\u011frafyada g\u00f6n\u00fcl k\u00f6pr\u00fcleri kuran T\u00fcrkiye Diyanet Vakf\u0131, yard\u0131m \u00e7al\u0131\u015fmalar\u0131nda yetimlere b\u00fcy\u00fck bir ehemmiyet veriyor. T\u00fcrkiye Diyanet Vakf\u0131 Genel M\u00fcd\u00fcr\u00fc Mehmet Sava\u015f Polat, Ramazan program\u0131 kapsam\u0131nda yurt i\u00e7inde 81 il ve 725 il\u00e7ede, yurt d\u0131\u015f\u0131nda ise 98 \u00fclke ve 323 b\u00f6lgede g\u0131da kolileri, Ramazan paketi, al\u0131\u015fveri\u015f yard\u0131m kart\u0131 da\u011f\u0131t\u0131mlar\u0131 yaparak iftar sofralar\u0131 kurduklar\u0131n\u0131 s\u00f6yledi. Ramazan ay\u0131n\u0131n manevi iklimini ve bereketini en g\u00fczel \u015fekilde ya\u015famaya ve ya\u015fatmaya gayret ettiklerini belirten Polat, \u015funlar\u0131 kaydetti:<\/p>\n<p>\u201cRamazan ay\u0131nda ihtiya\u00e7 sahiplerinin umudu olan vakf\u0131m\u0131z, Peygamber Efendimizin emaneti yetimlerimizi de unutmad\u0131. Yurt i\u00e7inde 5 bin, yurt d\u0131\u015f\u0131nda Banglade\u015f, \u00c7ad, Filistin, Nijer, Somali, Sudan, Suriye ve Yemen olmak \u00fczere 8 \u00fclke 19 b\u00f6lgede 11 bin \u00e7ocu\u011fa, toplamda ise 16 bin yetime bayraml\u0131k k\u0131yafet da\u011f\u0131tm\u0131\u015f olaca\u011f\u0131z. Milletimizin deste\u011fi ile heyecanla bayram\u0131 bekleyen yavrular\u0131m\u0131z\u0131n bayram sabah\u0131na daha mutlu uyanmalar\u0131na vesile olaca\u011f\u0131z.\u201d<\/p>\n<p>Polat, Kur\u2019an-\u0131 Kerim\u2019de ve Peygamberimiz Hazreti Muhammed\u2019in hadislerinde fakir, yetim ve esirlere yap\u0131lan ikramlar\u0131n m\u00fckafatland\u0131r\u0131laca\u011f\u0131n\u0131n m\u00fcjdelendi\u011fine i\u015faret ederek, hay\u0131rseverlerin 100 TL ba\u011f\u0131\u015fta bulunarak bayram sabah\u0131n\u0131 heyecanla bekleyen yetim \u00e7ocuklar\u0131n bayram sevincine ortak olabileceklerini vurgulad\u0131.<\/p>\n","protected":false},"excerpt":{"rendered":"<p>T\u00dcRK\u0130YE D\u0130YANET VAKFI, YURT \u0130\u00c7\u0130 VE YURT DI\u015eINDA B\u0130NLERCE \u00c7OCU\u011eA BAYRAM SEV\u0130NC\u0130 YA\u015eATACAK.<\/p>\n","protected":false},"author":1,"featured_media":163394,"comment_status":"closed","ping_status":"open","sticky":false,"template":"","format":"standard","meta":{"jetpack_post_was_ever_published":false,"_jetpack_newsletter_access":"","_jetpack_dont_email_post_to_subs":false,"_jetpack_newsletter_tier_id":0,"_jetpack_memberships_contains_paywalled_content":false,"_jetpack_memberships_contains_paid_content":false,"footnotes":"","jetpack_publicize_message":"","jetpack_publicize_feature_enabled":true,"jetpack_social_post_already_shared":true,"jetpack_social_options":{"image_generator_settings":{"template":"highway","default_image_id":0,"font":"","enabled":false},"version":2}},"categories":[1],"tags":[7134,33880,4136,192,22719,14315,3937],"class_list":["post-163393","post","type-post","status-publish","format-standard","has-post-thumbnail","hentry","category-genel","tag-gulecek","tag-bayramda","tag-cocuklarin","tag-ile","tag-tdv","tag-yetim","tag-yuzu"],"jetpack_publicize_connections":[],"jetpack_featured_media_url":"https:\/\/i0.wp.com\/www.tvturk.com\/wp-content\/uploads\/2019\/05\/yetim-cocuklarin-yuzu-bayramda-tdv-ile-gulecek_88f88d1.jpg?fit=1000%2C767","jetpack_sharing_enabled":true,"jetpack_shortlink":"https:\/\/wp.me\/paKIfm-Gvn","_links":{"self":[{"href":"http:\/\/www.tvturk.com\/index.php\/wp-json\/wp\/v2\/posts\/163393","targetHints":{"allow":["GET"]}}],"collection":[{"href":"http:\/\/www.tvturk.com\/index.php\/wp-json\/wp\/v2\/posts"}],"about":[{"href":"http:\/\/www.tvturk.com\/index.php\/wp-json\/wp\/v2\/types\/post"}],"author":[{"embeddable":true,"href":"http:\/\/www.tvturk.com\/index.php\/wp-json\/wp\/v2\/users\/1"}],"replies":[{"embeddable":true,"href":"http:\/\/www.tvturk.com\/index.php\/wp-json\/wp\/v2\/comments?post=163393"}],"version-history":[{"count":0,"href":"http:\/\/www.tvturk.com\/index.php\/wp-json\/wp\/v2\/posts\/163393\/revisions"}],"wp:featuredmedia":[{"embeddable":true,"href":"http:\/\/www.tvturk.com\/index.php\/wp-json\/wp\/v2\/media\/163394"}],"wp:attachment":[{"href":"http:\/\/www.tvturk.com\/index.php\/wp-json\/wp\/v2\/media?parent=163393"}],"wp:term":[{"taxonomy":"category","embeddable":true,"href":"http:\/\/www.tvturk.com\/index.php\/wp-json\/wp\/v2\/categories?post=163393"},{"taxonomy":"post_tag","embeddable":true,"href":"http:\/\/www.tvturk.com\/index.php\/wp-json\/wp\/v2\/tags?post=163393"}],"curies":[{"name":"wp","href":"https:\/\/api.w.org\/{rel}","templated":true}]}}