{"id":163409,"date":"2019-05-29T11:43:23","date_gmt":"2019-05-29T08:43:23","guid":{"rendered":"http:\/\/www.tvturk.com\/index.php\/ozel-ramazan-davulcularinin-manisi-dunya-tutunsuzluk-gunu-icin-oldu\/"},"modified":"2019-05-29T11:43:23","modified_gmt":"2019-05-29T08:43:23","slug":"ozel-ramazan-davulcularinin-manisi-dunya-tutunsuzluk-gunu-icin-oldu","status":"publish","type":"post","link":"http:\/\/www.tvturk.com\/index.php\/ozel-ramazan-davulcularinin-manisi-dunya-tutunsuzluk-gunu-icin-oldu\/","title":{"rendered":"(\u00d6zel) Ramazan davulcular\u0131n\u0131n manisi D\u00fcnya T\u00fct\u00fcns\u00fczl\u00fck G\u00fcn\u00fc i\u00e7in oldu"},"content":{"rendered":"<p>31 May\u0131s d\u00fcnya T\u00fct\u00fcns\u00fczl\u00fck G\u00fcn\u00fc\u2019nde fark\u0131ndal\u0131k olu\u015fturmak isteyen Kayseri \u0130l Sa\u011fl\u0131k M\u00fcd\u00fcrl\u00fc\u011f\u00fc, ramazan davulcular\u0131 ile anla\u015farak sahurda sigaran\u0131n b\u0131rak\u0131lmas\u0131na y\u00f6nelik maniler s\u00f6ylettirdi.<\/p>\n<p>D\u00fcnya Sa\u011fl\u0131k \u00d6rg\u00fct\u00fc\u2019ne \u00fcye devletler taraf\u0131ndan her y\u0131l 31 May\u0131s tarihinde kutlanan D\u00fcnya T\u00fct\u00fcns\u00fczl\u00fck G\u00fcn\u00fc\u2019n\u00fcn Ramazan ay\u0131na denk gelmesiyle Kayseri \u0130l Sa\u011fl\u0131k M\u00fcd\u00fcrl\u00fc\u011f\u00fc farkl\u0131 bir uygulamaya imza att\u0131. Kayseri il Sa\u011fl\u0131k M\u00fcd\u00fcrl\u00fc\u011f\u00fc, irtibata ge\u00e7ti\u011fi ramazan davulcular\u0131na sahurda sigaran\u0131n b\u0131rak\u0131lmas\u0131 ile ilgili maniler s\u00f6ylettirdi.<\/p>\n<p>Kayseri\u2019nin Kocasinan il\u00e7esine ba\u011fl\u0131 Fevzi \u00c7akmak Mahallesi\u2019nde Palya\u00e7o, Nasrettin Hoca ve Hacivat-Karag\u00f6z k\u0131yafetleri giyerek vatanda\u015flar\u0131 sahura kald\u0131ran gen\u00e7lerden Hakan Ye\u015filyayla, &#8220;Biz her y\u0131l Fevzi \u00c7akmak Mahallesi\u2019nde farkl\u0131 etkinlikler d\u00fczenleyerek vatanda\u015flar\u0131 sahura kald\u0131r\u0131yoruz. Bu \u015fekilde hem mahalle halk\u0131na hem de \u00e7ocuklara Ramazan ay\u0131n\u0131 sevdirmeye \u00e7al\u0131\u015f\u0131yoruz&#8221; dedi. Mahallenin Ramazan Davulcusu Ercan Ceyhan ise, &#8220;Ramazan ay\u0131nda de\u011fi\u015fik bir \u015feyler yapmak akl\u0131m\u0131za geldi. Eskilere gidelim, Hacivat-Karag\u00f6z, Nasrettin Hoca ve palya\u00e7o kost\u00fcmleri ile vatanda\u015flara farkl\u0131 bir sahur gecesi ya\u015fatal\u0131m diye d\u00fc\u015f\u00fcnd\u00fck. Bu fikrimiz Ramazan ay\u0131 boyunca hem ailelerden hem de \u00e7ocuklar taraf\u0131ndan b\u00fcy\u00fck ilgi g\u00f6rd\u00fc&#8221; diye konu\u015ftu.<\/p>\n<p>Palya\u00e7o k\u0131yafetiyle gruba destek veren \u015eahin Pugar da, her y\u0131l Ramazan ay\u0131nda vatanda\u015flar\u0131 sahura bu \u015fekilde kald\u0131rd\u0131klar\u0131n\u0131 ifade ederek, &#8220;\u00d6zellikle sahurda \u00e7ocuklar bize b\u00fcy\u00fck ilgi g\u00f6steriyor ve bu \u015fekilde gelecek nesillere Ramazan ay\u0131n\u0131 sevdirmi\u015f oluyoruz&#8221; dedi.<\/p>\n<p>Ekipte Hacivat kost\u00fcm\u00fc giyen ve mani s\u00f6yleyen Kadir Yenil ise, &#8220;S\u00f6yledi\u011fim manilerle belirli mesajlar vermeye \u00e7al\u0131\u015f\u0131yoruz. Bu y\u0131l da D\u00fcnya T\u00fct\u00fcns\u00fczl\u00fck G\u00fcn\u00fc nedeniyle Kayseri \u0130l Sa\u011fl\u0131k M\u00fcd\u00fcrl\u00fc\u011f\u00fc bizimle g\u00f6r\u00fc\u015ft\u00fc. Sahurda insanlar\u0131n Ramazan ay\u0131 dolay\u0131s\u0131yla sigaray\u0131 b\u0131rakmalar\u0131na \u00e7a\u011fr\u0131 olarak maniler s\u00f6yledik&#8221; diye konu\u015ftu.<\/p>\n","protected":false},"excerpt":{"rendered":"<p>31 MAYIS D\u00dcNYA T\u00dcT\u00dcNS\u00dcZL\u00dcK G\u00dcN\u00dc&#8217;NDE FARKINDALIK OLU\u015eTURMAK \u0130STEYEN KAYSER\u0130 \u0130L SA\u011eLIK M\u00dcD\u00dcRL\u00dc\u011e\u00dc, RAMAZAN DAVULCULARI \u0130LE ANLA\u015eARAK SAHURDA S\u0130GARANIN BIRAKILMASINA Y\u00d6NEL\u0130K MAN\u0130LER S\u00d6YLETT\u0130RD\u0130.<\/p>\n","protected":false},"author":1,"featured_media":163410,"comment_status":"closed","ping_status":"open","sticky":false,"template":"","format":"standard","meta":{"jetpack_post_was_ever_published":false,"_jetpack_newsletter_access":"","_jetpack_dont_email_post_to_subs":false,"_jetpack_newsletter_tier_id":0,"_jetpack_memberships_contains_paywalled_content":false,"_jetpack_memberships_contains_paid_content":false,"footnotes":"","jetpack_publicize_message":"","jetpack_publicize_feature_enabled":true,"jetpack_social_post_already_shared":true,"jetpack_social_options":{"image_generator_settings":{"template":"highway","default_image_id":0,"font":"","enabled":false},"version":2}},"categories":[1],"tags":[349,1073,38648,85,44,38649,77,28330,38650],"class_list":["post-163409","post","type-post","status-publish","format-standard","has-post-thumbnail","hentry","category-genel","tag-dunya","tag-ozel","tag-davulcularinin","tag-gunu","tag-icin","tag-manisi","tag-oldu","tag-ramazan","tag-tutunsuzluk"],"jetpack_publicize_connections":[],"jetpack_featured_media_url":"https:\/\/i0.wp.com\/www.tvturk.com\/wp-content\/uploads\/2019\/05\/ozel-ramazan-davulcularinin-manisi-dunya-tutunsuzluk-gunu-icin-oldu_27fff19.jpg?fit=1000%2C664","jetpack_sharing_enabled":true,"jetpack_shortlink":"https:\/\/wp.me\/paKIfm-GvD","_links":{"self":[{"href":"http:\/\/www.tvturk.com\/index.php\/wp-json\/wp\/v2\/posts\/163409","targetHints":{"allow":["GET"]}}],"collection":[{"href":"http:\/\/www.tvturk.com\/index.php\/wp-json\/wp\/v2\/posts"}],"about":[{"href":"http:\/\/www.tvturk.com\/index.php\/wp-json\/wp\/v2\/types\/post"}],"author":[{"embeddable":true,"href":"http:\/\/www.tvturk.com\/index.php\/wp-json\/wp\/v2\/users\/1"}],"replies":[{"embeddable":true,"href":"http:\/\/www.tvturk.com\/index.php\/wp-json\/wp\/v2\/comments?post=163409"}],"version-history":[{"count":0,"href":"http:\/\/www.tvturk.com\/index.php\/wp-json\/wp\/v2\/posts\/163409\/revisions"}],"wp:featuredmedia":[{"embeddable":true,"href":"http:\/\/www.tvturk.com\/index.php\/wp-json\/wp\/v2\/media\/163410"}],"wp:attachment":[{"href":"http:\/\/www.tvturk.com\/index.php\/wp-json\/wp\/v2\/media?parent=163409"}],"wp:term":[{"taxonomy":"category","embeddable":true,"href":"http:\/\/www.tvturk.com\/index.php\/wp-json\/wp\/v2\/categories?post=163409"},{"taxonomy":"post_tag","embeddable":true,"href":"http:\/\/www.tvturk.com\/index.php\/wp-json\/wp\/v2\/tags?post=163409"}],"curies":[{"name":"wp","href":"https:\/\/api.w.org\/{rel}","templated":true}]}}