{"id":163461,"date":"2019-05-29T12:48:46","date_gmt":"2019-05-29T09:48:46","guid":{"rendered":"http:\/\/www.tvturk.com\/index.php\/alanyasporun-genc-yildizina-avrupa-kancasi\/"},"modified":"2019-05-29T12:48:46","modified_gmt":"2019-05-29T09:48:46","slug":"alanyasporun-genc-yildizina-avrupa-kancasi","status":"publish","type":"post","link":"http:\/\/www.tvturk.com\/index.php\/alanyasporun-genc-yildizina-avrupa-kancasi\/","title":{"rendered":"Alanyaspor\u2019un gen\u00e7 y\u0131ld\u0131z\u0131na Avrupa kancas\u0131"},"content":{"rendered":"<p>Ge\u00e7ti\u011fimiz g\u00fcnlerde Aytemiz Alanyaspor ile profesyonel s\u00f6zle\u015fmeye imza atan 19 ya\u015f\u0131ndaki ba\u015far\u0131l\u0131 futbolcu Kaz\u0131m Yakmaz\u2019\u0131, Almanya, Fransa ve Bel\u00e7ika\u2019dan bir\u00e7ok ekibin takip etti\u011fi \u00f6\u011frenildi.<\/p>\n<p>Aytemiz Alanyaspor\u2019un gen\u00e7 futbolcusu Kaz\u0131m Yakmaz, Avrupa kul\u00fcplerinin radar\u0131nda. 2015 y\u0131l\u0131nda Bursa Arabayata\u011f\u0131spor\u2019dan Aytemiz Alanyaspor\u2019a transfer olan gen\u00e7 futbolcu, burada forma giydi\u011fi U17, U19 ve U21 kategorilerinde ad\u0131ndan s\u0131k\u00e7a s\u00f6z ettirmeyi ba\u015fard\u0131. Ge\u00e7ti\u011fimiz g\u00fcnlerde de turuncu-ye\u015fillilerle 4 y\u0131ll\u0131k profesyonel s\u00f6zle\u015fme imzalayan Kaz\u0131m ile \u00e7ok say\u0131da Avrupa kul\u00fcb\u00fcn\u00fcn ilgilendi\u011fi ifade edildi. 10 numara b\u00f6lgesinde top ko\u015fturan gen\u00e7 oyuncunun; Almanya, Fransa ve Bel\u00e7ika liglerinden bir\u00e7ok kul\u00fcb\u00fcn transfer listesinde oldu\u011fu \u00f6\u011frenildi.<\/p>\n<p>Altyap\u0131da dikkat \u00e7ekti<\/p>\n<p>Gen\u00e7 oyuncunun, Akdeniz ekibinde forma giydi\u011fi U19 ve U21 tak\u0131mlar\u0131ndaki performans\u0131 dikkat \u00e7ekti. Yakmaz, U19\u2019da forma giydi\u011fi 27 m\u00fccadelede 7 kez rakip fileleri havaland\u0131r\u0131rken, 13 defa da gol\u00fc haz\u0131rlayan isim oldu. Ba\u015far\u0131l\u0131 futbolcu, bu sezon Aytemiz Alanyaspor U21 tak\u0131m\u0131nda da 5 ma\u00e7ta forma \u015fans\u0131 buldu.<\/p>\n","protected":false},"excerpt":{"rendered":"<p>GE\u00c7T\u0130\u011e\u0130M\u0130Z G\u00dcNLERDE AYTEM\u0130Z ALANYASPOR \u0130LE PROFESYONEL S\u00d6ZLE\u015eMEYE \u0130MZA ATAN 19 YA\u015eINDAK\u0130 BA\u015eARILI FUTBOLCU KAZIM YAKMAZ\u2019I, ALMANYA, FRANSA VE BEL\u00c7\u0130KA\u2019DAN B\u0130R\u00c7OK EK\u0130B\u0130N TAK\u0130P ETT\u0130\u011e\u0130 \u00d6\u011eREN\u0130LD\u0130.<\/p>\n","protected":false},"author":1,"featured_media":163462,"comment_status":"closed","ping_status":"open","sticky":false,"template":"","format":"standard","meta":{"jetpack_post_was_ever_published":false,"_jetpack_newsletter_access":"","_jetpack_dont_email_post_to_subs":false,"_jetpack_newsletter_tier_id":0,"_jetpack_memberships_contains_paywalled_content":false,"_jetpack_memberships_contains_paid_content":false,"footnotes":"","jetpack_publicize_message":"","jetpack_publicize_feature_enabled":true,"jetpack_social_post_already_shared":true,"jetpack_social_options":{"image_generator_settings":{"template":"highway","default_image_id":0,"font":"","enabled":false},"version":2}},"categories":[657],"tags":[38679,392,803,35981,38680],"class_list":["post-163461","post","type-post","status-publish","format-standard","has-post-thumbnail","hentry","category-spor","tag-alanyasporun","tag-avrupa","tag-genc","tag-kancasi","tag-yildizina"],"jetpack_publicize_connections":[],"jetpack_featured_media_url":"https:\/\/i0.wp.com\/www.tvturk.com\/wp-content\/uploads\/2019\/05\/alanyasporun-genc-yildizina-avrupa-kancasi_32849d2.jpg?fit=960%2C640","jetpack_sharing_enabled":true,"jetpack_shortlink":"https:\/\/wp.me\/paKIfm-Gwt","_links":{"self":[{"href":"http:\/\/www.tvturk.com\/index.php\/wp-json\/wp\/v2\/posts\/163461","targetHints":{"allow":["GET"]}}],"collection":[{"href":"http:\/\/www.tvturk.com\/index.php\/wp-json\/wp\/v2\/posts"}],"about":[{"href":"http:\/\/www.tvturk.com\/index.php\/wp-json\/wp\/v2\/types\/post"}],"author":[{"embeddable":true,"href":"http:\/\/www.tvturk.com\/index.php\/wp-json\/wp\/v2\/users\/1"}],"replies":[{"embeddable":true,"href":"http:\/\/www.tvturk.com\/index.php\/wp-json\/wp\/v2\/comments?post=163461"}],"version-history":[{"count":0,"href":"http:\/\/www.tvturk.com\/index.php\/wp-json\/wp\/v2\/posts\/163461\/revisions"}],"wp:featuredmedia":[{"embeddable":true,"href":"http:\/\/www.tvturk.com\/index.php\/wp-json\/wp\/v2\/media\/163462"}],"wp:attachment":[{"href":"http:\/\/www.tvturk.com\/index.php\/wp-json\/wp\/v2\/media?parent=163461"}],"wp:term":[{"taxonomy":"category","embeddable":true,"href":"http:\/\/www.tvturk.com\/index.php\/wp-json\/wp\/v2\/categories?post=163461"},{"taxonomy":"post_tag","embeddable":true,"href":"http:\/\/www.tvturk.com\/index.php\/wp-json\/wp\/v2\/tags?post=163461"}],"curies":[{"name":"wp","href":"https:\/\/api.w.org\/{rel}","templated":true}]}}