{"id":163465,"date":"2019-05-29T12:52:49","date_gmt":"2019-05-29T09:52:49","guid":{"rendered":"http:\/\/www.tvturk.com\/index.php\/ozel-haber-ali-cetin-biz-hayal-satin-almiyoruz-bizim-gercekleri-satin-almamiz-lazim\/"},"modified":"2019-05-29T12:52:49","modified_gmt":"2019-05-29T09:52:49","slug":"ozel-haber-ali-cetin-biz-hayal-satin-almiyoruz-bizim-gercekleri-satin-almamiz-lazim","status":"publish","type":"post","link":"http:\/\/www.tvturk.com\/index.php\/ozel-haber-ali-cetin-biz-hayal-satin-almiyoruz-bizim-gercekleri-satin-almamiz-lazim\/","title":{"rendered":"(\u00d6zel haber) Ali \u00c7etin: \u201cBiz hayal sat\u0131n alm\u0131yoruz, bizim ger\u00e7ekleri sat\u0131n almam\u0131z laz\u0131m\u201d"},"content":{"rendered":"<p>S\u00fcper Lig\u2019e y\u00fckselen Denizlispor Kul\u00fcp Ba\u015fkan\u0131 Ali \u00c7etin, i\u00e7 ve d\u0131\u015f transfer \u00e7al\u0131\u015fmalar\u0131yla ilgili yapt\u0131\u011f\u0131 a\u00e7\u0131klamada, hen\u00fcz kimse ile anla\u015f\u0131lmad\u0131\u011f\u0131n\u0131 kaydederek, \u201cHerkesle g\u00f6r\u00fc\u015f\u00fcyor ve her pozisyona adam bak\u0131yoruz. Yollar\u0131m\u0131z\u0131 ay\u0131raca\u011f\u0131m\u0131z futbolcular var ama devam edeceklerimiz de var. Biz hayal sat\u0131n alm\u0131yoruz, bizim ger\u00e7ekleri sat\u0131n almam\u0131z laz\u0131m\u201d dedi.<\/p>\n<p>Spor Toto 1. Lig\u2019i \u015fampiyon olarak tamamlayan ve S\u00fcper Lig\u2019e y\u00fckselme hakk\u0131n\u0131 kazanan Denizlispor\u2019da Ba\u015fkan Ali \u00c7etin, \u0130hlas Haber Ajans\u0131 (\u0130HA) muhabirine transfer noktas\u0131nda \u00f6nemli a\u00e7\u0131klamalarda bulundu. Tak\u0131m\u0131n t\u0131pk\u0131 1. Lig\u2019de oldu\u011fu gibi S\u00fcper Lig\u2019de de ba\u015far\u0131l\u0131 olmas\u0131 i\u00e7in yo\u011fun bir u\u011fra\u015f verdiklerini vurgulayan Ba\u015fkan \u00c7etin, transferleri de bu eksen \u00fczerinde ger\u00e7ekle\u015ftirmek istediklerini aktard\u0131. Transferler konusunda bas\u0131nda ve kamuoyunda bir bilgi kirlili\u011fi oldu\u011funu kaydeden Ba\u015fkan \u00c7etin, kesin bir dille kul\u00fcb\u00fcn hen\u00fcz kimse ile anla\u015fmad\u0131\u011f\u0131n\u0131 aktard\u0131. Ba\u015fkan \u00c7etin, \u201cHem i\u00e7 transferde hem de d\u0131\u015f transferde \u00e7al\u0131\u015fmalar\u0131m\u0131z, futbolcu menajerleri ile g\u00f6r\u00fc\u015fmelerimiz devam ediyor. Ancak \u015fu ana kadar imzay\u0131 atm\u0131\u015f hi\u00e7 kimse yok. Bas\u0131nda da bu konuda bir bilgi kirlili\u011fi var, \u2018o gidiyor, bu gidiyor\u2019 \u015feklinde. Ama bizim yollar\u0131m\u0131z\u0131 ay\u0131rd\u0131\u011f\u0131m\u0131z hi\u00e7 kimse yok. Hepsi ile g\u00f6r\u00fc\u015fmelerimiz devam ediyor. Herkesle g\u00f6r\u00fc\u015f\u00fcyor ve her pozisyona adam bak\u0131yoruz. Tabii yollar\u0131m\u0131z\u0131 ay\u0131raca\u011f\u0131m\u0131z futbolcu karde\u015flerimiz var ama devam edecek olanlar da var\u201d diye konu\u015ftu.<\/p>\n<p>\u201cTercih edilen bir tak\u0131m olmak istiyoruz\u201d<\/p>\n<p>Transferlerin s\u0131k\u0131 pazarl\u0131klarla yap\u0131laca\u011f\u0131n\u0131 ve daha ilk ba\u015ftan g\u00f6r\u00fc\u015fmelere de bu \u015fekilde ba\u015flad\u0131klar\u0131n\u0131 ifade eden Ba\u015fkan \u00c7etin en b\u00fcy\u00fck ama\u00e7lar\u0131n\u0131n ise hayal de\u011fil, ger\u00e7ek sat\u0131n almak istedikleri oldu\u011funu an\u0131msatt\u0131. Ba\u015fkan \u00c7etin a\u00e7\u0131klamas\u0131n\u0131 \u015f\u00f6yle s\u00fcrd\u00fcrd\u00fc:<\/p>\n<p>\u201c\u00c7ok s\u0131k\u0131 bir pazarl\u0131k var diyebiliriz. Bizim as\u0131l amac\u0131m\u0131z \u015fu biz hayal sat\u0131n alm\u0131yoruz bizim ger\u00e7ekleri sat\u0131n almam\u0131z laz\u0131m. \u00d6deyebilece\u011fimizi paralar\u0131n alt\u0131na imza atmam\u0131z laz\u0131m. Gelen menajer arkada\u015flara da s\u00f6yl\u00fcyorum \u2018Sen 500 bin Euro\u2019ya futbolcu vermi\u015fsin ama 3 seneden bu yana paran\u0131 alam\u0131yorsun.\u2019 B\u00f6yle bir sistem bizde olmayacak. Bizde herkes g\u00fcn\u00fcnde para alacak ama 500 bin Euro\u2019luk futbolcu bize 300-350 bin Euro\u2019ya gelsin istiyoruz. \u00c7\u00fcnk\u00fc o alaca\u011f\u0131 paran\u0131n g\u00fcn\u00fcn\u00fc bilsin biz de \u00f6deyece\u011fimiz g\u00fcn\u00fc bilelim. S\u00fcper Lig\u2019de borcu \u00e7ok az olan tak\u0131mlar\u0131n ba\u015f\u0131nda geliyoruz. \u00c7\u00fcnk\u00fc 45-50 milyon TL para S\u00fcper Lig\u2019de \u00e7ok b\u00fcy\u00fck bir para de\u011fil. Ondan dolay\u0131 tercih edilen bir tak\u0131m olmak istiyoruz.\u201d<\/p>\n<p>\u201cY\u00fccel hocadan \u2018\u015eunu istiyorum bunu istiyorum\u2019 \u015feklinde bir talep yok\u201d<\/p>\n<p>Ba\u015fkan \u00c7etin, \u2018Teknik Direkt\u00f6r Y\u00fccel \u0130ldiz\u2019in \u00f6zellikle istedi\u011fi bir oyuncu ya da \u015fu mevkiye muhakkak bir oyuncu laz\u0131m\u2019 y\u00f6n\u00fcnde bir istedi\u011fi olup olmad\u0131\u011f\u0131 y\u00f6n\u00fcndeki soruyu ise, \u201cY\u00fccel hocam\u0131z ile birlikte teknik heyet aralar\u0131na karar veriyorlar. Sonra futbol \u015fubeye bildiriyorlar. Yani birebir illa ki \u2018\u015eunu istiyorum bunu istiyorum\u2019 \u015feklinde bir talep yok. Her d\u00fc\u015f\u00fcncesini ortaya koyuyor ve istedi\u011fimiz \u015fartlarda en iyi futbolcu kimse onunla g\u00f6r\u00fc\u015fmeler ba\u015fl\u0131yor. Tabii hocam\u0131n da istedi\u011fi futbolcular var. Ama genel olarak konu\u015fuldu\u011fu i\u00e7in yani \u015fu oyuncu diye bir \u015fey yok\u201d yan\u0131t\u0131n\u0131 verdi.<\/p>\n","protected":false},"excerpt":{"rendered":"<p>S\u00dcPER L\u0130G\u2019E Y\u00dcKSELEN DEN\u0130ZL\u0130SPOR KUL\u00dcP BA\u015eKANI AL\u0130 \u00c7ET\u0130N, \u0130\u00c7 VE DI\u015e TRANSFER \u00c7ALI\u015eMALARIYLA \u0130LG\u0130L\u0130 YAPTI\u011eI A\u00c7IKLAMADA, HEN\u00dcZ K\u0130MSE \u0130LE ANLA\u015eILMADI\u011eINI KAYDEDEREK, \u201cHERKESLE G\u00d6R\u00dc\u015e\u00dcYOR VE HER POZ\u0130SYONA ADAM BAKIYORUZ. YOLLARIMIZI AYIRACA\u011eIMIZ FUTBOLCULAR VAR AMA DEVAM EDECEKLER\u0130M\u0130Z DE VAR. B\u0130Z HAYAL SATIN ALMIYORUZ, B\u0130Z\u0130M GER\u00c7EKLER\u0130 SATIN ALMAMIZ LAZIM\u201d DED\u0130.<\/p>\n","protected":false},"author":1,"featured_media":163466,"comment_status":"closed","ping_status":"open","sticky":false,"template":"","format":"standard","meta":{"jetpack_post_was_ever_published":false,"_jetpack_newsletter_access":"","_jetpack_dont_email_post_to_subs":false,"_jetpack_newsletter_tier_id":0,"_jetpack_memberships_contains_paywalled_content":false,"_jetpack_memberships_contains_paid_content":false,"footnotes":"","jetpack_publicize_message":"","jetpack_publicize_feature_enabled":true,"jetpack_social_post_already_shared":true,"jetpack_social_options":{"image_generator_settings":{"template":"highway","default_image_id":0,"font":"","enabled":false},"version":2}},"categories":[657],"tags":[2265,1073,625,12748,38683,1322,104,9555,24152,1545,6170,18733],"class_list":["post-163465","post","type-post","status-publish","format-standard","has-post-thumbnail","hentry","category-spor","tag-hayal","tag-ozel","tag-ali","tag-almamiz","tag-almiyoruz","tag-biz","tag-bizim","tag-cetin","tag-gercekleri","tag-haber","tag-lazim","tag-satin"],"jetpack_publicize_connections":[],"jetpack_featured_media_url":"https:\/\/i0.wp.com\/www.tvturk.com\/wp-content\/uploads\/2019\/05\/ozel-haber-ali-cetin-biz-hayal-satin-almiyoruz-bizim-gercekleri-satin-almamiz-lazim_dcbf8c6.jpg?fit=1000%2C656","jetpack_sharing_enabled":true,"jetpack_shortlink":"https:\/\/wp.me\/paKIfm-Gwx","_links":{"self":[{"href":"http:\/\/www.tvturk.com\/index.php\/wp-json\/wp\/v2\/posts\/163465","targetHints":{"allow":["GET"]}}],"collection":[{"href":"http:\/\/www.tvturk.com\/index.php\/wp-json\/wp\/v2\/posts"}],"about":[{"href":"http:\/\/www.tvturk.com\/index.php\/wp-json\/wp\/v2\/types\/post"}],"author":[{"embeddable":true,"href":"http:\/\/www.tvturk.com\/index.php\/wp-json\/wp\/v2\/users\/1"}],"replies":[{"embeddable":true,"href":"http:\/\/www.tvturk.com\/index.php\/wp-json\/wp\/v2\/comments?post=163465"}],"version-history":[{"count":0,"href":"http:\/\/www.tvturk.com\/index.php\/wp-json\/wp\/v2\/posts\/163465\/revisions"}],"wp:featuredmedia":[{"embeddable":true,"href":"http:\/\/www.tvturk.com\/index.php\/wp-json\/wp\/v2\/media\/163466"}],"wp:attachment":[{"href":"http:\/\/www.tvturk.com\/index.php\/wp-json\/wp\/v2\/media?parent=163465"}],"wp:term":[{"taxonomy":"category","embeddable":true,"href":"http:\/\/www.tvturk.com\/index.php\/wp-json\/wp\/v2\/categories?post=163465"},{"taxonomy":"post_tag","embeddable":true,"href":"http:\/\/www.tvturk.com\/index.php\/wp-json\/wp\/v2\/tags?post=163465"}],"curies":[{"name":"wp","href":"https:\/\/api.w.org\/{rel}","templated":true}]}}