{"id":163473,"date":"2019-05-29T12:59:56","date_gmt":"2019-05-29T09:59:56","guid":{"rendered":"http:\/\/www.tvturk.com\/index.php\/hasan-cavusoglu-sergen-yalcin-ile-gorusmemiz-devam-ediyor\/"},"modified":"2019-05-29T12:59:56","modified_gmt":"2019-05-29T09:59:56","slug":"hasan-cavusoglu-sergen-yalcin-ile-gorusmemiz-devam-ediyor","status":"publish","type":"post","link":"http:\/\/www.tvturk.com\/index.php\/hasan-cavusoglu-sergen-yalcin-ile-gorusmemiz-devam-ediyor\/","title":{"rendered":"Hasan \u00c7avu\u015fo\u011flu: &#8220;Sergen Yal\u00e7\u0131n ile g\u00f6r\u00fc\u015fmemiz devam ediyor&#8221;"},"content":{"rendered":"<p>Spor Toto S\u00fcper Lig\u2019de sezonu 44 puanla 6. s\u0131rada kapatan Aytemiz Alanyaspor\u2019da Ba\u015fkan Hasan \u00c7avu\u015fo\u011flu, futbol tak\u0131m\u0131 olarak iyi bir sezon ge\u00e7irdiklerini belirterek, &#8220;UEFA Avrupa Ligi\u2019ne gitme \u015fans\u0131m\u0131z y\u00fcksekti. Neticesinde yine de ligi iyi bir yerde bitirdi\u011fimizi d\u00fc\u015f\u00fcn\u00fcyoruz&#8221; dedi. \u00c7avu\u015fo\u011flu, Teknik Direkt\u00f6r Sergen Yal\u00e7\u0131n ile yeni s\u00f6zle\u015fme i\u00e7in g\u00f6r\u00fc\u015fmelerin s\u00fcrd\u00fc\u011f\u00fcn\u00fc s\u00f6yledi.<\/p>\n<p>Alanyaspor Cengiz Aydo\u011fan Tesisleri\u2019nde gazetecilere a\u00e7\u0131klama yaparak sezonu de\u011ferlendiren Aytemiz Alanyaspor Ba\u015fkan\u0131 Hasan \u00c7avu\u015fo\u011flu, sezonun kendileri i\u00e7in \u00e7ok k\u00f6t\u00fc ge\u00e7medi\u011fini, sadece \u00fcz\u00fcc\u00fc bir olay\u0131n ya\u015fand\u0131\u011f\u0131n\u0131 ifade etti.<\/p>\n<p>\u201cLigi iyi bir yerde bitirdi\u011fimizi d\u00fc\u015f\u00fcn\u00fcyoruz\u201d<\/p>\n<p>Josef Sural\u2019\u0131n kaza sonucu vefat etmesinin kendilerini derinden yaralad\u0131\u011f\u0131 ifade eden \u00c7avu\u015fo\u011flu, &#8220;Josef Sural\u2019\u0131 kaybetmemiz ba\u015far\u0131l\u0131 bir sezon ge\u00e7irmemizi biraz g\u00f6lgeledi ama yapabilece\u011fiz bir \u015fey yok. Bunun zaten \u00fcz\u00fcnt\u00fcs\u00fcn\u00fc hepimiz ya\u015fad\u0131k ve halen ya\u015f\u0131yoruz. Di\u011fer taraftan tabii ki lig ve m\u00fcsabakalar devam etti. Bizim de son 4 ma\u00e7\u0131m\u0131z kalm\u0131\u015ft\u0131. Konya ma\u00e7\u0131nda da bir erteleme karar\u0131 s\u00f6z konusu olmu\u015ftu ama daha sonra futbolcu bu ma\u00e7\u0131 oynama karar\u0131 ald\u0131. Biz de onlar\u0131n oynama karar\u0131na uymak zorunda kald\u0131k. Neticesinde iyisiyle k\u00f6t\u00fcs\u00fcyle bir sezonu daha geride b\u0131rakt\u0131k. Bildi\u011finiz gibi S\u00fcper Lig\u2019deki ilk sezonumuzda 40 puanla 12. s\u0131rada, ge\u00e7en y\u0131l yine ayn\u0131 puan ve s\u0131rada bitirdik. Bu sene de 44 puanla 9. s\u0131rada ligi tamamlad\u0131k. Tabii daha farkl\u0131 olabilirdi. Kazan\u0131n olmas\u0131 son 4 haftay\u0131 ister istemez etkiledi. O haftalar en az 2 galibiyet 1 beraberlikle 6-7 puan hedeflemi\u015ftik. Bu durumda UEFA Avrupa Ligi\u2019ne gitme \u015fans\u0131m\u0131z y\u00fcksekti. Neticesinde yine de ligi iyi bir yerde bitirdi\u011fimizi d\u00fc\u015f\u00fcn\u00fcyoruz&#8221; dedi.<\/p>\n<p>\u201cAlanyaspor\u2019u en iyi yerlerde tutmak i\u00e7in m\u00fccadele edece\u011fiz\u201d<\/p>\n<p>Teknik Direkt\u00f6r Sergen Yal\u00e7\u0131n ile geldi\u011fi g\u00fcnden beri uyumlu bir \u015fekilde \u00e7al\u0131\u015ft\u0131klar\u0131n\u0131 belirten \u00c7avu\u015fo\u011flu, &#8220;Bizim her \u015feyden \u00f6nce tek gayemiz S\u00fcper Lig\u2019de m\u00fccadele etmek. Ligde mutlaka birileri k\u00fcme d\u00fc\u015f\u00fcyor. Her tak\u0131m k\u00fcme d\u00fc\u015febilir, tekrar \u00e7\u0131kabilir. Bunlar futbolun i\u00e7erisinde var. Ligde \u015fu anda tek il\u00e7e tak\u0131m\u0131 olarak biz kald\u0131k. Bizim a\u00e7\u0131m\u0131zdan bu ligde kalarak s\u00fcreklili\u011fi sa\u011flamak \u00e7ok \u00f6nemli. Tabii \u00e7ok zor \u015fartlar alt\u0131nda S\u00fcper Lig\u2019de m\u00fccadele ediyorsun. Biz elimizden gelenin en iyisini yap\u0131p Alanyaspor\u2019u en iyi yerlerde tutmak i\u00e7in m\u00fccadele edece\u011fiz\u201d diye konu\u015ftu.<\/p>\n<p>\u201cYap\u0131lacak olan tesisin baz\u0131lar\u0131 se\u00e7im yat\u0131r\u0131m\u0131 oldu\u011funu d\u00fc\u015f\u00fcn\u00fcyor\u201d<\/p>\n<p>Alanyaspor\u2019a katk\u0131da bulunan ve destek veren herkese te\u015fekk\u00fcr ederek konu\u015fmas\u0131na devam eden \u00c7avu\u015fo\u011flu, \u015funlar\u0131 s\u00f6yledi:<\/p>\n<p>&#8220;Antalya B\u00fcy\u00fck\u015fehir Belediyesi eski Ba\u015fkan\u0131 Menderes T\u00fcrel ve Alanya Belediye Ba\u015fkan\u0131 Adem Murat Y\u00fccel bize her zaman destek oldu. Ge\u00e7mi\u015f d\u00f6nem Antalya B\u00fcy\u00fck\u015fehir Belediye Ba\u015fkan\u0131 T\u00fcrel, Antalyaspor i\u00e7in \u00e7ok devasal bir tesis yaparak anahtar\u0131n teslimini tak\u0131ma yapt\u0131. Alanyaspor i\u00e7in de ayn\u0131 \u015fekilde bir tesisin temelini att\u0131. Bu tesisler de asl\u0131nda se\u00e7imlerden \u00f6nce tamamlan\u0131p bize anahtar teslimi yap\u0131lacakt\u0131. Fakat orada 2 veya 3 ki\u015finin yerle alakal\u0131 baz\u0131 davalar\u0131n\u0131n olmas\u0131ndan dolay\u0131 yap\u0131m\u0131 1 y\u0131l uzad\u0131. Maalesef gecikmeden dolay\u0131 baz\u0131lar\u0131 se\u00e7im yat\u0131r\u0131m\u0131 oldu\u011funu d\u00fc\u015f\u00fcn\u00fcyor. Bizzat yetkililerden bunu bana s\u00f6yleyen oldu ama kesinlikle \u00f6yle bir \u015fey yok. En ba\u015f\u0131ndan sonuna kadar bu i\u015fin i\u00e7erisindeyim. Gelecek sezon taraflardan da trib\u00fcnleri doldurmas\u0131n\u0131 istiyorum. Herkesin kombine alarak tak\u0131m\u0131za destek olmas\u0131n\u0131 temenni ediyorum.\u201d<\/p>\n<p>\u201cVAR Sistemi\u2019ne her zamanda destek verece\u011fim\u201d<\/p>\n<p>VAR Sistemi\u2019ne de de\u011finen \u00c7avu\u015fo\u011flu, bu sisteme en \u00e7ok destek veren ba\u015fkanlardan birinin kendisi oldu\u011fu vurgulad\u0131. \u00c7avu\u015fo\u011flu, &#8220;VAR Sistemi\u2019ni destekleyen ba\u015fkalar\u0131n en ba\u015f\u0131nda gelenlerden birisiyim ve her zaman da destek verece\u011fim. \u00c7\u00fcnk\u00fc VAR Sistemi\u2019nden herkesin zarar\u0131 olmu\u015ftur ama ge\u00e7en y\u0131la bakt\u0131\u011f\u0131m\u0131z zaman herkese de \u00e7ok faydas\u0131 olmu\u015ftur. Tabii ki bizim ac\u0131m\u0131zdan da faydas\u0131 olmu\u015ftur. Hakem hatalar\u0131 da yanl\u0131\u015f kararlar da olabilir. Bunlar futbolun i\u00e7erisinde olan \u015feyler. Hakemler de insan. Hakemlerin \u00fcst\u00fcne gidildi\u011finde \u00e7ok daha iyi \u015feyler mi yapacaklar? Bunlar\u0131 bilin\u00e7li yap\u0131yor gibi hakemlerin \u00fczerine gitmenin ve yerden yere vurman\u0131n bir mant\u0131\u011f\u0131 yok. \u00c7\u00fcnk\u00fc bu hakemlerle biz bu yola devam edece\u011fiz\u201d ifadelerini kulland\u0131.<\/p>\n<p>Sergen Yal\u00e7\u0131n ile g\u00f6r\u00fc\u015fmeler devam ediyor<\/p>\n<p>\u2019Bir gazetecinin Sergen Yal\u00e7\u0131n ile yeni sezon da anla\u015f\u0131lma yap\u0131ld\u0131 m\u0131?\u2019 sorusunu da yan\u0131tlayan \u00c7avu\u015fo\u011flu, g\u00f6r\u00fc\u015fmenin devam etti\u011fi ve hen\u00fcz sonu\u00e7lanan bir \u015feyin olmad\u0131\u011f\u0131 bilgisini verdi.<\/p>\n","protected":false},"excerpt":{"rendered":"<p>SPOR TOTO S\u00dcPER L\u0130G 2018-2019 SEZONUNU 44 PUANLA 6. SIRADA KAPATAN AYTEM\u0130Z ALANYASPOR\u2019DA BA\u015eKAN HASAN \u00c7AVU\u015eO\u011eLU, FUTBOL TAKIMI OLARAK \u0130Y\u0130 B\u0130R SEZON GE\u00c7\u0130RD\u0130KLER\u0130N\u0130 BEL\u0130RTEREK,\u201d UEFA \u015eAMP\u0130YONLAR L\u0130G\u0130\u2019NE G\u0130TME \u015eANSIMIZ Y\u00dcKSEKT\u0130. NET\u0130CES\u0130NDE Y\u0130NEDE L\u0130G\u0130 \u0130Y\u0130 B\u0130R YERDE B\u0130T\u0130RD\u0130\u011e\u0130M\u0130Z\u0130 D\u00dc\u015e\u00dcN\u00dcYORUZ\u201d DED\u0130.<\/p>\n","protected":false},"author":1,"featured_media":163474,"comment_status":"closed","ping_status":"open","sticky":false,"template":"","format":"standard","meta":{"jetpack_post_was_ever_published":false,"_jetpack_newsletter_access":"","_jetpack_dont_email_post_to_subs":false,"_jetpack_newsletter_tier_id":0,"_jetpack_memberships_contains_paywalled_content":false,"_jetpack_memberships_contains_paid_content":false,"footnotes":"","jetpack_publicize_message":"","jetpack_publicize_feature_enabled":true,"jetpack_social_post_already_shared":true,"jetpack_social_options":{"image_generator_settings":{"template":"highway","default_image_id":0,"font":"","enabled":false},"version":2}},"categories":[657],"tags":[1499,522,523,38687,5846,192,5217,4888],"class_list":["post-163473","post","type-post","status-publish","format-standard","has-post-thumbnail","hentry","category-spor","tag-cavusoglu","tag-devam","tag-ediyor","tag-gorusmemiz","tag-hasan","tag-ile","tag-sergen","tag-yalcin"],"jetpack_publicize_connections":[],"jetpack_featured_media_url":"https:\/\/i0.wp.com\/www.tvturk.com\/wp-content\/uploads\/2019\/05\/hasan-cavusoglu-sergen-yalcin-ile-gorusmemiz-devam-ediyor_1141fd3.jpg?fit=1000%2C666","jetpack_sharing_enabled":true,"jetpack_shortlink":"https:\/\/wp.me\/paKIfm-GwF","_links":{"self":[{"href":"http:\/\/www.tvturk.com\/index.php\/wp-json\/wp\/v2\/posts\/163473","targetHints":{"allow":["GET"]}}],"collection":[{"href":"http:\/\/www.tvturk.com\/index.php\/wp-json\/wp\/v2\/posts"}],"about":[{"href":"http:\/\/www.tvturk.com\/index.php\/wp-json\/wp\/v2\/types\/post"}],"author":[{"embeddable":true,"href":"http:\/\/www.tvturk.com\/index.php\/wp-json\/wp\/v2\/users\/1"}],"replies":[{"embeddable":true,"href":"http:\/\/www.tvturk.com\/index.php\/wp-json\/wp\/v2\/comments?post=163473"}],"version-history":[{"count":0,"href":"http:\/\/www.tvturk.com\/index.php\/wp-json\/wp\/v2\/posts\/163473\/revisions"}],"wp:featuredmedia":[{"embeddable":true,"href":"http:\/\/www.tvturk.com\/index.php\/wp-json\/wp\/v2\/media\/163474"}],"wp:attachment":[{"href":"http:\/\/www.tvturk.com\/index.php\/wp-json\/wp\/v2\/media?parent=163473"}],"wp:term":[{"taxonomy":"category","embeddable":true,"href":"http:\/\/www.tvturk.com\/index.php\/wp-json\/wp\/v2\/categories?post=163473"},{"taxonomy":"post_tag","embeddable":true,"href":"http:\/\/www.tvturk.com\/index.php\/wp-json\/wp\/v2\/tags?post=163473"}],"curies":[{"name":"wp","href":"https:\/\/api.w.org\/{rel}","templated":true}]}}